{"id":1103638,"date":"2026-01-26T14:48:32","date_gmt":"2026-01-26T14:48:32","guid":{"rendered":"https:\/\/dimensionturistica.com\/es\/?p=1103638"},"modified":"2026-01-26T14:48:32","modified_gmt":"2026-01-26T14:48:32","slug":"ecolab-watermark-los-mexicanos-exigen-accion-inmediata-frente-a-la-crisis-del-agua","status":"publish","type":"post","link":"https:\/\/dimensionturistica.com\/es\/ecolab-watermark-los-mexicanos-exigen-accion-inmediata-frente-a-la-crisis-del-agua\/","title":{"rendered":"Ecolab Watermark&#x2122;, Los mexicanos exigen acci\u00f3n inmediata frente a la crisis del agua"},"content":{"rendered":"\n<p><\/p>\n\n\n\n<figure class=\"wp-block-gallery has-nested-images columns-default is-cropped wp-block-gallery-1 is-layout-flex wp-block-gallery-is-layout-flex\">\n<figure class=\"wp-block-image size-large\"><img decoding=\"async\" width=\"500\" height=\"95\" data-id=\"1103639\" src=\"https:\/\/dimensionturistica.com\/es\/wp-content\/uploads\/2026\/01\/1ECO.jpg\" alt=\"\" class=\"wp-image-1103639\" srcset=\"https:\/\/dimensionturistica.com\/es\/wp-content\/uploads\/2026\/01\/1ECO.jpg 500w, https:\/\/dimensionturistica.com\/es\/wp-content\/uploads\/2026\/01\/1ECO-300x57.jpg 300w\" sizes=\"(max-width: 500px) 100vw, 500px\" \/><\/figure>\n<\/figure>\n\n\n\n<p>Ecolab, l\u00edder mundial en sustentabilidad y proveedor de servicios y soluciones h\u00eddricas, anunci\u00f3 hoy las conclusiones de su estudio anual Ecolab Watermark&#x2122;, el cual subraya una profunda inquietud por la escasez de agua en M\u00e9xico.<\/p>\n\n\n\n<p>El di\u00e1logo, realizado en colaboraci\u00f3n con el Consejo Consultivo del Agua, cont\u00f3 con la participaci\u00f3n de figuras clave en la gesti\u00f3n h\u00eddrica, incluyendo a Ra\u00fal Rodr\u00edguez, la Mtra. Ver\u00f3nica Mart\u00ednez David, Consultora independiente en recursos h\u00eddricos y cambio clim\u00e1tico, la Mtra. Mildred Castro Hern\u00e1ndez, Coordinadora Polit\u00e9cnica para la Sustentabilidad del Instituto Polit\u00e9cnico Nacional, y el Mtro. Eduardo V\u00e1zquez Herrera, Director Ejecutivo de Agua Capital, el Fondo de Agua de la Ciudad de M\u00e9xico.<\/p>\n\n\n\n<figure class=\"wp-block-gallery has-nested-images columns-default is-cropped wp-block-gallery-2 is-layout-flex wp-block-gallery-is-layout-flex\">\n<figure class=\"wp-block-image size-large\"><img decoding=\"async\" width=\"500\" height=\"380\" data-id=\"1103640\" src=\"https:\/\/dimensionturistica.com\/es\/wp-content\/uploads\/2026\/01\/3AGUA-1.jpg\" alt=\"\" class=\"wp-image-1103640\" srcset=\"https:\/\/dimensionturistica.com\/es\/wp-content\/uploads\/2026\/01\/3AGUA-1.jpg 500w, https:\/\/dimensionturistica.com\/es\/wp-content\/uploads\/2026\/01\/3AGUA-1-300x228.jpg 300w\" sizes=\"(max-width: 500px) 100vw, 500px\" \/><\/figure>\n<\/figure>\n\n\n\n<p>Los expertos coincidieron en que la soluci\u00f3n requiere de acciones conjuntas, enfoc\u00e1ndose en la necesidad de impulsar: corresponsabilidad ciudadana, vinculaci\u00f3n academia-industria, aceleraci\u00f3n de la transferencia tecnol\u00f3gica, as\u00ed como el rol de los Fondos de Agua y Modelos de colaboraci\u00f3n p\u00fablico-privada.<\/p>\n\n\n\n<p>Ecolab Watermark&#x2122;, resultado de una encuesta global en 15 pa\u00edses \u2014incluido M\u00e9xico, subraya la cr\u00edtica situaci\u00f3n de la gesti\u00f3n h\u00eddrica. Para la mayor\u00eda de los encuestados, la garant\u00eda de acceso a agua limpia y segura ha dejado de ser una preocupaci\u00f3n futura para convertirse en una emergencia actual.<\/p>\n\n\n\n<p>Este panorama se ve exacerbado por la convergencia de sequ\u00edas, inundaciones y el auge de tecnolog\u00edas que consumen grandes cantidades de recursos, como la inteligencia artificial. Por lo tanto, el agua se posiciona como un riesgo central en la agenda tanto de M\u00e9xico como de Am\u00e9rica Latina. El 93% de los encuestados en M\u00e9xico se declara preocupado por el acceso al agua, el 91% considera que es un problema actual y el 81% percibe escasez en el pa\u00eds.<\/p>\n\n\n\n<p>\u201cLos resultados de este estudio revelan que en M\u00e9xico los consumidores reconocen el impacto del clima y la IA en el agua, exigen responsabilidad de empresas y gobiernos, y mantienen optimismo en que la escasez puede resolverse mediante innovaci\u00f3n, alianzas y h\u00e1bitos sostenibles\u201d, comenta Eduardo Jaramillo, Vicepresidente y Market Head de Ecolab para M\u00e9xico.<\/p>\n\n\n\n<p>La IA como un riesgo y una oportunidad para el estr\u00e9s h\u00eddrico global<\/p>\n\n\n\n<p>En la edici\u00f3n 2025, se identifican nuevos factores de riesgo vinculados al crecimiento de la Inteligencia Artificial (IA). El 54% de los encuestados reconoce que esta tecnolog\u00eda demanda un alto consumo de agua, y el 52% considera que su uso en operaciones de IA desv\u00eda recursos destinados al consumo humano.<\/p>\n\n\n\n<p>Aun as\u00ed, el 45% de los mexicanos conf\u00eda en que las empresas gestionar\u00e1n el agua de manera responsable, incluso sin una regulaci\u00f3n estricta. Al mismo tiempo, la regi\u00f3n reconoce el potencial de la IA como herramienta para mitigar impactos clim\u00e1ticos, siempre que se utilice con responsabilidad y bajo supervisi\u00f3n rigurosa.<\/p>\n\n\n\n<p>En esta l\u00ednea, el 68% opina que las empresas deben aplicar la IA con regulaci\u00f3n y responsabilidad para administrar de forma sostenible los recursos naturales.<\/p>\n\n\n\n<p>Gesti\u00f3n inteligente del agua<\/p>\n\n\n\n<p>En la regi\u00f3n prevalece un optimismo respecto a la posibilidad de resolver la problem\u00e1tica del agua. Sin embargo, cerca de la mitad de los encuestados en M\u00e9xico advierte que el crecimiento de la inteligencia artificial (IA) puede agravar la escasez h\u00eddrica, lo que subraya la urgencia de desarrollar tecnolog\u00edas que reduzcan el consumo de este recurso.<\/p>\n\n\n\n<p>En este escenario, la ciudadan\u00eda mexicana muestra una clara disposici\u00f3n hacia la acci\u00f3n:<\/p>\n\n\n\n<figure class=\"wp-block-gallery has-nested-images columns-default is-cropped wp-block-gallery-3 is-layout-flex wp-block-gallery-is-layout-flex\">\n<figure class=\"wp-block-image size-large\"><img decoding=\"async\" width=\"500\" height=\"281\" data-id=\"1103641\" src=\"https:\/\/dimensionturistica.com\/es\/wp-content\/uploads\/2026\/01\/4AGUA.jpg\" alt=\"\" class=\"wp-image-1103641\" srcset=\"https:\/\/dimensionturistica.com\/es\/wp-content\/uploads\/2026\/01\/4AGUA.jpg 500w, https:\/\/dimensionturistica.com\/es\/wp-content\/uploads\/2026\/01\/4AGUA-300x169.jpg 300w\" sizes=\"(max-width: 500px) 100vw, 500px\" \/><\/figure>\n<\/figure>\n\n\n\n<p>94% considera importante que gobierno y empresas destinen recursos a la conservaci\u00f3n del agua.<\/p>\n\n\n\n<p>87% ve necesario impulsar inversiones en infraestructura h\u00eddrica resiliente.<\/p>\n\n\n\n<p>83% se\u00f1ala como fundamental el desarrollo de tecnolog\u00edas que permitan reducir, reutilizar y recuperar el agua.<\/p>\n\n\n\n<p>Al mismo tiempo, 49% percibe que ya existen esfuerzos de gobiernos y empresas en estrategias de reducci\u00f3n, reutilizaci\u00f3n y reciclaje.<\/p>\n\n\n\n<p>A ello se suma que el 70% se\u00f1ala la falta de planes claros por parte de las empresas, mientras que el 73% cree necesario apoyar a organizaciones que faciliten acceso a agua limpia. Adem\u00e1s, el 67% relaciona el aumento de desastres naturales con el estr\u00e9s h\u00eddrico y coincide en que reducir el consumo tambi\u00e9n ayuda a disminuir emisiones de gases de efecto invernadero y el 54% percibe que las empresas responsables son el motor m\u00e1s impactante de cambio.<\/p>\n\n\n\n<figure class=\"wp-block-gallery has-nested-images columns-default is-cropped wp-block-gallery-4 is-layout-flex wp-block-gallery-is-layout-flex\">\n<figure class=\"wp-block-image size-large\"><img decoding=\"async\" width=\"500\" height=\"328\" data-id=\"1103642\" src=\"https:\/\/dimensionturistica.com\/es\/wp-content\/uploads\/2026\/01\/5AGUA-1.jpg\" alt=\"\" class=\"wp-image-1103642\" srcset=\"https:\/\/dimensionturistica.com\/es\/wp-content\/uploads\/2026\/01\/5AGUA-1.jpg 500w, https:\/\/dimensionturistica.com\/es\/wp-content\/uploads\/2026\/01\/5AGUA-1-300x197.jpg 300w\" sizes=\"(max-width: 500px) 100vw, 500px\" \/><\/figure>\n<\/figure>\n\n\n\n<p>\u201cLa buena noticia es que las soluciones ya est\u00e1n disponibles: desde tecnolog\u00edas que permiten reutilizar el agua en procesos industriales y comerciales, hasta sistemas de monitoreo inteligente capaces de optimizar consumos y reducir emisiones de manera simult\u00e1nea. Las empresas que decidan actuar hoy no solo contribuir\u00e1n a proteger un recurso vital para M\u00e9xico, tambi\u00e9n reforzar\u00e1n su resiliencia, su competitividad y la confianza de sus grupos de inter\u00e9s.\u201d, destaca el directivo de Ecolab.<\/p>\n\n\n\n<p>Estos hallazgos reflejan una sociedad consciente de los riesgos emergentes, pero tambi\u00e9n convencida de que la soluci\u00f3n est\u00e1 en la responsabilidad compartida y en la adopci\u00f3n de tecnolog\u00edas sostenibles<\/p>\n\n\n\n<p>Clima extremo y riesgos<\/p>\n\n\n\n<p>En M\u00e9xico, la percepci\u00f3n refleja una alta conciencia sobre la crisis h\u00eddrica: el 79% considera que el cambio clim\u00e1tico y los desastres naturales intensifican el estr\u00e9s del agua, mientras que el 83% reconoce que reducir su consumo contribuye directamente al cuidado del medio ambiente.<\/p>\n\n\n\n<p>Adem\u00e1s, el 85% muestra disposici\u00f3n a utilizar agua reciclada o reutilizada, y un contundente 88% exige que gobiernos y empresas prioricen la mitigaci\u00f3n clim\u00e1tica, evidenciando una sociedad cada vez m\u00e1s abierta a soluciones sostenibles y a la corresponsabilidad en la gesti\u00f3n de este recurso vital.<\/p>\n\n\n\n<p>\u201cEl agua ya no es un riesgo futuro: es una urgencia del presente. Las empresas y gobiernos que act\u00faen hoy no solo proteger\u00e1n un recurso cr\u00edtico, sino que tambi\u00e9n asegurar\u00e1 la confianza de los ciudadanos y la competitividad del pa\u00eds.\u201d, comenta Eduardo Jaramillo.<\/p>\n\n\n\n<figure class=\"wp-block-gallery has-nested-images columns-default is-cropped wp-block-gallery-5 is-layout-flex wp-block-gallery-is-layout-flex\">\n<figure class=\"wp-block-image size-large\"><img decoding=\"async\" width=\"1000\" height=\"509\" data-id=\"1103643\" src=\"https:\/\/dimensionturistica.com\/es\/wp-content\/uploads\/2026\/01\/Crisis-Agua-1000x509-1.jpg\" alt=\"\" class=\"wp-image-1103643\" srcset=\"https:\/\/dimensionturistica.com\/es\/wp-content\/uploads\/2026\/01\/Crisis-Agua-1000x509-1.jpg 1000w, https:\/\/dimensionturistica.com\/es\/wp-content\/uploads\/2026\/01\/Crisis-Agua-1000x509-1-300x153.jpg 300w, https:\/\/dimensionturistica.com\/es\/wp-content\/uploads\/2026\/01\/Crisis-Agua-1000x509-1-768x391.jpg 768w, https:\/\/dimensionturistica.com\/es\/wp-content\/uploads\/2026\/01\/Crisis-Agua-1000x509-1-750x382.jpg 750w\" sizes=\"(max-width: 1000px) 100vw, 1000px\" \/><\/figure>\n<\/figure>\n\n\n\n<p>El poder de las alianzas para resolver los desaf\u00edos mundiales del agua<\/p>\n\n\n\n<p>En M\u00e9xico, el 82% conf\u00eda en que la escasez de agua puede resolverse de manera efectiva. La responsabilidad de conservaci\u00f3n se percibe como compartida entre gobiernos y empresas \u2014con un 51% que se\u00f1ala a ambos actores\u2014, aunque existe la sensaci\u00f3n de que a\u00fan no hacen lo suficiente. Los consumidores, adem\u00e1s, esperan que estas instituciones financien tecnolog\u00edas de conservaci\u00f3n y adopten soluciones innovadoras que garanticen un manejo sostenible del recurso<\/p>\n\n\n\n<p>Tendencias<\/p>\n\n\n\n<p>La preocupaci\u00f3n por la escasez de agua ha disminuido, pero se mantiene la alerta sobre acceso seguro y calidad. Adem\u00e1s, la agricultura y alimentos\/bebidas siguen siendo vistos como los sectores que m\u00e1s consumen agua.<\/p>\n\n\n\n<p>Los consumidores contin\u00faan mostrando su disposici\u00f3n a modificar sus h\u00e1bitos de compra en favor de marcas m\u00e1s responsables con el medio ambiente. El 65% afirma haber dejado de adquirir o usar un producto debido a la cantidad de agua requerida para su fabricaci\u00f3n; el 78% ha cambiado hacia opciones m\u00e1s respetuosas con el entorno; y el 76% ha incrementado su fidelidad hacia aquellas marcas que demuestran un compromiso ambiental m\u00e1s s\u00f3lido. Este contexto est\u00e1 impulsando cambios concretos en el consumo y en la relaci\u00f3n de los ciudadanos con las marcas.<\/p>\n\n\n\n<p>\u201cEl mensaje de los consumidores es claro: el agua se ha vuelto un tema de confianza y de reputaci\u00f3n empresarial. Las marcas que no demuestren con hechos c\u00f3mo reducen, reutilizan y restauran el agua perder\u00e1n preferencia en un mercado que ya est\u00e1 dispuesto a cambiar de proveedor por razones de sostenibilidad. Para los mexicanos, el agua ya no es un riesgo futuro: es una urgencia del presente.\u201d, concluye el Vicepresidente y Market Head de Ecolab para M\u00e9xico, Eduardo Jaramillo.<\/p>\n","protected":false},"excerpt":{"rendered":"<p>Ecolab, l\u00edder mundial en sustentabilidad y proveedor de servicios y soluciones h\u00eddricas, anunci\u00f3 hoy las conclusiones de su estudio anual Ecolab Watermark&#x2122;, el cual subraya una profunda inquietud por la escasez de agua en M\u00e9xico. El di\u00e1logo, realizado en colaboraci\u00f3n con el Consejo Consultivo del Agua, cont\u00f3 con la participaci\u00f3n de figuras clave en la [&hellip;]<\/p>\n","protected":false},"author":1,"featured_media":0,"comment_status":"open","ping_status":"closed","sticky":false,"template":"","format":"standard","meta":{"om_disable_all_campaigns":false,"jnews-multi-image_gallery":[],"jnews_single_post":[],"jnews_primary_category":[],"jnews_social_meta":[],"footnotes":""},"categories":[40],"tags":[],"class_list":["post-1103638","post","type-post","status-publish","format-standard","hentry","category-industria"],"_links":{"self":[{"href":"https:\/\/dimensionturistica.com\/es\/wp-json\/wp\/v2\/posts\/1103638","targetHints":{"allow":["GET"]}}],"collection":[{"href":"https:\/\/dimensionturistica.com\/es\/wp-json\/wp\/v2\/posts"}],"about":[{"href":"https:\/\/dimensionturistica.com\/es\/wp-json\/wp\/v2\/types\/post"}],"author":[{"embeddable":true,"href":"https:\/\/dimensionturistica.com\/es\/wp-json\/wp\/v2\/users\/1"}],"replies":[{"embeddable":true,"href":"https:\/\/dimensionturistica.com\/es\/wp-json\/wp\/v2\/comments?post=1103638"}],"version-history":[{"count":1,"href":"https:\/\/dimensionturistica.com\/es\/wp-json\/wp\/v2\/posts\/1103638\/revisions"}],"predecessor-version":[{"id":1103644,"href":"https:\/\/dimensionturistica.com\/es\/wp-json\/wp\/v2\/posts\/1103638\/revisions\/1103644"}],"wp:attachment":[{"href":"https:\/\/dimensionturistica.com\/es\/wp-json\/wp\/v2\/media?parent=1103638"}],"wp:term":[{"taxonomy":"category","embeddable":true,"href":"https:\/\/dimensionturistica.com\/es\/wp-json\/wp\/v2\/categories?post=1103638"},{"taxonomy":"post_tag","embeddable":true,"href":"https:\/\/dimensionturistica.com\/es\/wp-json\/wp\/v2\/tags?post=1103638"}],"curies":[{"name":"wp","href":"https:\/\/api.w.org\/{rel}","templated":true}]}}