{"id":1103604,"date":"2026-01-26T14:11:49","date_gmt":"2026-01-26T14:11:49","guid":{"rendered":"https:\/\/dimensionturistica.com\/es\/?p=1103604"},"modified":"2026-01-26T14:11:49","modified_gmt":"2026-01-26T14:11:49","slug":"arranca-la-participacion-de-mexico-en-fitur-2026-como-pais-invitado-con-el-pabellon-mas-grande-de-su-historia","status":"publish","type":"post","link":"https:\/\/dimensionturistica.com\/es\/arranca-la-participacion-de-mexico-en-fitur-2026-como-pais-invitado-con-el-pabellon-mas-grande-de-su-historia\/","title":{"rendered":"Arranca la participaci\u00f3n de M\u00e9xico en Fitur 2026 como Pa\u00eds Invitado con el pabell\u00f3n m\u00e1s grande de su historia"},"content":{"rendered":"\n<figure class=\"wp-block-gallery has-nested-images columns-default is-cropped wp-block-gallery-1 is-layout-flex wp-block-gallery-is-layout-flex\">\n<figure class=\"wp-block-image size-large\"><img decoding=\"async\" width=\"500\" height=\"74\" data-id=\"1103607\" src=\"https:\/\/dimensionturistica.com\/es\/wp-content\/uploads\/2026\/01\/111SECTUR.png\" alt=\"\" class=\"wp-image-1103607\" srcset=\"https:\/\/dimensionturistica.com\/es\/wp-content\/uploads\/2026\/01\/111SECTUR.png 500w, https:\/\/dimensionturistica.com\/es\/wp-content\/uploads\/2026\/01\/111SECTUR-300x44.png 300w\" sizes=\"(max-width: 500px) 100vw, 500px\" \/><\/figure>\n<\/figure>\n\n\n\n<p>Con el corte de list\u00f3n del Pabell\u00f3n de M\u00e9xico en la Feria Internacional de Turismo (Fitur) 2026 \u2014uno de los eventos tur\u00edsticos m\u00e1s relevantes del mundo\u2014, la secretaria de Turismo del Gobierno de M\u00e9xico, Josefina Rodr\u00edguez Zamora, encabez\u00f3 la apertura oficial del pabell\u00f3n mexicano en Madrid, junto con el embajador de M\u00e9xico en Espa\u00f1a, Quirino Ordaz Coppel.<\/p>\n\n\n\n<figure class=\"wp-block-gallery has-nested-images columns-default is-cropped wp-block-gallery-2 is-layout-flex wp-block-gallery-is-layout-flex\">\n<figure class=\"wp-block-image size-large\"><img decoding=\"async\" width=\"500\" height=\"333\" data-id=\"1103608\" src=\"https:\/\/dimensionturistica.com\/es\/wp-content\/uploads\/2026\/01\/SWECTUR.jpg\" alt=\"\" class=\"wp-image-1103608\" srcset=\"https:\/\/dimensionturistica.com\/es\/wp-content\/uploads\/2026\/01\/SWECTUR.jpg 500w, https:\/\/dimensionturistica.com\/es\/wp-content\/uploads\/2026\/01\/SWECTUR-300x200.jpg 300w\" sizes=\"(max-width: 500px) 100vw, 500px\" \/><\/figure>\n<\/figure>\n\n\n\n<p>\u201cHoy M\u00e9xico se presenta unido: sector p\u00fablico, sector privado, gobiernos estatales, artesanas, artesanos, cocineras, empresarios y destinos tur\u00edsticos. Esta es la fuerza que nos caracteriza y con la que vamos a construir un futuro pr\u00f3spero para todo el pa\u00eds\u201d, afirm\u00f3.<\/p>\n\n\n\n<figure class=\"wp-block-gallery has-nested-images columns-default is-cropped wp-block-gallery-3 is-layout-flex wp-block-gallery-is-layout-flex\">\n<figure class=\"wp-block-image size-large\"><img decoding=\"async\" width=\"500\" height=\"333\" data-id=\"1103609\" src=\"https:\/\/dimensionturistica.com\/es\/wp-content\/uploads\/2026\/01\/9SECTUR-1.jpg\" alt=\"\" class=\"wp-image-1103609\" srcset=\"https:\/\/dimensionturistica.com\/es\/wp-content\/uploads\/2026\/01\/9SECTUR-1.jpg 500w, https:\/\/dimensionturistica.com\/es\/wp-content\/uploads\/2026\/01\/9SECTUR-1-300x200.jpg 300w\" sizes=\"(max-width: 500px) 100vw, 500px\" \/><\/figure>\n<\/figure>\n\n\n\n<p>La titular de la Secretar\u00eda de Turismo asegur\u00f3 que este momento materializa la visi\u00f3n del Gobierno de M\u00e9xico, impulsada por la Presidenta Claudia Sheinbaum Pardo, para consolidar al turismo como un sector estrat\u00e9gico para el desarrollo nacional, la inclusi\u00f3n social y el bienestar comunitario.<\/p>\n\n\n\n<figure class=\"wp-block-gallery has-nested-images columns-default is-cropped wp-block-gallery-4 is-layout-flex wp-block-gallery-is-layout-flex\">\n<figure class=\"wp-block-image size-large\"><img decoding=\"async\" width=\"500\" height=\"333\" data-id=\"1103610\" src=\"https:\/\/dimensionturistica.com\/es\/wp-content\/uploads\/2026\/01\/8SEECTUR.jpg\" alt=\"\" class=\"wp-image-1103610\" srcset=\"https:\/\/dimensionturistica.com\/es\/wp-content\/uploads\/2026\/01\/8SEECTUR.jpg 500w, https:\/\/dimensionturistica.com\/es\/wp-content\/uploads\/2026\/01\/8SEECTUR-300x200.jpg 300w\" sizes=\"(max-width: 500px) 100vw, 500px\" \/><\/figure>\n<\/figure>\n\n\n\n<p>\u201cM\u00e9xico est\u00e1 de moda: hay inter\u00e9s, inversi\u00f3n y conectividad, as\u00ed como un reconocimiento creciente a nuestra cultura, gastronom\u00eda, destinos y experiencias tur\u00edsticas \u00fanicas en el planeta. M\u00e9xico se presenta ante la comunidad internacional como una potencia tur\u00edstica consolidada, con una oferta diversa y ampliamente reconocida\u201d, expres\u00f3.<\/p>\n\n\n\n<p>Por su parte, Quirino Ordaz Coppel, en representaci\u00f3n de la Secretar\u00eda de Relaciones Exteriores (SRE), destac\u00f3 que la Feria Internacional de Turismo (Fitur) es el encuentro m\u00e1s relevante del sector a nivel global, en el cual M\u00e9xico participa con una presencia in\u00e9dita. \u201cSignifica hacer sentir a M\u00e9xico en todos los rincones de Espa\u00f1a y entre los espa\u00f1oles, as\u00ed como promover m\u00e1s turismo y m\u00e1s inversi\u00f3n para nuestro pa\u00eds\u201d, afirm\u00f3.<\/p>\n\n\n\n<figure class=\"wp-block-gallery has-nested-images columns-default is-cropped wp-block-gallery-5 is-layout-flex wp-block-gallery-is-layout-flex\">\n<figure class=\"wp-block-image size-large\"><img decoding=\"async\" width=\"500\" height=\"333\" data-id=\"1103611\" src=\"https:\/\/dimensionturistica.com\/es\/wp-content\/uploads\/2026\/01\/7SECTUR-2.jpg\" alt=\"\" class=\"wp-image-1103611\" srcset=\"https:\/\/dimensionturistica.com\/es\/wp-content\/uploads\/2026\/01\/7SECTUR-2.jpg 500w, https:\/\/dimensionturistica.com\/es\/wp-content\/uploads\/2026\/01\/7SECTUR-2-300x200.jpg 300w\" sizes=\"(max-width: 500px) 100vw, 500px\" \/><\/figure>\n<\/figure>\n\n\n\n<p>Asimismo, destac\u00f3 la importancia de la coordinaci\u00f3n intersectorial, el trabajo conjunto con Oficinas Centrales y la participaci\u00f3n de Embajadas y Consulados de M\u00e9xico como actores clave en la promoci\u00f3n y fortalecimiento de la agenda tur\u00edstica y de cooperaci\u00f3n.<\/p>\n\n\n\n<figure class=\"wp-block-gallery has-nested-images columns-default is-cropped wp-block-gallery-6 is-layout-flex wp-block-gallery-is-layout-flex\">\n<figure class=\"wp-block-image size-large\"><img decoding=\"async\" width=\"500\" height=\"333\" data-id=\"1103612\" src=\"https:\/\/dimensionturistica.com\/es\/wp-content\/uploads\/2026\/01\/5SECTUR-1.jpg\" alt=\"\" class=\"wp-image-1103612\" srcset=\"https:\/\/dimensionturistica.com\/es\/wp-content\/uploads\/2026\/01\/5SECTUR-1.jpg 500w, https:\/\/dimensionturistica.com\/es\/wp-content\/uploads\/2026\/01\/5SECTUR-1-300x200.jpg 300w\" sizes=\"(max-width: 500px) 100vw, 500px\" \/><\/figure>\n<\/figure>\n\n\n\n<p>Se\u00f1al\u00f3 que la representaci\u00f3n diplom\u00e1tica funge como facilitadora y gestora de encuentros con autoridades, adem\u00e1s de brindar acompa\u00f1amiento a las misiones provenientes de los distintos gobiernos estatales de M\u00e9xico. En el marco de FITUR, la Embajada, en l\u00ednea con las prioridades de pol\u00edtica exterior promueve, facilita y genera acercamientos y actividades que se materializan en oportunidades de negocio e inversi\u00f3n en materia tur\u00edstica no solo de Europa, sino del resto del mundo.<\/p>\n\n\n\n<figure class=\"wp-block-gallery has-nested-images columns-default is-cropped wp-block-gallery-7 is-layout-flex wp-block-gallery-is-layout-flex\">\n<figure class=\"wp-block-image size-large\"><img decoding=\"async\" width=\"500\" height=\"333\" data-id=\"1103613\" src=\"https:\/\/dimensionturistica.com\/es\/wp-content\/uploads\/2026\/01\/4SECTUR-3.jpg\" alt=\"\" class=\"wp-image-1103613\" srcset=\"https:\/\/dimensionturistica.com\/es\/wp-content\/uploads\/2026\/01\/4SECTUR-3.jpg 500w, https:\/\/dimensionturistica.com\/es\/wp-content\/uploads\/2026\/01\/4SECTUR-3-300x200.jpg 300w\" sizes=\"(max-width: 500px) 100vw, 500px\" \/><\/figure>\n<\/figure>\n\n\n\n<p>La titular de Sectur precis\u00f3 que Fitur 2026 re\u00fane a 156 pa\u00edses y m\u00e1s de 9 mil 500 empresas, y prev\u00e9 recibir a 250 mil visitantes internacionales del 21 al 25 de enero. En esta edici\u00f3n, M\u00e9xico participa como Pa\u00eds Invitado por primera vez, lo que amplifica su visibilidad ante los principales mercados emisores del turismo global y consolida su posicionamiento como una potencia tur\u00edstica en ascenso.<\/p>\n\n\n\n<p>Subray\u00f3 que M\u00e9xico llega a esta edici\u00f3n con una oferta tur\u00edstica integral y diversa, capaz de competir en todos los segmentos: Ciudades Patrimonio de la Humanidad, Pueblos M\u00e1gicos, playas de clase mundial, sitios arqueol\u00f3gicos, rutas gastron\u00f3micas, turismo de naturaleza, de reuniones, de bienestar, religioso, deportivo y mucho m\u00e1s. \u201cM\u00e9xico es un mosaico y aqu\u00ed est\u00e1 representado\u201d.<\/p>\n\n\n\n<figure class=\"wp-block-gallery has-nested-images columns-default is-cropped wp-block-gallery-8 is-layout-flex wp-block-gallery-is-layout-flex\">\n<figure class=\"wp-block-image size-large\"><img decoding=\"async\" width=\"500\" height=\"333\" data-id=\"1103614\" src=\"https:\/\/dimensionturistica.com\/es\/wp-content\/uploads\/2026\/01\/3SECTUR-2.jpg\" alt=\"\" class=\"wp-image-1103614\" srcset=\"https:\/\/dimensionturistica.com\/es\/wp-content\/uploads\/2026\/01\/3SECTUR-2.jpg 500w, https:\/\/dimensionturistica.com\/es\/wp-content\/uploads\/2026\/01\/3SECTUR-2-300x200.jpg 300w\" sizes=\"(max-width: 500px) 100vw, 500px\" \/><\/figure>\n<\/figure>\n\n\n\n<p>Asimismo, destac\u00f3 que la participaci\u00f3n de M\u00e9xico como Pa\u00eds Invitado en Fitur 2026 constituye un punto de encuentro estrat\u00e9gico para fortalecer la promoci\u00f3n internacional, impulsar la conectividad a\u00e9rea, generar nuevas oportunidades comerciales y seguir construyendo un turismo que beneficie a las comunidades, bajo el compromiso de avanzar con unidad, reconociendo la diversidad del pa\u00eds y asegurando Prosperidad Compartida para quienes sostienen al sector tur\u00edstico.<\/p>\n\n\n\n<p>El pabell\u00f3n M\u00e9xico es un espacio inmersivo e interactivo donde se presentan regiones tur\u00edsticas, Pueblos M\u00e1gicos y una oferta diversificada de destinos, as\u00ed como celebraciones emblem\u00e1ticas. Participan las 32 Entidades Federativas, destacando su respectiva riqueza tur\u00edstica, cultural y gastron\u00f3mica, en el que se configura como la exposici\u00f3n m\u00e1s grande de la zona de las Am\u00e9ricas con m\u00e1s de 1,800 metros cuadrados.<\/p>\n\n\n\n<p>Destaca que el pa\u00eds incorpora un \u00e1rea especial dedicada a las ciudades mexicanas que ser\u00e1n sedes de la Copa Mundial de la FIFA 2026: Ciudad de M\u00e9xico, Guadalajara y Monterrey, con el objetivo de aprovechar la condici\u00f3n de naci\u00f3n anfitriona y atraer parte de los 5.5 millones de visitantes adicionales esperados durante el evento deportivo.<\/p>\n\n\n\n<p>Adem\u00e1s de las Secretar\u00edas de Turismo y de Relaciones Exteriores asistieron a este arranque de actividades: las gobernadoras y gobernadores de Baja California, Marina del Pilar \u00c1vila Olmeda; de Guanajuato, Libia Denisse Garc\u00eda Mu\u00f1oz Ledo; de Jalisco, Jes\u00fas Pablo Lemus Navarro; de Quer\u00e9taro, Mauricio Kuri Gonz\u00e1lez; de Quintana Roo, Mara Lezama Espinosa; y de Tlaxcala, Lorena Cu\u00e9llar Cisneros.<\/p>\n\n\n\n<figure class=\"wp-block-gallery has-nested-images columns-default is-cropped wp-block-gallery-9 is-layout-flex wp-block-gallery-is-layout-flex\">\n<figure class=\"wp-block-image size-large\"><img decoding=\"async\" width=\"500\" height=\"333\" data-id=\"1103615\" src=\"https:\/\/dimensionturistica.com\/es\/wp-content\/uploads\/2026\/01\/2SECTUR-3.jpg\" alt=\"\" class=\"wp-image-1103615\" srcset=\"https:\/\/dimensionturistica.com\/es\/wp-content\/uploads\/2026\/01\/2SECTUR-3.jpg 500w, https:\/\/dimensionturistica.com\/es\/wp-content\/uploads\/2026\/01\/2SECTUR-3-300x200.jpg 300w\" sizes=\"(max-width: 500px) 100vw, 500px\" \/><\/figure>\n<\/figure>\n\n\n\n<p>Durante el corte de list\u00f3n se cont\u00f3 tambi\u00e9n con la presencia del director general de Fonatur, Sebasti\u00e1n Ram\u00edrez Mendoza; la presidenta de la Comisi\u00f3n de Turismo en la C\u00e1mara de Diputados, Tania Palacios Kuri; as\u00ed como secretarias, secretarios y representantes de las 32 Secretar\u00edas de Turismo, entre otros.<\/p>\n\n\n\n<p>El Gobierno de M\u00e9xico mantiene su compromiso con el crecimiento sostenido del turismo para la generaci\u00f3n de Prosperidad Compartida, mediante iniciativas interinstitucionales de diplomacia p\u00fablica y tur\u00edstica en el exterior.<\/p>\n","protected":false},"excerpt":{"rendered":"<p>Con el corte de list\u00f3n del Pabell\u00f3n de M\u00e9xico en la Feria Internacional de Turismo (Fitur) 2026 \u2014uno de los eventos tur\u00edsticos m\u00e1s relevantes del mundo\u2014, la secretaria de Turismo del Gobierno de M\u00e9xico, Josefina Rodr\u00edguez Zamora, encabez\u00f3 la apertura oficial del pabell\u00f3n mexicano en Madrid, junto con el embajador de M\u00e9xico en Espa\u00f1a, Quirino [&hellip;]<\/p>\n","protected":false},"author":1,"featured_media":0,"comment_status":"open","ping_status":"closed","sticky":false,"template":"","format":"standard","meta":{"om_disable_all_campaigns":false,"jnews-multi-image_gallery":[],"jnews_single_post":[],"jnews_primary_category":[],"jnews_social_meta":[],"footnotes":""},"categories":[39],"tags":[],"class_list":["post-1103604","post","type-post","status-publish","format-standard","hentry","category-viajes"],"_links":{"self":[{"href":"https:\/\/dimensionturistica.com\/es\/wp-json\/wp\/v2\/posts\/1103604","targetHints":{"allow":["GET"]}}],"collection":[{"href":"https:\/\/dimensionturistica.com\/es\/wp-json\/wp\/v2\/posts"}],"about":[{"href":"https:\/\/dimensionturistica.com\/es\/wp-json\/wp\/v2\/types\/post"}],"author":[{"embeddable":true,"href":"https:\/\/dimensionturistica.com\/es\/wp-json\/wp\/v2\/users\/1"}],"replies":[{"embeddable":true,"href":"https:\/\/dimensionturistica.com\/es\/wp-json\/wp\/v2\/comments?post=1103604"}],"version-history":[{"count":1,"href":"https:\/\/dimensionturistica.com\/es\/wp-json\/wp\/v2\/posts\/1103604\/revisions"}],"predecessor-version":[{"id":1103616,"href":"https:\/\/dimensionturistica.com\/es\/wp-json\/wp\/v2\/posts\/1103604\/revisions\/1103616"}],"wp:attachment":[{"href":"https:\/\/dimensionturistica.com\/es\/wp-json\/wp\/v2\/media?parent=1103604"}],"wp:term":[{"taxonomy":"category","embeddable":true,"href":"https:\/\/dimensionturistica.com\/es\/wp-json\/wp\/v2\/categories?post=1103604"},{"taxonomy":"post_tag","embeddable":true,"href":"https:\/\/dimensionturistica.com\/es\/wp-json\/wp\/v2\/tags?post=1103604"}],"curies":[{"name":"wp","href":"https:\/\/api.w.org\/{rel}","templated":true}]}}