{"id":1103577,"date":"2026-01-26T13:39:24","date_gmt":"2026-01-26T13:39:24","guid":{"rendered":"https:\/\/dimensionturistica.com\/es\/?p=1103577"},"modified":"2026-01-26T13:39:24","modified_gmt":"2026-01-26T13:39:24","slug":"merida-fortalece-su-proyeccion-internacional-en-el-segundo","status":"publish","type":"post","link":"https:\/\/dimensionturistica.com\/es\/merida-fortalece-su-proyeccion-internacional-en-el-segundo\/","title":{"rendered":"M\u00e9rida fortalece su proyecci\u00f3n internacional en el segundo"},"content":{"rendered":"\n<figure class=\"wp-block-gallery has-nested-images columns-default is-cropped wp-block-gallery-1 is-layout-flex wp-block-gallery-is-layout-flex\">\n<figure class=\"wp-block-image size-large\"><img decoding=\"async\" width=\"500\" height=\"500\" data-id=\"1103578\" src=\"https:\/\/dimensionturistica.com\/es\/wp-content\/uploads\/2026\/01\/1MERIDA.jpg\" alt=\"\" class=\"wp-image-1103578\" srcset=\"https:\/\/dimensionturistica.com\/es\/wp-content\/uploads\/2026\/01\/1MERIDA.jpg 500w, https:\/\/dimensionturistica.com\/es\/wp-content\/uploads\/2026\/01\/1MERIDA-300x300.jpg 300w, https:\/\/dimensionturistica.com\/es\/wp-content\/uploads\/2026\/01\/1MERIDA-150x150.jpg 150w, https:\/\/dimensionturistica.com\/es\/wp-content\/uploads\/2026\/01\/1MERIDA-75x75.jpg 75w, https:\/\/dimensionturistica.com\/es\/wp-content\/uploads\/2026\/01\/1MERIDA-350x350.jpg 350w\" sizes=\"(max-width: 500px) 100vw, 500px\" \/><\/figure>\n<\/figure>\n\n\n\n<p>En el segundo d\u00eda de actividades de la Feria Internacional de Turismo (FITUR), la ciudad de M\u00e9rida sostuvo encuentros con representantes de los estados anfitriones del Mundial de Futbol 2026 en M\u00e9xico, consolidando v\u00ednculos estrat\u00e9gicos que abren nuevas oportunidades para la promoci\u00f3n tur\u00edstica de la capital yucateca en el marco del evento deportivo m\u00e1s importante del mundo.<\/p>\n\n\n\n<figure class=\"wp-block-gallery has-nested-images columns-default is-cropped wp-block-gallery-2 is-layout-flex wp-block-gallery-is-layout-flex\">\n<figure class=\"wp-block-image size-large\"><img decoding=\"async\" width=\"500\" height=\"737\" data-id=\"1103581\" src=\"https:\/\/dimensionturistica.com\/es\/wp-content\/uploads\/2026\/01\/2MERIDA.jpg\" alt=\"\" class=\"wp-image-1103581\" srcset=\"https:\/\/dimensionturistica.com\/es\/wp-content\/uploads\/2026\/01\/2MERIDA.jpg 500w, https:\/\/dimensionturistica.com\/es\/wp-content\/uploads\/2026\/01\/2MERIDA-204x300.jpg 204w\" sizes=\"(max-width: 500px) 100vw, 500px\" \/><\/figure>\n<\/figure>\n\n\n\n<p>Durante la jornada, se estableci\u00f3 di\u00e1logo con las entidades que recibir\u00e1n partidos del Mundial \u2014Ciudad de M\u00e9xico, Guadalajara y Monterrey\u2014 con el objetivo de impulsar acciones conjuntas que posicionan a M\u00e9rida como la mejor opci\u00f3n para visitar entre partidos, gracias a su oferta cultural, gastron\u00f3mica y de experiencias \u00fanicas.<\/p>\n\n\n\n<p>M\u00e9rida destaca por su conectividad a\u00e9rea directa con las tres sedes mundialistas en M\u00e9xico, as\u00ed como con importantes ciudades de Norteam\u00e9rica como Toronto, Miami y Houston, lo que la convierte en un destino estrat\u00e9gico para los aficionados nacionales e internacionales que buscar\u00e1n ampliar su experiencia durante la Copa del Mundo 2026.<\/p>\n\n\n\n<figure class=\"wp-block-gallery has-nested-images columns-default is-cropped wp-block-gallery-3 is-layout-flex wp-block-gallery-is-layout-flex\">\n<figure class=\"wp-block-image size-large\"><img decoding=\"async\" width=\"500\" height=\"552\" data-id=\"1103582\" src=\"https:\/\/dimensionturistica.com\/es\/wp-content\/uploads\/2026\/01\/3MERIDA.jpg\" alt=\"\" class=\"wp-image-1103582\" srcset=\"https:\/\/dimensionturistica.com\/es\/wp-content\/uploads\/2026\/01\/3MERIDA.jpg 500w, https:\/\/dimensionturistica.com\/es\/wp-content\/uploads\/2026\/01\/3MERIDA-272x300.jpg 272w\" sizes=\"(max-width: 500px) 100vw, 500px\" \/><\/figure>\n<\/figure>\n\n\n\n<p>La participaci\u00f3n de M\u00e9rida en FITUR refrenda el compromiso de seguir promoviendo a la ciudad en los principales foros internacionales, fortaleciendo alianzas y posicion\u00e1ndose como un destino competitivo, accesible y preparado para recibir al turismo global que generar\u00e1 el Mundial.<\/p>\n","protected":false},"excerpt":{"rendered":"<p>En el segundo d\u00eda de actividades de la Feria Internacional de Turismo (FITUR), la ciudad de M\u00e9rida sostuvo encuentros con representantes de los estados anfitriones del Mundial de Futbol 2026 en M\u00e9xico, consolidando v\u00ednculos estrat\u00e9gicos que abren nuevas oportunidades para la promoci\u00f3n tur\u00edstica de la capital yucateca en el marco del evento deportivo m\u00e1s importante [&hellip;]<\/p>\n","protected":false},"author":1,"featured_media":0,"comment_status":"open","ping_status":"closed","sticky":false,"template":"","format":"standard","meta":{"om_disable_all_campaigns":false,"jnews-multi-image_gallery":[],"jnews_single_post":[],"jnews_primary_category":[],"jnews_social_meta":[],"footnotes":""},"categories":[39],"tags":[],"class_list":["post-1103577","post","type-post","status-publish","format-standard","hentry","category-viajes"],"_links":{"self":[{"href":"https:\/\/dimensionturistica.com\/es\/wp-json\/wp\/v2\/posts\/1103577","targetHints":{"allow":["GET"]}}],"collection":[{"href":"https:\/\/dimensionturistica.com\/es\/wp-json\/wp\/v2\/posts"}],"about":[{"href":"https:\/\/dimensionturistica.com\/es\/wp-json\/wp\/v2\/types\/post"}],"author":[{"embeddable":true,"href":"https:\/\/dimensionturistica.com\/es\/wp-json\/wp\/v2\/users\/1"}],"replies":[{"embeddable":true,"href":"https:\/\/dimensionturistica.com\/es\/wp-json\/wp\/v2\/comments?post=1103577"}],"version-history":[{"count":1,"href":"https:\/\/dimensionturistica.com\/es\/wp-json\/wp\/v2\/posts\/1103577\/revisions"}],"predecessor-version":[{"id":1103586,"href":"https:\/\/dimensionturistica.com\/es\/wp-json\/wp\/v2\/posts\/1103577\/revisions\/1103586"}],"wp:attachment":[{"href":"https:\/\/dimensionturistica.com\/es\/wp-json\/wp\/v2\/media?parent=1103577"}],"wp:term":[{"taxonomy":"category","embeddable":true,"href":"https:\/\/dimensionturistica.com\/es\/wp-json\/wp\/v2\/categories?post=1103577"},{"taxonomy":"post_tag","embeddable":true,"href":"https:\/\/dimensionturistica.com\/es\/wp-json\/wp\/v2\/tags?post=1103577"}],"curies":[{"name":"wp","href":"https:\/\/api.w.org\/{rel}","templated":true}]}}