{"id":1103531,"date":"2026-01-26T11:55:28","date_gmt":"2026-01-26T11:55:28","guid":{"rendered":"https:\/\/dimensionturistica.com\/es\/?p=1103531"},"modified":"2026-01-26T11:55:28","modified_gmt":"2026-01-26T11:55:28","slug":"especialistas-globales-evaluan-las-repercusiones-de-la-normativa-sobre-paquetes-turisticos-en-un-evento-de-la-asociacion","status":"publish","type":"post","link":"https:\/\/dimensionturistica.com\/es\/especialistas-globales-evaluan-las-repercusiones-de-la-normativa-sobre-paquetes-turisticos-en-un-evento-de-la-asociacion\/","title":{"rendered":"Especialistas globales eval\u00faan las repercusiones de la normativa sobre paquetes tur\u00edsticos en un evento de la asociaci\u00f3n"},"content":{"rendered":"<h3>La Revoluci\u00f3n de los Viajes Combinados: Un Nuevo Paradigma para el Turismo<\/h3>\n<p>En un mundo donde el turismo est\u00e1 en constante evoluci\u00f3n, la reciente revisi\u00f3n de la directiva de viajes combinados ha suscitado un ferviente debate entre expertos internacionales. Este cambio no solo afecta a las agencias y operadores tur\u00edsticos, sino que tambi\u00e9n repercute directamente en los viajeros y su experiencia.<\/p>\n<h4>Cambios que Marcan la Diferencia<\/h4>\n<p>La nueva normativa tiene como objetivo adaptar la regulaci\u00f3n de los viajes combinados a las necesidades y expectativas actuales de los consumidores. En un contexto en el que la digitalizaci\u00f3n ha transformado la manera en que planificamos y disfrutamos de nuestras escapadas, las directrices deben seguir el ritmo.<\/p>\n<p>Los expertos presentes en un reciente foro sobre el impacto de esta directiva han enfatizado la importancia de ofrecer mayor transparencia y protecci\u00f3n a los viajeros. Esto incluye la obligaci\u00f3n de que las empresas brinden informaci\u00f3n clara sobre los servicios incluidos, as\u00ed como las condiciones de cancelaci\u00f3n y reembolso.<\/p>\n<h4>Un Oc\u00e9ano de Oportunidades<\/h4>\n<p>El impacto de estas modificaciones va m\u00e1s all\u00e1 de mejorar la experiencia del usuario. Los profesionales del sector ven en este cambio una oportunidad para reinventar la manera en que se ofrecen los productos tur\u00edsticos. A medida que los consumidores buscan experiencias m\u00e1s personalizadas y \u00fanicas, las agencias de viajes deben adaptarse a esta demanda.<\/p>\n<p>La flexibilidad se convierte en la protagonista, permitiendo a los viajeros combinar diferentes servicios de manera m\u00e1s sencilla, ya sea un vuelo a una ciudad ex\u00f3tica junto con una estancia en un hotel boutique o un paquete que incluya actividades locales. La clave radica en brindar opciones a medida que se ajusten a los intereses y presupuestos de cada individuo.<\/p>\n<h4>Protecci\u00f3n del Consumidor: Un Pilar Fundamental<\/h4>\n<p>Uno de los aspectos m\u00e1s discutidos en el encuentro ha sido la necesidad de salvaguardar los derechos de los consumidores. La nueva directiva pone un fuerte \u00e9nfasis en la responsabilidad de las empresas tur\u00edsticas, asegurando que los viajeros est\u00e9n protegidos en caso de imprevistos. En un sector que ha visto crisis como la pandemia, esta seguridad se traduce en confianza y tranquilidad a la hora de planificar un viaje.<\/p>\n<h4>Un Futuro Prometedor<\/h4>\n<p>A medida que se implementen estas regulaciones, el futuro del turismo parece m\u00e1s brillante. Las agencias y operadores tendr\u00e1n la oportunidad de innovar y explorar nuevos modelos de negocio que se alineen con las expectativas de unos consumidores cada vez m\u00e1s exigentes.<\/p>\n<p>Adem\u00e1s, con un enfoque renovado en el servicio al cliente y la sostenibilidad, el sector tur\u00edstico se prepara para dar un paso firme hacia un modelo m\u00e1s responsable y consciente. Esto no solo beneficiar\u00e1 a las empresas, sino que tambi\u00e9n promete enriquecer la experiencia de los viajeros, convirtiendo sus sue\u00f1os tur\u00edsticos en realidades inolvidables.<\/p>\n<h4>Conclusi\u00f3n<\/h4>\n<p>En este vibrante escenario, los cambios en la legislaci\u00f3n de viajes combinados abren un abanico de posibilidades que no solo transforman la oferta tur\u00edstica, sino que tambi\u00e9n redefinen la relaci\u00f3n entre consumidores y proveedores. Es un momento emocionante para el turismo, donde la adaptabilidad, la transparencia y la responsabilidad juegan un papel m\u00e1s crucial que nunca. La invitaci\u00f3n est\u00e1 hecha: exploremos juntos este nuevo mundo de oportunidades.<\/p>\n<p><em> &#8221; Sources www.europapress.es &#8221; <\/em><\/p>\n","protected":false},"excerpt":{"rendered":"<p>La Revoluci\u00f3n de los Viajes Combinados: Un Nuevo Paradigma para el Turismo En un mundo donde el turismo est\u00e1 en constante evoluci\u00f3n, la reciente revisi\u00f3n de la directiva de viajes combinados ha suscitado un ferviente debate entre expertos internacionales. Este cambio no solo afecta a las agencias y operadores tur\u00edsticos, sino que tambi\u00e9n repercute directamente [&hellip;]<\/p>\n","protected":false},"author":4,"featured_media":1103532,"comment_status":"open","ping_status":"closed","sticky":false,"template":"","format":"standard","meta":{"om_disable_all_campaigns":false,"jnews-multi-image_gallery":[],"jnews_single_post":[],"jnews_primary_category":[],"jnews_social_meta":[],"footnotes":""},"categories":[40],"tags":[3505,35494,724,199299,738,196134,32762,544,4029,11327],"class_list":["post-1103531","post","type-post","status-publish","format-standard","has-post-thumbnail","hentry","category-industria","tag-analisis","tag-directiva","tag-eventos","tag-expertos-internacionales","tag-impacto","tag-legislaciones","tag-regulaciones","tag-turismo","tag-unav","tag-viajes-combinados"],"_links":{"self":[{"href":"https:\/\/dimensionturistica.com\/es\/wp-json\/wp\/v2\/posts\/1103531","targetHints":{"allow":["GET"]}}],"collection":[{"href":"https:\/\/dimensionturistica.com\/es\/wp-json\/wp\/v2\/posts"}],"about":[{"href":"https:\/\/dimensionturistica.com\/es\/wp-json\/wp\/v2\/types\/post"}],"author":[{"embeddable":true,"href":"https:\/\/dimensionturistica.com\/es\/wp-json\/wp\/v2\/users\/4"}],"replies":[{"embeddable":true,"href":"https:\/\/dimensionturistica.com\/es\/wp-json\/wp\/v2\/comments?post=1103531"}],"version-history":[{"count":1,"href":"https:\/\/dimensionturistica.com\/es\/wp-json\/wp\/v2\/posts\/1103531\/revisions"}],"predecessor-version":[{"id":1103533,"href":"https:\/\/dimensionturistica.com\/es\/wp-json\/wp\/v2\/posts\/1103531\/revisions\/1103533"}],"wp:featuredmedia":[{"embeddable":true,"href":"https:\/\/dimensionturistica.com\/es\/wp-json\/wp\/v2\/media\/1103532"}],"wp:attachment":[{"href":"https:\/\/dimensionturistica.com\/es\/wp-json\/wp\/v2\/media?parent=1103531"}],"wp:term":[{"taxonomy":"category","embeddable":true,"href":"https:\/\/dimensionturistica.com\/es\/wp-json\/wp\/v2\/categories?post=1103531"},{"taxonomy":"post_tag","embeddable":true,"href":"https:\/\/dimensionturistica.com\/es\/wp-json\/wp\/v2\/tags?post=1103531"}],"curies":[{"name":"wp","href":"https:\/\/api.w.org\/{rel}","templated":true}]}}