{"id":1103359,"date":"2026-01-25T22:42:27","date_gmt":"2026-01-25T22:42:27","guid":{"rendered":"https:\/\/dimensionturistica.com\/es\/?p=1103359"},"modified":"2026-01-25T22:42:27","modified_gmt":"2026-01-25T22:42:27","slug":"combinaciones-de-tonalidades-con-prendas-negras-para-crear-atuendos-sofisticados-en-febrero-de-2026","status":"publish","type":"post","link":"https:\/\/dimensionturistica.com\/es\/combinaciones-de-tonalidades-con-prendas-negras-para-crear-atuendos-sofisticados-en-febrero-de-2026\/","title":{"rendered":"Combinaciones de tonalidades con prendas negras para crear atuendos sofisticados en febrero de 2026."},"content":{"rendered":"<h3>El Arte de Combinar el Negro en Febrero<\/h3>\n<p>Febrero es el mes en el que la moda comienza a florecer, pero, \u00bfqui\u00e9n dice que el negro no puede ser protagonista? Este cl\u00e1sico atemporal no solo es elegante, sino que tambi\u00e9n ofrece infinitas posibilidades de combinaci\u00f3n. Este art\u00edculo explora las tendencias m\u00e1s impactantes para lucir ropa negra en este mes tan significativo.<\/p>\n<h4>1. <strong>El Poder del Negro en la Paleta de Colores<\/strong><\/h4>\n<p>La simpleza del negro permite que otros colores brillen. Este mes, las combinaciones que capturan la atenci\u00f3n se centran en tonos vibrantes como el rojo y el azul el\u00e9ctrico. La fuerza del rojo aporta un contraste audaz, mientras que el azul el\u00e9ctrico a\u00f1ade un toque de frescura inesperada. \u00bfQui\u00e9n no desear\u00eda ser el centro de todas las miradas?<\/p>\n<h4>2. <strong>Neutros y tonos tierra: Un toque de elegancia<\/strong><\/h4>\n<p>Otra combinaci\u00f3n que est\u00e1 tomando fuerza es el uso de tonos neutros y tierra. Colores como el beige, el gris y el marr\u00f3n no solo suavizan la intensidad del negro, sino que crean un look equilibrado y sereno. Adem\u00e1s, esta paleta se adapta tanto a eventos formales como a ocasiones m\u00e1s relajadas, convirti\u00e9ndola en una opci\u00f3n vers\u00e1til.<\/p>\n<h4>3. <strong>Estampados audaces: Jugando con el contraste<\/strong><\/h4>\n<p>Incorporar estampados es una estrategia brillante para darle vida al negro. Esta temporada, los motivos florales y geom\u00e9tricos est\u00e1n en la cima de las tendencias. Un vestido negro con un estampado de flores vibrantes o una chaqueta de cuero con detalles geom\u00e9tricos puede transformar cualquier outfit sencillo en una declaraci\u00f3n de estilo. La clave est\u00e1 en elegir patrones que marquen la diferencia.<\/p>\n<h4>4. <strong>Metalizados: Az\u00facar y sal en una prenda<\/strong><\/h4>\n<p>Los tonos metalizados son la tendencia perfecta para dar un giro inesperado a cualquier look negro. Ya sea con accesorios en dorado o plateado, o incluso prendas enteras, estos acabados luminosos elevan cualquier conjunto, aportando un brillo especial que es ideal para la noche.<\/p>\n<h4>5. <strong>Texturas que cuentan historias<\/strong><\/h4>\n<p>La textura es un elemento fundamental en la moda, y en febrero, el negro se reinventar\u00e1 a trav\u00e9s de diferentes tejidos. Encajes, terciopelos y pieles pueden ser la soluci\u00f3n perfecta para enriquecer la paleta. Un conjunto negro con diferentes texturas no solo aporta profundidad, sino que tambi\u00e9n le da un car\u00e1cter \u00fanico al outfit.<\/p>\n<h4>6. <strong>Accesorios: El toque final que hace la diferencia<\/strong><\/h4>\n<p>No hay look completo sin los accesorios adecuados. Para este febrero, opta por complementos que a\u00f1adan un toque de color o un brillo met\u00e1lico. Bolsos de colores vivos, bufandas estampadas y joyer\u00eda llamativa son los aliados perfectos para cualquier outfit negro. Recuerda, los detalles marcan la diferencia.<\/p>\n<h3>Conclusi\u00f3n<\/h3>\n<p>El negro es una opci\u00f3n que todos podemos asumir en febrero, gracias a su versatilidad y elegancia. Experimentar con diferentes combinaciones y texturas permite crear outfits irresistibles, perfectos para cualquier ocasi\u00f3n. Atr\u00e9vete a jugar con estos consejos y convi\u00e9rtete en una aut\u00e9ntica ic\u00f3nica de la moda este mes. \u00a1Tu estilo negro nunca hab\u00eda brillado tanto!<\/p>\n<p><em> &#8221; Fuentes www.vogue.mx &#8221; <\/em><\/p>\n","protected":false},"excerpt":{"rendered":"<p>El Arte de Combinar el Negro en Febrero Febrero es el mes en el que la moda comienza a florecer, pero, \u00bfqui\u00e9n dice que el negro no puede ser protagonista? Este cl\u00e1sico atemporal no solo es elegante, sino que tambi\u00e9n ofrece infinitas posibilidades de combinaci\u00f3n. Este art\u00edculo explora las tendencias m\u00e1s impactantes para lucir ropa [&hellip;]<\/p>\n","protected":false},"author":14,"featured_media":1103360,"comment_status":"open","ping_status":"closed","sticky":false,"template":"","format":"standard","meta":{"om_disable_all_campaigns":false,"jnews-multi-image_gallery":[],"jnews_single_post":[],"jnews_primary_category":[],"jnews_social_meta":[],"footnotes":""},"categories":[144872],"tags":[193073,224923,186485,7758,202367,265219,265220,14970,265218,142911,2182,55622,373],"class_list":["post-1103359","post","type-post","status-publish","format-standard","has-post-thumbnail","hentry","category-fashion","tag-_msn_feed","tag-combinaciones-de-colores","tag-consejos-de-moda","tag-estilo","tag-looks-elegantes","tag-moda-febrero-2026","tag-ninos-de-moda","tag-outfits","tag-ropa-negra","tag-splitscreenimageleftinset","tag-tendencias","tag-vestimenta","tag-web"],"_links":{"self":[{"href":"https:\/\/dimensionturistica.com\/es\/wp-json\/wp\/v2\/posts\/1103359","targetHints":{"allow":["GET"]}}],"collection":[{"href":"https:\/\/dimensionturistica.com\/es\/wp-json\/wp\/v2\/posts"}],"about":[{"href":"https:\/\/dimensionturistica.com\/es\/wp-json\/wp\/v2\/types\/post"}],"author":[{"embeddable":true,"href":"https:\/\/dimensionturistica.com\/es\/wp-json\/wp\/v2\/users\/14"}],"replies":[{"embeddable":true,"href":"https:\/\/dimensionturistica.com\/es\/wp-json\/wp\/v2\/comments?post=1103359"}],"version-history":[{"count":1,"href":"https:\/\/dimensionturistica.com\/es\/wp-json\/wp\/v2\/posts\/1103359\/revisions"}],"predecessor-version":[{"id":1103361,"href":"https:\/\/dimensionturistica.com\/es\/wp-json\/wp\/v2\/posts\/1103359\/revisions\/1103361"}],"wp:featuredmedia":[{"embeddable":true,"href":"https:\/\/dimensionturistica.com\/es\/wp-json\/wp\/v2\/media\/1103360"}],"wp:attachment":[{"href":"https:\/\/dimensionturistica.com\/es\/wp-json\/wp\/v2\/media?parent=1103359"}],"wp:term":[{"taxonomy":"category","embeddable":true,"href":"https:\/\/dimensionturistica.com\/es\/wp-json\/wp\/v2\/categories?post=1103359"},{"taxonomy":"post_tag","embeddable":true,"href":"https:\/\/dimensionturistica.com\/es\/wp-json\/wp\/v2\/tags?post=1103359"}],"curies":[{"name":"wp","href":"https:\/\/api.w.org\/{rel}","templated":true}]}}