{"id":1103327,"date":"2026-01-25T21:09:13","date_gmt":"2026-01-25T21:09:13","guid":{"rendered":"https:\/\/dimensionturistica.com\/es\/?p=1103327"},"modified":"2026-01-25T21:09:13","modified_gmt":"2026-01-25T21:09:13","slug":"asi-se-alisto-valentina-ferrer-para-la-pasarela-de-willy-chavarria-en-la-semana-de-la-moda-de-paris","status":"publish","type":"post","link":"https:\/\/dimensionturistica.com\/es\/asi-se-alisto-valentina-ferrer-para-la-pasarela-de-willy-chavarria-en-la-semana-de-la-moda-de-paris\/","title":{"rendered":"As\u00ed se alist\u00f3 Valentina Ferrer para la pasarela de Willy Chavarria en la Semana de la Moda de Par\u00eds."},"content":{"rendered":"<h3>La Revoluci\u00f3n Estil\u00edstica de Valentina Ferrer en la Pasarela de Willy Chavarria<\/h3>\n<p>La pasarela de Par\u00eds se convierte una vez m\u00e1s en el epicentro de la moda global, y esta vez se viste de audacia e identidad cultural gracias a la colaboraci\u00f3n entre Willy Chavarria y la impresionante Valentina Ferrer. En un desfile que ha capturado la atenci\u00f3n de cr\u00edticos y amantes de la moda, Ferrer no solo brill\u00f3 como modelo, sino que tambi\u00e9n entreg\u00f3 un poderoso mensaje de inclusi\u00f3n y autenticidad.<\/p>\n<h4>Un Escenario Visual Efectivo<\/h4>\n<p>El desfile comenz\u00f3 con una ambientaci\u00f3n que recordaba a las calles de Nueva York en los a\u00f1os 90, donde la fusi\u00f3n de culturas y estilos fue el himno de una generaci\u00f3n. Las grandes pantallas proyectaron im\u00e1genes que complementaron la propuesta est\u00e9tica: un viaje visual que hizo eco de la rica herencia multicultural que caracteriza al dise\u00f1ador. En este contexto, Valentina Ferrer, con su imponente figura y carisma indiscutible, se apoder\u00f3 de la pasarela, convirti\u00e9ndose en el referente del concepto de &#8220;belleza diversa&#8221;.<\/p>\n<h4>Vanguardia y Ra\u00edces Culturales<\/h4>\n<p>Chavarria, reconocido por su habilidad para entrelazar elementos de su herencia mexicana en cada colecci\u00f3n, esta vez apost\u00f3 por una paleta de colores vibrantes y cortes innovadores. En este marco, Ferrer luci\u00f3 piezas que no solo destacaron su belleza, sino que tambi\u00e9n honraron las ra\u00edces latinas, utilizando texturas y siluetas que celebraban la forma del cuerpo femenino.<\/p>\n<p>Las modelos desfilaban con una seguridad que resonaba profundamente, cada paso una declaraci\u00f3n de poder. Este desfile, donde la moda se transforma en un veh\u00edculo de comunicaci\u00f3n social, reafirma la importancia de la diversidad en el mundo contempor\u00e1neo. <\/p>\n<h4>La Influencia de las Redes Sociales<\/h4>\n<p>El impacto de este desfile ha sido amplificado por las redes sociales. Im\u00e1genes y v\u00eddeos circulan como un torbellino, capturando los momentos m\u00e1s memorables de la experiencia. Ferrer, cuya presencia en plataformas digitales ha ido en aumento, logr\u00f3 conectar con una audiencia global que se siente identificada con su historia y estilo. Las publicaciones relacionadas al evento no solo se limitan a la est\u00e9tica visual, sino que tambi\u00e9n giran en torno a la conversaci\u00f3n sobre la inclusi\u00f3n en la industria de la moda.<\/p>\n<h4>M\u00e1s All\u00e1 de la Moda<\/h4>\n<p>Sin duda, la presentaci\u00f3n de Willy Chavarria en la Semana de la Moda de Par\u00eds define un nuevo cap\u00edtulo en la narrativa contempor\u00e1nea de la moda. La elecci\u00f3n de Valentina Ferrer como musa para esta colecci\u00f3n no es casualidad, sino una declaraci\u00f3n consciente hacia la aceptaci\u00f3n y la diversidad en un mundo donde cada vez m\u00e1s se busca una representaci\u00f3n fiel de la sociedad. <\/p>\n<p>Con cada modelo que desfilaba, el mensaje era claro: la moda es un arte que debe reflejar la pluralidad de voces y experiencias que conforman nuestro mundo. La alianza entre Ferrer y Chavarria se configura no solo como una revelaci\u00f3n estil\u00edstica, sino como un llamado a la acci\u00f3n dentro de una industria en constante evoluci\u00f3n.<\/p>\n<h4>Un Futuro Brillante<\/h4>\n<p>El cierre de este desfile, cargado de energ\u00eda y simbolismo, deja a los espectadores ansiosos por lo que vendr\u00e1. La combinaci\u00f3n de visiones entre Valentina Ferrer y Willy Chavarria promete seguir rompiendo barreras. La moda, como espejo de la sociedad, sigue avanzando hacia un futuro donde la diversidad no solo es aceptada, sino celebrada.<\/p>\n<p>Este desfile se erige como un hito en la memoria colectiva de la moda, marcando un paso significativo hacia una verdadera inclusividad. En el mundo del dise\u00f1o, cada instante cuenta, y por esta raz\u00f3n, la historia apenas comienza. Con sus ra\u00edces profundas y una visi\u00f3n clara, Ferrer y Chavarria invitan a todos a unirse a esta celebraci\u00f3n de la vida, la cultura y, sobre todo, la moda.<\/p>\n<p><em> &#8221; Fuentes www.vogue.mx &#8221; <\/em><\/p>\n","protected":false},"excerpt":{"rendered":"<p>La Revoluci\u00f3n Estil\u00edstica de Valentina Ferrer en la Pasarela de Willy Chavarria La pasarela de Par\u00eds se convierte una vez m\u00e1s en el epicentro de la moda global, y esta vez se viste de audacia e identidad cultural gracias a la colaboraci\u00f3n entre Willy Chavarria y la impresionante Valentina Ferrer. En un desfile que ha [&hellip;]<\/p>\n","protected":false},"author":14,"featured_media":1103328,"comment_status":"open","ping_status":"closed","sticky":false,"template":"","format":"standard","meta":{"om_disable_all_campaigns":false,"jnews-multi-image_gallery":[],"jnews_single_post":[],"jnews_primary_category":[],"jnews_social_meta":[],"footnotes":""},"categories":[144872],"tags":[6446,9760,175193,7758,146884,659,214561,204909,15103,2182,265208,205444],"class_list":["post-1103327","post","type-post","status-publish","format-standard","has-post-thumbnail","hentry","category-fashion","tag-celebridades","tag-desfile","tag-diseno-de-moda","tag-estilo","tag-fashion-show","tag-moda","tag-otono-invierno-2026","tag-paris-fashion-week","tag-preparacion","tag-tendencias","tag-valentina-ferrer","tag-willy-chavarria"],"_links":{"self":[{"href":"https:\/\/dimensionturistica.com\/es\/wp-json\/wp\/v2\/posts\/1103327","targetHints":{"allow":["GET"]}}],"collection":[{"href":"https:\/\/dimensionturistica.com\/es\/wp-json\/wp\/v2\/posts"}],"about":[{"href":"https:\/\/dimensionturistica.com\/es\/wp-json\/wp\/v2\/types\/post"}],"author":[{"embeddable":true,"href":"https:\/\/dimensionturistica.com\/es\/wp-json\/wp\/v2\/users\/14"}],"replies":[{"embeddable":true,"href":"https:\/\/dimensionturistica.com\/es\/wp-json\/wp\/v2\/comments?post=1103327"}],"version-history":[{"count":1,"href":"https:\/\/dimensionturistica.com\/es\/wp-json\/wp\/v2\/posts\/1103327\/revisions"}],"predecessor-version":[{"id":1103329,"href":"https:\/\/dimensionturistica.com\/es\/wp-json\/wp\/v2\/posts\/1103327\/revisions\/1103329"}],"wp:featuredmedia":[{"embeddable":true,"href":"https:\/\/dimensionturistica.com\/es\/wp-json\/wp\/v2\/media\/1103328"}],"wp:attachment":[{"href":"https:\/\/dimensionturistica.com\/es\/wp-json\/wp\/v2\/media?parent=1103327"}],"wp:term":[{"taxonomy":"category","embeddable":true,"href":"https:\/\/dimensionturistica.com\/es\/wp-json\/wp\/v2\/categories?post=1103327"},{"taxonomy":"post_tag","embeddable":true,"href":"https:\/\/dimensionturistica.com\/es\/wp-json\/wp\/v2\/tags?post=1103327"}],"curies":[{"name":"wp","href":"https:\/\/api.w.org\/{rel}","templated":true}]}}