{"id":1103283,"date":"2026-01-25T19:34:07","date_gmt":"2026-01-25T19:34:07","guid":{"rendered":"https:\/\/dimensionturistica.com\/es\/?p=1103283"},"modified":"2026-01-25T19:34:07","modified_gmt":"2026-01-25T19:34:07","slug":"chihuahua-lanza-en-madrid-su-campana-internacional-rumbo-al-mundial-2026-en-el-marco-de-fitur","status":"publish","type":"post","link":"https:\/\/dimensionturistica.com\/es\/chihuahua-lanza-en-madrid-su-campana-internacional-rumbo-al-mundial-2026-en-el-marco-de-fitur\/","title":{"rendered":"Chihuahua lanza en Madrid su campa\u00f1a internacional rumbo al Mundial 2026 en el marco de FITUR."},"content":{"rendered":"\n<figure class=\"wp-block-gallery has-nested-images columns-default is-cropped wp-block-gallery-1 is-layout-flex wp-block-gallery-is-layout-flex\">\n<figure class=\"wp-block-image size-large\"><img decoding=\"async\" width=\"500\" height=\"333\" data-id=\"1103285\" src=\"https:\/\/dimensionturistica.com\/es\/wp-content\/uploads\/2026\/01\/33CHIHU.jpg\" alt=\"\" class=\"wp-image-1103285\" srcset=\"https:\/\/dimensionturistica.com\/es\/wp-content\/uploads\/2026\/01\/33CHIHU.jpg 500w, https:\/\/dimensionturistica.com\/es\/wp-content\/uploads\/2026\/01\/33CHIHU-300x200.jpg 300w\" sizes=\"(max-width: 500px) 100vw, 500px\" \/><\/figure>\n<\/figure>\n\n\n\n<p>El estado mexicano de Chihuahua present\u00f3 su nueva campa\u00f1a de promoci\u00f3n tur\u00edstica internacional en la Casa de Am\u00e9rica de Madrid, con una estrategia enfocada en posicionar al destino a nivel global de cara al Mundial de F\u00fatbol 2026, as\u00ed como en el fortalecimiento de alianzas con la industria tur\u00edstica europea.<\/p>\n\n\n\n<p>El evento reuni\u00f3 a 80 invitados estrat\u00e9gicos provenientes de la cadena de distribuci\u00f3n tur\u00edstica de Espa\u00f1a, medios de comunicaci\u00f3n especializados y l\u00edderes de opini\u00f3n del sector, consolid\u00e1ndose como una plataforma clave para proyectar la riqueza natural, cultural y experiencial del estado m\u00e1s grande de M\u00e9xico.<\/p>\n\n\n\n<figure class=\"wp-block-gallery has-nested-images columns-default is-cropped wp-block-gallery-2 is-layout-flex wp-block-gallery-is-layout-flex\">\n<figure class=\"wp-block-image size-large\"><img decoding=\"async\" width=\"500\" height=\"333\" data-id=\"1103288\" src=\"https:\/\/dimensionturistica.com\/es\/wp-content\/uploads\/2026\/01\/5CHIHU.jpg\" alt=\"\" class=\"wp-image-1103288\" srcset=\"https:\/\/dimensionturistica.com\/es\/wp-content\/uploads\/2026\/01\/5CHIHU.jpg 500w, https:\/\/dimensionturistica.com\/es\/wp-content\/uploads\/2026\/01\/5CHIHU-300x200.jpg 300w\" sizes=\"(max-width: 500px) 100vw, 500px\" \/><\/figure>\n<\/figure>\n\n\n\n<p>La presentaci\u00f3n fue encabezada por el secretario de Turismo del estado de Chihuahua, Edibray G\u00f3mez Gallegos, quien destac\u00f3 que la entidad se prepara para recibir a viajeros internacionales que buscar\u00e1n extender su experiencia m\u00e1s all\u00e1 de las sedes mundialistas, ofreciendo un portafolio diverso de productos tur\u00edsticos \u00fanicos.<\/p>\n\n\n\n<p>Durante el evento se subray\u00f3 el valor emblem\u00e1tico de las Barrancas del Cobre, un sistema de ca\u00f1ones cuatro veces m\u00e1s grande que el Gran Ca\u00f1\u00f3n del Colorado, reconocido por sus paisajes extremos, su biodiversidad y experiencias de aventura de clase mundial, como una de las tirolinas m\u00e1s largas del planeta, suspendida a m\u00e1s de 2,700 metros sobre el nivel del mar. Chihuahua se presenta as\u00ed como un destino que transforma con cada estaci\u00f3n del a\u00f1o, ofreciendo escenarios nevados en invierno y paisajes verdes en verano.<\/p>\n\n\n\n<figure class=\"wp-block-gallery has-nested-images columns-default is-cropped wp-block-gallery-3 is-layout-flex wp-block-gallery-is-layout-flex\">\n<figure class=\"wp-block-image size-large\"><img decoding=\"async\" width=\"500\" height=\"750\" data-id=\"1103290\" src=\"https:\/\/dimensionturistica.com\/es\/wp-content\/uploads\/2026\/01\/4CHIHU.jpg\" alt=\"\" class=\"wp-image-1103290\" srcset=\"https:\/\/dimensionturistica.com\/es\/wp-content\/uploads\/2026\/01\/4CHIHU.jpg 500w, https:\/\/dimensionturistica.com\/es\/wp-content\/uploads\/2026\/01\/4CHIHU-200x300.jpg 200w\" sizes=\"(max-width: 500px) 100vw, 500px\" \/><\/figure>\n<\/figure>\n\n\n\n<p>Asimismo, destac\u00f3 el valor el Chepe Express, uno de los recorridos ferroviarios m\u00e1s espectaculares de Am\u00e9rica Latina, que conecta la ciudad de Chihuahua con el Pac\u00edfico mexicano atravesando pueblos de arquitectura tradicional y paisajes naturales \u00fanicos. Este tren tur\u00edstico, con opciones de lujo y terrazas panor\u00e1micas, se consolida como una experiencia imperdible para el viajero internacional.<\/p>\n\n\n\n<figure class=\"wp-block-gallery has-nested-images columns-default is-cropped wp-block-gallery-4 is-layout-flex wp-block-gallery-is-layout-flex\">\n<figure class=\"wp-block-image size-large\"><img decoding=\"async\" width=\"500\" height=\"333\" data-id=\"1103291\" src=\"https:\/\/dimensionturistica.com\/es\/wp-content\/uploads\/2026\/01\/1CHIHU.jpg\" alt=\"\" class=\"wp-image-1103291\" srcset=\"https:\/\/dimensionturistica.com\/es\/wp-content\/uploads\/2026\/01\/1CHIHU.jpg 500w, https:\/\/dimensionturistica.com\/es\/wp-content\/uploads\/2026\/01\/1CHIHU-300x200.jpg 300w\" sizes=\"(max-width: 500px) 100vw, 500px\" \/><\/figure>\n<\/figure>\n\n\n\n<p>Como parte de su estrategia de conectividad, se destac\u00f3 la facilidad de acceso desde Europa, gracias a los vuelos directos entre Madrid y Ciudad de M\u00e9xico, Guadalajara y Monterrey, con conectividad a Chihuahua en menos de dos horas; y las conexiones a\u00e9reas directas entre Dallas y Chihuahua.<\/p>\n\n\n\n<figure class=\"wp-block-gallery has-nested-images columns-default is-cropped wp-block-gallery-5 is-layout-flex wp-block-gallery-is-layout-flex\">\n<figure class=\"wp-block-image size-large\"><img decoding=\"async\" width=\"500\" height=\"333\" data-id=\"1103292\" src=\"https:\/\/dimensionturistica.com\/es\/wp-content\/uploads\/2026\/01\/44CJIHU.jpg\" alt=\"\" class=\"wp-image-1103292\" srcset=\"https:\/\/dimensionturistica.com\/es\/wp-content\/uploads\/2026\/01\/44CJIHU.jpg 500w, https:\/\/dimensionturistica.com\/es\/wp-content\/uploads\/2026\/01\/44CJIHU-300x200.jpg 300w\" sizes=\"(max-width: 500px) 100vw, 500px\" \/><\/figure>\n<\/figure>\n\n\n\n<p>El acto se realiz\u00f3 en el emblem\u00e1tico Palacio de Linares, conocido como Casa de Am\u00e9rica, quienes junto con sus representantes y directivos resaltaron el potencial tur\u00edstico de Chihuahua como un destino que aporta una visi\u00f3n diversa y complementaria a la oferta tradicional de M\u00e9xico, adem\u00e1s de su relevancia como motor econ\u00f3mico y herramienta de proyecci\u00f3n cultural.<\/p>\n\n\n\n<figure class=\"wp-block-gallery has-nested-images columns-default is-cropped wp-block-gallery-6 is-layout-flex wp-block-gallery-is-layout-flex\">\n<figure class=\"wp-block-image size-large\"><img decoding=\"async\" width=\"500\" height=\"333\" data-id=\"1103293\" src=\"https:\/\/dimensionturistica.com\/es\/wp-content\/uploads\/2026\/01\/55CHIHU.jpg\" alt=\"\" class=\"wp-image-1103293\" srcset=\"https:\/\/dimensionturistica.com\/es\/wp-content\/uploads\/2026\/01\/55CHIHU.jpg 500w, https:\/\/dimensionturistica.com\/es\/wp-content\/uploads\/2026\/01\/55CHIHU-300x200.jpg 300w\" sizes=\"(max-width: 500px) 100vw, 500px\" \/><\/figure>\n<\/figure>\n\n\n\n<p>Uno de los momentos m\u00e1s significativos de la velada fue la entrega de galardones a empresas tur\u00edsticas y promotores clave para el destino, quienes fueron reconocidos como Embajadores de Chihuahua por su contribuci\u00f3n a la promoci\u00f3n del destino en los mercados internacionales. Este reconocimiento refuerza el compromiso del estado con sus socios estrat\u00e9gicos y su apuesta por una promoci\u00f3n colaborativa y de largo plazo.<\/p>\n\n\n\n<figure class=\"wp-block-gallery has-nested-images columns-default is-cropped wp-block-gallery-7 is-layout-flex wp-block-gallery-is-layout-flex\">\n<figure class=\"wp-block-image size-large\"><img decoding=\"async\" width=\"500\" height=\"333\" data-id=\"1103295\" src=\"https:\/\/dimensionturistica.com\/es\/wp-content\/uploads\/2026\/01\/6CHIHU.jpg\" alt=\"\" class=\"wp-image-1103295\" srcset=\"https:\/\/dimensionturistica.com\/es\/wp-content\/uploads\/2026\/01\/6CHIHU.jpg 500w, https:\/\/dimensionturistica.com\/es\/wp-content\/uploads\/2026\/01\/6CHIHU-300x200.jpg 300w\" sizes=\"(max-width: 500px) 100vw, 500px\" \/><\/figure>\n<\/figure>\n\n\n\n<p>El evento cont\u00f3 tambi\u00e9n con la presencia de corredores rar\u00e1muri, s\u00edmbolo vivo de la identidad, resistencia y herencia cultural de Chihuahua, que aportaron un mensaje aut\u00e9ntico sobre la conexi\u00f3n entre territorio, cultura y turismo.<\/p>\n\n\n\n<p>Con este lanzamiento en Madrid, Chihuahua reafirma su posicionamiento como un destino diverso, aut\u00e9ntico y preparado para recibir al turismo internacional en uno de los momentos de mayor visibilidad global para M\u00e9xico.<\/p>\n\n\n\n<figure class=\"wp-block-gallery has-nested-images columns-default is-cropped wp-block-gallery-8 is-layout-flex wp-block-gallery-is-layout-flex\">\n<figure class=\"wp-block-image size-large\"><img decoding=\"async\" width=\"500\" height=\"333\" data-id=\"1103298\" src=\"https:\/\/dimensionturistica.com\/es\/wp-content\/uploads\/2026\/01\/11CHIHU.jpg\" alt=\"\" class=\"wp-image-1103298\" srcset=\"https:\/\/dimensionturistica.com\/es\/wp-content\/uploads\/2026\/01\/11CHIHU.jpg 500w, https:\/\/dimensionturistica.com\/es\/wp-content\/uploads\/2026\/01\/11CHIHU-300x200.jpg 300w\" sizes=\"(max-width: 500px) 100vw, 500px\" \/><\/figure>\n<\/figure>\n","protected":false},"excerpt":{"rendered":"<p>El estado mexicano de Chihuahua present\u00f3 su nueva campa\u00f1a de promoci\u00f3n tur\u00edstica internacional en la Casa de Am\u00e9rica de Madrid, con una estrategia enfocada en posicionar al destino a nivel global de cara al Mundial de F\u00fatbol 2026, as\u00ed como en el fortalecimiento de alianzas con la industria tur\u00edstica europea. El evento reuni\u00f3 a 80 [&hellip;]<\/p>\n","protected":false},"author":1,"featured_media":0,"comment_status":"open","ping_status":"closed","sticky":false,"template":"","format":"standard","meta":{"om_disable_all_campaigns":false,"jnews-multi-image_gallery":[],"jnews_single_post":[],"jnews_primary_category":[],"jnews_social_meta":[],"footnotes":""},"categories":[39],"tags":[],"class_list":["post-1103283","post","type-post","status-publish","format-standard","hentry","category-viajes"],"_links":{"self":[{"href":"https:\/\/dimensionturistica.com\/es\/wp-json\/wp\/v2\/posts\/1103283","targetHints":{"allow":["GET"]}}],"collection":[{"href":"https:\/\/dimensionturistica.com\/es\/wp-json\/wp\/v2\/posts"}],"about":[{"href":"https:\/\/dimensionturistica.com\/es\/wp-json\/wp\/v2\/types\/post"}],"author":[{"embeddable":true,"href":"https:\/\/dimensionturistica.com\/es\/wp-json\/wp\/v2\/users\/1"}],"replies":[{"embeddable":true,"href":"https:\/\/dimensionturistica.com\/es\/wp-json\/wp\/v2\/comments?post=1103283"}],"version-history":[{"count":1,"href":"https:\/\/dimensionturistica.com\/es\/wp-json\/wp\/v2\/posts\/1103283\/revisions"}],"predecessor-version":[{"id":1103299,"href":"https:\/\/dimensionturistica.com\/es\/wp-json\/wp\/v2\/posts\/1103283\/revisions\/1103299"}],"wp:attachment":[{"href":"https:\/\/dimensionturistica.com\/es\/wp-json\/wp\/v2\/media?parent=1103283"}],"wp:term":[{"taxonomy":"category","embeddable":true,"href":"https:\/\/dimensionturistica.com\/es\/wp-json\/wp\/v2\/categories?post=1103283"},{"taxonomy":"post_tag","embeddable":true,"href":"https:\/\/dimensionturistica.com\/es\/wp-json\/wp\/v2\/tags?post=1103283"}],"curies":[{"name":"wp","href":"https:\/\/api.w.org\/{rel}","templated":true}]}}