{"id":1103239,"date":"2026-01-25T17:33:51","date_gmt":"2026-01-25T17:33:51","guid":{"rendered":"https:\/\/dimensionturistica.com\/es\/?p=1103239"},"modified":"2026-01-25T17:33:51","modified_gmt":"2026-01-25T17:33:51","slug":"bajo-el-concepto-consentirte-se-siente-bonito-la-marca-de-cuidado-personal-de-grupo-grisi-busca-conectar-emocionalmente-con-las-consumidoras-mexicanas","status":"publish","type":"post","link":"https:\/\/dimensionturistica.com\/es\/bajo-el-concepto-consentirte-se-siente-bonito-la-marca-de-cuidado-personal-de-grupo-grisi-busca-conectar-emocionalmente-con-las-consumidoras-mexicanas\/","title":{"rendered":"Bajo el concepto \u201cConsentirte se siente bonito\u201d, la marca de cuidado personal de Grupo Grisi, busca conectar emocionalmente con las consumidoras mexicanas."},"content":{"rendered":"\n<figure class=\"wp-block-gallery has-nested-images columns-default is-cropped wp-block-gallery-1 is-layout-flex wp-block-gallery-is-layout-flex\">\n<figure class=\"wp-block-image size-large\"><img decoding=\"async\" width=\"460\" height=\"240\" data-id=\"1103240\" src=\"https:\/\/dimensionturistica.com\/es\/wp-content\/uploads\/2026\/01\/1CREMA-1.jpg\" alt=\"\" class=\"wp-image-1103240\" srcset=\"https:\/\/dimensionturistica.com\/es\/wp-content\/uploads\/2026\/01\/1CREMA-1.jpg 460w, https:\/\/dimensionturistica.com\/es\/wp-content\/uploads\/2026\/01\/1CREMA-1-300x157.jpg 300w\" sizes=\"(max-width: 460px) 100vw, 460px\" \/><\/figure>\n<\/figure>\n\n\n\n<p>En una industria donde la funcionalidad suele primar sobre la emoci\u00f3n, Hinds, la marca referente en el segmento de cremas corporales en M\u00e9xico, presenta su m\u00e1s reciente campa\u00f1a: \u201cConsentirte se siente bonito\u201d. La iniciativa no solo responde a una necesidad estacional, sino que eleva el acto de hidrataci\u00f3n a un nivel de ritual de bienestar y amor propio, aline\u00e1ndose con una de las tendencias m\u00e1s fuertes de este a\u00f1o.<\/p>\n\n\n\n<figure class=\"wp-block-gallery has-nested-images columns-default is-cropped wp-block-gallery-2 is-layout-flex wp-block-gallery-is-layout-flex\">\n<figure class=\"wp-block-image size-large\"><img decoding=\"async\" width=\"500\" height=\"297\" data-id=\"1103241\" src=\"https:\/\/dimensionturistica.com\/es\/wp-content\/uploads\/2026\/01\/2CREMA.jpg\" alt=\"\" class=\"wp-image-1103241\" srcset=\"https:\/\/dimensionturistica.com\/es\/wp-content\/uploads\/2026\/01\/2CREMA.jpg 500w, https:\/\/dimensionturistica.com\/es\/wp-content\/uploads\/2026\/01\/2CREMA-300x178.jpg 300w\" sizes=\"(max-width: 500px) 100vw, 500px\" \/><\/figure>\n<\/figure>\n\n\n\n<p>La estrategia de Hinds llega en un momento donde las marcas de consumo masivo est\u00e1n migrando de una comunicaci\u00f3n basada puramente en la funcionalidad del producto hacia una comunicaci\u00f3n emocional y que viva en la omnicanalidad. \u201cEn 2026, la prioridad ya no es solo vender un producto, sino invitar al consumidor a vivir experiencias significativas. En este caso, Hinds transforma una necesidad b\u00e1sica \u2014Hidratar tu piel \u2014 en una experiencia de introspecci\u00f3n y cuidado personal, reforzando el v\u00ednculo afectivo con una audiencia que busca en sus marcas aliadas momentos de calma y auto-apapacho&#8221;, comparte Rosalba \u00c1lvarez, Brand Manager de Hinds.<\/p>\n\n\n\n<p>La campa\u00f1a \u201cConsentirte se siente bonito\u201d, se despliega a trav\u00e9s de un plan de medios 360\u00b0 que busca capturar a la consumidora en diferentes puntos de contacto:<\/p>\n\n\n\n<p>Televisi\u00f3n y CTV: Presencia robusta en TV abierta, de paga y Connected TV.<\/p>\n\n\n\n<figure class=\"wp-block-gallery has-nested-images columns-default is-cropped wp-block-gallery-3 is-layout-flex wp-block-gallery-is-layout-flex\">\n<figure class=\"wp-block-image size-large\"><img decoding=\"async\" width=\"500\" height=\"375\" data-id=\"1103242\" src=\"https:\/\/dimensionturistica.com\/es\/wp-content\/uploads\/2026\/01\/3CREMA-1.jpg\" alt=\"\" class=\"wp-image-1103242\" srcset=\"https:\/\/dimensionturistica.com\/es\/wp-content\/uploads\/2026\/01\/3CREMA-1.jpg 500w, https:\/\/dimensionturistica.com\/es\/wp-content\/uploads\/2026\/01\/3CREMA-1-300x225.jpg 300w\" sizes=\"(max-width: 500px) 100vw, 500px\" \/><\/figure>\n<\/figure>\n\n\n\n<p>Digital: Estrategia segmentada en redes sociales para fomentar la interacci\u00f3n.<\/p>\n\n\n\n<p>OOH: Impactos en v\u00eda p\u00fablica para acompa\u00f1ar el trayecto diario de las usuarias.<\/p>\n\n\n\n<p>Desde la marca, el enfoque es claro: la piel sufre desaf\u00edos diariamente y la respuesta debe ser inspiracional. \u201cConsentirte se siente bonito es nuestra invitaci\u00f3n a las personas a escuchar y atender las necesidades de su cuerpo, especialmente cuando la rutina exige un esfuerzo extra\u201d, comenta \u00c1lvarez.<\/p>\n\n\n\n<p>Finalmente, Hinds refuerza su ventaja competitiva en el mercado masivo con el respaldo de la Profeco, que ha reconocido nuevamente su l\u00ednea para piel seca como una de las m\u00e1s humectantes y accesibles, con un costo menor a los $80 pesos. Con este movimiento, Hinds se consolida como una marca que entiende tanto la econom\u00eda como la importancia del bienestar a trav\u00e9s de las emociones.<\/p>\n","protected":false},"excerpt":{"rendered":"<p>En una industria donde la funcionalidad suele primar sobre la emoci\u00f3n, Hinds, la marca referente en el segmento de cremas corporales en M\u00e9xico, presenta su m\u00e1s reciente campa\u00f1a: \u201cConsentirte se siente bonito\u201d. La iniciativa no solo responde a una necesidad estacional, sino que eleva el acto de hidrataci\u00f3n a un nivel de ritual de bienestar [&hellip;]<\/p>\n","protected":false},"author":1,"featured_media":0,"comment_status":"open","ping_status":"closed","sticky":false,"template":"","format":"standard","meta":{"om_disable_all_campaigns":false,"jnews-multi-image_gallery":[],"jnews_single_post":{"format":"standard"},"jnews_primary_category":[],"jnews_social_meta":[],"footnotes":""},"categories":[144872],"tags":[],"class_list":["post-1103239","post","type-post","status-publish","format-standard","hentry","category-fashion"],"_links":{"self":[{"href":"https:\/\/dimensionturistica.com\/es\/wp-json\/wp\/v2\/posts\/1103239","targetHints":{"allow":["GET"]}}],"collection":[{"href":"https:\/\/dimensionturistica.com\/es\/wp-json\/wp\/v2\/posts"}],"about":[{"href":"https:\/\/dimensionturistica.com\/es\/wp-json\/wp\/v2\/types\/post"}],"author":[{"embeddable":true,"href":"https:\/\/dimensionturistica.com\/es\/wp-json\/wp\/v2\/users\/1"}],"replies":[{"embeddable":true,"href":"https:\/\/dimensionturistica.com\/es\/wp-json\/wp\/v2\/comments?post=1103239"}],"version-history":[{"count":1,"href":"https:\/\/dimensionturistica.com\/es\/wp-json\/wp\/v2\/posts\/1103239\/revisions"}],"predecessor-version":[{"id":1103243,"href":"https:\/\/dimensionturistica.com\/es\/wp-json\/wp\/v2\/posts\/1103239\/revisions\/1103243"}],"wp:attachment":[{"href":"https:\/\/dimensionturistica.com\/es\/wp-json\/wp\/v2\/media?parent=1103239"}],"wp:term":[{"taxonomy":"category","embeddable":true,"href":"https:\/\/dimensionturistica.com\/es\/wp-json\/wp\/v2\/categories?post=1103239"},{"taxonomy":"post_tag","embeddable":true,"href":"https:\/\/dimensionturistica.com\/es\/wp-json\/wp\/v2\/tags?post=1103239"}],"curies":[{"name":"wp","href":"https:\/\/api.w.org\/{rel}","templated":true}]}}