{"id":1103215,"date":"2026-01-25T16:31:49","date_gmt":"2026-01-25T16:31:49","guid":{"rendered":"https:\/\/dimensionturistica.com\/es\/?p=1103215"},"modified":"2026-01-25T16:31:49","modified_gmt":"2026-01-25T16:31:49","slug":"fitur-2026-concluye-su-edicion-reafirmando-su-posicion-de-liderazgo-global","status":"publish","type":"post","link":"https:\/\/dimensionturistica.com\/es\/fitur-2026-concluye-su-edicion-reafirmando-su-posicion-de-liderazgo-global\/","title":{"rendered":"Fitur 2026 concluye su edici\u00f3n reafirmando su posici\u00f3n de liderazgo global."},"content":{"rendered":"<h3>Fitur 2026: Hacia un Futuro Tur\u00edstico Sostenible<\/h3>\n<p>El turismo, uno de los sectores m\u00e1s din\u00e1micos y resilientes del mundo, volvi\u00f3 a brillar con fuerza en la reciente Feria Internacional de Turismo (Fitur) 2026. Este evento, que se ha consolidado como uno de los m\u00e1s importantes a nivel global, no solo reuni\u00f3 a cientos de profesionales del sector, sino que tambi\u00e9n sirvi\u00f3 de plataforma para debatir sobre el futuro del turismo y las estrategias para un desarrollo sostenible.<\/p>\n<p><strong>Un Escenario Global en Transformaci\u00f3n<\/strong><\/p>\n<p>La feria, celebrada en Madrid, captur\u00f3 la atenci\u00f3n de miles de asistentes, desde tour operadores hasta representantes de destinos tur\u00edsticos, quienes se dieron cita para compartir experiencias y visiones. La tem\u00e1tica de este a\u00f1o gir\u00f3 en torno a la sostenibilidad, la innovaci\u00f3n tecnol\u00f3gica y la importancia de crear un turismo m\u00e1s inclusivo y accesible. Este enfoque refleja la creciente conciencia sobre el impacto que tiene la industria en el medio ambiente y en las comunidades locales.<\/p>\n<p><strong>Innovaciones al Servicio del Viajero<\/strong><\/p>\n<p>Un aspecto destacado durante el evento fue el uso de la tecnolog\u00eda como herramienta fundamental para enriquecer la experiencia del viajero. Desde aplicaciones m\u00f3viles que permiten personalizar itinerarios hasta plataformas de realidad virtual que ofrecen un adelanto de los destinos, las innovaciones digitales se presentan como aliadas que facilitan una planificaci\u00f3n m\u00e1s eficiente y atractiva.<\/p>\n<p><strong>Nuevas Propuestas para el Turismo Responsable<\/strong><\/p>\n<p>La Fitur 2026 tambi\u00e9n fue un espacio para presentar iniciativas que buscan que el turismo sea un motor de desarrollo social y econ\u00f3mico. Se promovieron proyectos que fomentan la conservaci\u00f3n del patrimonio cultural y natural, as\u00ed como programas que valorizan la autenticidad de cada destino. Estos esfuerzos buscan no solo atraer visitantes, sino tambi\u00e9n contribuir al bienestar y la sostenibilidad de las comunidades que los acogen.<\/p>\n<p><strong>Globalizaci\u00f3n y Localizaci\u00f3n: Un Equilibrio Necesario<\/strong><\/p>\n<p>Uno de los debates m\u00e1s enriquecedores de la feria fue sobre la necesidad de equilibrar la globalizaci\u00f3n de la industria con la b\u00fasqueda de experiencias locales aut\u00e9nticas. Los turistas de hoy est\u00e1n en b\u00fasqueda de algo m\u00e1s que solo visitar un lugar; quieren sumergirse en la cultura, conocer a las personas y disfrutar de la gastronom\u00eda regional. Esta tendencia ha llevado a muchos destinos a replantear su oferta, creando paquetes que privilegian la experiencia local sobre el turismo masivo.<\/p>\n<p><strong>Una Mirada al Futuro<\/strong><\/p>\n<p>A medida que Fitur 2026 cerr\u00f3 sus puertas, una sensaci\u00f3n de optimismo inund\u00f3 el ambiente. La industria del turismo, aunque desafiante, demostr\u00f3 tener un potencial inmenso para reinventarse y adaptarse a las nuevas demandas de los viajeros. Los acuerdos y alianzas forjadas durante el evento prometen una colaboraci\u00f3n que har\u00e1 frente a los retos del ma\u00f1ana, construyendo un sector m\u00e1s fuerte, inclusivo y sostenible.<\/p>\n<p>Las lecciones aprendidas en esta edici\u00f3n de Fitur son invaluables. El compromiso hacia un turismo responsable no solo beneficiar\u00e1 a la industria, sino que tambi\u00e9n asegurar\u00e1 que futuras generaciones puedan disfrutar de los vastos y diversos recursos que nuestro planeta tiene para ofrecer. As\u00ed, el camino trazado en Madrid podr\u00eda convertirse en la hoja de ruta para un turismo m\u00e1s consciente y transformador, que celebra la diversidad y promueve el respeto. <\/p>\n<p>Con un futuro lleno de posibilidades, es claro que la industria est\u00e1 lista para seguir explorando nuevos horizontes, y Fitur ser\u00e1, sin duda, un faro que guiar\u00e1 la traves\u00eda hacia un nuevo paradigma tur\u00edstico.<\/p>\n<p><em> &#8221; Fuentes www.larazon.es &#8221; <\/em><\/p>\n","protected":false},"excerpt":{"rendered":"<p>Fitur 2026: Hacia un Futuro Tur\u00edstico Sostenible El turismo, uno de los sectores m\u00e1s din\u00e1micos y resilientes del mundo, volvi\u00f3 a brillar con fuerza en la reciente Feria Internacional de Turismo (Fitur) 2026. Este evento, que se ha consolidado como uno de los m\u00e1s importantes a nivel global, no solo reuni\u00f3 a cientos de profesionales [&hellip;]<\/p>\n","protected":false},"author":4,"featured_media":1103216,"comment_status":"open","ping_status":"closed","sticky":false,"template":"","format":"standard","meta":{"om_disable_all_campaigns":false,"jnews-multi-image_gallery":[],"jnews_single_post":[],"jnews_primary_category":[],"jnews_social_meta":[],"footnotes":""},"categories":[39],"tags":[11663,724,1061,223934,604,1416,7173,2859,544,545],"class_list":["post-1103215","post","type-post","status-publish","format-standard","has-post-thumbnail","hentry","category-viajes","tag-cierra","tag-eventos","tag-feria","tag-fitur-2026","tag-industria","tag-internacional","tag-liderazgo","tag-puertas","tag-turismo","tag-viajes"],"_links":{"self":[{"href":"https:\/\/dimensionturistica.com\/es\/wp-json\/wp\/v2\/posts\/1103215","targetHints":{"allow":["GET"]}}],"collection":[{"href":"https:\/\/dimensionturistica.com\/es\/wp-json\/wp\/v2\/posts"}],"about":[{"href":"https:\/\/dimensionturistica.com\/es\/wp-json\/wp\/v2\/types\/post"}],"author":[{"embeddable":true,"href":"https:\/\/dimensionturistica.com\/es\/wp-json\/wp\/v2\/users\/4"}],"replies":[{"embeddable":true,"href":"https:\/\/dimensionturistica.com\/es\/wp-json\/wp\/v2\/comments?post=1103215"}],"version-history":[{"count":1,"href":"https:\/\/dimensionturistica.com\/es\/wp-json\/wp\/v2\/posts\/1103215\/revisions"}],"predecessor-version":[{"id":1103217,"href":"https:\/\/dimensionturistica.com\/es\/wp-json\/wp\/v2\/posts\/1103215\/revisions\/1103217"}],"wp:featuredmedia":[{"embeddable":true,"href":"https:\/\/dimensionturistica.com\/es\/wp-json\/wp\/v2\/media\/1103216"}],"wp:attachment":[{"href":"https:\/\/dimensionturistica.com\/es\/wp-json\/wp\/v2\/media?parent=1103215"}],"wp:term":[{"taxonomy":"category","embeddable":true,"href":"https:\/\/dimensionturistica.com\/es\/wp-json\/wp\/v2\/categories?post=1103215"},{"taxonomy":"post_tag","embeddable":true,"href":"https:\/\/dimensionturistica.com\/es\/wp-json\/wp\/v2\/tags?post=1103215"}],"curies":[{"name":"wp","href":"https:\/\/api.w.org\/{rel}","templated":true}]}}