{"id":1103189,"date":"2026-01-25T16:00:10","date_gmt":"2026-01-25T16:00:10","guid":{"rendered":"https:\/\/dimensionturistica.com\/es\/?p=1103189"},"modified":"2026-01-25T16:00:10","modified_gmt":"2026-01-25T16:00:10","slug":"leon-se-proyecta-como-destino-de-talla-internacional-en-fitur-2026","status":"publish","type":"post","link":"https:\/\/dimensionturistica.com\/es\/leon-se-proyecta-como-destino-de-talla-internacional-en-fitur-2026\/","title":{"rendered":"Le\u00f3n se proyecta como destino de talla internacional en FITUR 2026"},"content":{"rendered":"\n<figure class=\"wp-block-gallery has-nested-images columns-default is-cropped wp-block-gallery-1 is-layout-flex wp-block-gallery-is-layout-flex\">\n<figure class=\"wp-block-image size-large\"><img decoding=\"async\" width=\"500\" height=\"66\" data-id=\"1103191\" src=\"https:\/\/dimensionturistica.com\/es\/wp-content\/uploads\/2026\/01\/11LEON-2.jpg\" alt=\"\" class=\"wp-image-1103191\" srcset=\"https:\/\/dimensionturistica.com\/es\/wp-content\/uploads\/2026\/01\/11LEON-2.jpg 500w, https:\/\/dimensionturistica.com\/es\/wp-content\/uploads\/2026\/01\/11LEON-2-300x40.jpg 300w\" sizes=\"(max-width: 500px) 100vw, 500px\" \/><\/figure>\n<\/figure>\n\n\n\n<p>Con el prop\u00f3sito de proyectarse como un destino de talla internacional, Le\u00f3n participa en la 46a edici\u00f3n de la Feria Internacional de Turismo (FITUR), uno de los eventos del sector tur\u00edstico m\u00e1s importantes a nivel mundial, que se lleva a cabo del 21 al 25 de enero en la ciudad de Madrid, Espa\u00f1a.<\/p>\n\n\n\n<figure class=\"wp-block-gallery has-nested-images columns-default is-cropped wp-block-gallery-2 is-layout-flex wp-block-gallery-is-layout-flex\">\n<figure class=\"wp-block-image size-large\"><img decoding=\"async\" width=\"500\" height=\"333\" data-id=\"1103192\" src=\"https:\/\/dimensionturistica.com\/es\/wp-content\/uploads\/2026\/01\/2LEON-2.jpg\" alt=\"\" class=\"wp-image-1103192\" srcset=\"https:\/\/dimensionturistica.com\/es\/wp-content\/uploads\/2026\/01\/2LEON-2.jpg 500w, https:\/\/dimensionturistica.com\/es\/wp-content\/uploads\/2026\/01\/2LEON-2-300x200.jpg 300w\" sizes=\"(max-width: 500px) 100vw, 500px\" \/><\/figure>\n<\/figure>\n\n\n\n<p>La participaci\u00f3n de Le\u00f3n est\u00e1 encabezada por la secretaria de Reactivaci\u00f3n Econ\u00f3mica de Le\u00f3n, Mar\u00eda Fernanda Rodr\u00edguez Gonz\u00e1lez, en representaci\u00f3n de la presidenta municipal, Alejandra Guti\u00e9rrez Campos; acompa\u00f1ada tambi\u00e9n de la directora general de Hospitalidad y Turismo, Yazm\u00edn Quiroz L\u00f3pez, entre otros funcionarios, quienes sostienen una nutrida agenda de actividades que promociona a la ciudad ante representantes de la industria tur\u00edstica de Espa\u00f1a, Europa y otras regiones del mundo.<\/p>\n\n\n\n<figure class=\"wp-block-gallery has-nested-images columns-default is-cropped wp-block-gallery-3 is-layout-flex wp-block-gallery-is-layout-flex\"><\/figure>\n\n\n\n<figure class=\"wp-block-gallery has-nested-images columns-default is-cropped wp-block-gallery-4 is-layout-flex wp-block-gallery-is-layout-flex\">\n<figure class=\"wp-block-image size-large\"><img decoding=\"async\" width=\"500\" height=\"706\" data-id=\"1103193\" src=\"https:\/\/dimensionturistica.com\/es\/wp-content\/uploads\/2026\/01\/3LEON-1.jpg\" alt=\"\" class=\"wp-image-1103193\" srcset=\"https:\/\/dimensionturistica.com\/es\/wp-content\/uploads\/2026\/01\/3LEON-1.jpg 500w, https:\/\/dimensionturistica.com\/es\/wp-content\/uploads\/2026\/01\/3LEON-1-212x300.jpg 212w\" sizes=\"(max-width: 500px) 100vw, 500px\" \/><\/figure>\n<\/figure>\n\n\n\n<p>Como parte de las acciones emprendidas, la comitiva de Le\u00f3n se reuni\u00f3 con el alcalde de Le\u00f3n, Espa\u00f1a, Jos\u00e9 Antonio Diez D\u00edaz, para refrendar el hermanamiento entre ambas ciudades. Rodr\u00edguez Gonz\u00e1lez le extern\u00f3 una atenta invitaci\u00f3n al alcalde para asistir a la celebraci\u00f3n del 450 aniversario de la fundaci\u00f3n de Le\u00f3n, Guanajuato.<\/p>\n\n\n\n<p>As\u00ed mismo, reafirmaron y fortalecieron el hermanamiento entre ambas ciudades, el cual se formaliz\u00f3 desde octubre de 1978, a trav\u00e9s de ceremonias celebradas en Espa\u00f1a, y en M\u00e9xico, como parte del acuerdo para promover relaciones culturales e institucionales.<\/p>\n\n\n\n<figure class=\"wp-block-gallery has-nested-images columns-default is-cropped wp-block-gallery-5 is-layout-flex wp-block-gallery-is-layout-flex\">\n<figure class=\"wp-block-image size-large\"><img decoding=\"async\" width=\"500\" height=\"333\" data-id=\"1103194\" src=\"https:\/\/dimensionturistica.com\/es\/wp-content\/uploads\/2026\/01\/1LEON-2.jpg\" alt=\"\" class=\"wp-image-1103194\" srcset=\"https:\/\/dimensionturistica.com\/es\/wp-content\/uploads\/2026\/01\/1LEON-2.jpg 500w, https:\/\/dimensionturistica.com\/es\/wp-content\/uploads\/2026\/01\/1LEON-2-300x200.jpg 300w\" sizes=\"(max-width: 500px) 100vw, 500px\" \/><\/figure>\n<\/figure>\n\n\n\n<p>La delegaci\u00f3n de Le\u00f3n tambi\u00e9n sostuvo un encuentro con Patricia Eversbusch, directora general de Eversbusch International Consulting, con el prop\u00f3sito de fortalecer la relaci\u00f3n con el mercado alem\u00e1n en materia tur\u00edstica, adem\u00e1s de empresarial.<\/p>\n\n\n\n<figure class=\"wp-block-gallery has-nested-images columns-default is-cropped wp-block-gallery-6 is-layout-flex wp-block-gallery-is-layout-flex\">\n<figure class=\"wp-block-image size-large\"><img decoding=\"async\" width=\"500\" height=\"712\" data-id=\"1103195\" src=\"https:\/\/dimensionturistica.com\/es\/wp-content\/uploads\/2026\/01\/5LEON.jpg\" alt=\"\" class=\"wp-image-1103195\" srcset=\"https:\/\/dimensionturistica.com\/es\/wp-content\/uploads\/2026\/01\/5LEON.jpg 500w, https:\/\/dimensionturistica.com\/es\/wp-content\/uploads\/2026\/01\/5LEON-211x300.jpg 211w\" sizes=\"(max-width: 500px) 100vw, 500px\" \/><\/figure>\n<\/figure>\n\n\n\n<p>En FITUR 2026, la secretaria de Reactivaci\u00f3n Econ\u00f3mica particip\u00f3 en la inauguraci\u00f3n del pabell\u00f3n Guanajuato, en la que acompa\u00f1\u00f3 a la gobernadora Libia Dennise Garc\u00eda Mu\u00f1oz Ledo, en donde tambi\u00e9n estuvieron presentes las presidentas y presidentes municipales de Guanajuato, Irapuato, Dolores Hidalgo, y de Pur\u00edsima del Rinc\u00f3n.<\/p>\n\n\n\n<p>La delegaci\u00f3n particip\u00f3 en la Inauguraci\u00f3n de la Exposici\u00f3n \u201cPero sigo siendo el Rey\u201d organizada por el Instituto<\/p>\n\n\n\n<p>Cultural de M\u00e9xico, ubicado en la Embajada de M\u00e9xico en Espa\u00f1a, as\u00ed como la experiencia Guanajuato en Madrid. Un evento simult\u00e1neo con Ciudad de M\u00e9xico y Le\u00f3n para el lanzamiento de la nueva marca tur\u00edstica de Guanajuato.<\/p>\n\n\n\n<figure class=\"wp-block-gallery has-nested-images columns-default is-cropped wp-block-gallery-7 is-layout-flex wp-block-gallery-is-layout-flex\">\n<figure class=\"wp-block-image size-large\"><img decoding=\"async\" width=\"500\" height=\"353\" data-id=\"1103196\" src=\"https:\/\/dimensionturistica.com\/es\/wp-content\/uploads\/2026\/01\/4LEON-1.jpg\" alt=\"\" class=\"wp-image-1103196\" srcset=\"https:\/\/dimensionturistica.com\/es\/wp-content\/uploads\/2026\/01\/4LEON-1.jpg 500w, https:\/\/dimensionturistica.com\/es\/wp-content\/uploads\/2026\/01\/4LEON-1-300x212.jpg 300w, https:\/\/dimensionturistica.com\/es\/wp-content\/uploads\/2026\/01\/4LEON-1-120x86.jpg 120w\" sizes=\"(max-width: 500px) 100vw, 500px\" \/><\/figure>\n<\/figure>\n\n\n\n<p>Durante la participaci\u00f3n de Le\u00f3n en FITUR 2026, Le\u00f3n presenta su oferta tur\u00edstica a tour operadores, agentes de viajes, representantes de compa\u00f1\u00edas hoteleras, aerol\u00edneas, entre otras empresas del sector, adem\u00e1s de medios de comunicaci\u00f3n internacionales quienes conocer\u00e1n de viva voz las bondades de la ciudad para realizar viajes de negocios y placer.<\/p>\n\n\n\n<p>Ante m\u00e1s de los 250 mil asistentes profesionales que se estima acudan a FITUR, la capital mundial de la piel y el calzado promueve su robusta infraestructura para realizar eventos, congresos, exposiciones y convenciones de talla internacional con un recinto de primer nivel como es el Poliforum Le\u00f3n; as\u00ed como la capacidad hotelera<\/p>\n\n\n\n<p>integrada por m\u00e1s de 9 mil cuartos y m\u00e1s de 680 establecimientos para disfrutar alimentos y bebidas.<\/p>\n\n\n\n<p>Por su estrat\u00e9gica ubicaci\u00f3n en el coraz\u00f3n de la zona industrial del Baj\u00edo, Le\u00f3n tambi\u00e9n es un destino ideal para recibir empresarios, inversionistas y colaboradores de compa\u00f1\u00edas internacionales, gracias tambi\u00e9n a una fuerte conectividad a\u00e9rea con vuelos directos y en conexi\u00f3n con las principales ciudades de M\u00e9xico y el mundo.<\/p>\n\n\n\n<figure class=\"wp-block-gallery has-nested-images columns-default is-cropped wp-block-gallery-8 is-layout-flex wp-block-gallery-is-layout-flex\">\n<figure class=\"wp-block-image size-large\"><img decoding=\"async\" width=\"500\" height=\"335\" data-id=\"1103197\" src=\"https:\/\/dimensionturistica.com\/es\/wp-content\/uploads\/2026\/01\/6LEON-1.jpg\" alt=\"\" class=\"wp-image-1103197\" srcset=\"https:\/\/dimensionturistica.com\/es\/wp-content\/uploads\/2026\/01\/6LEON-1.jpg 500w, https:\/\/dimensionturistica.com\/es\/wp-content\/uploads\/2026\/01\/6LEON-1-300x201.jpg 300w\" sizes=\"(max-width: 500px) 100vw, 500px\" \/><\/figure>\n<\/figure>\n\n\n\n<p>Aunado a ello, Le\u00f3n promociona sus diversos atractivos tur\u00edsticos hist\u00f3ricos, culturales y de esparcimiento como el Templo Expiatorio del Sagrado Coraz\u00f3n de Jes\u00fas, el Arco de la Calzada, el Parque Metropolitano, el Museo de Arte e Historia de Guanajuato, el Centro de Ciencias Explora, el Distrito Le\u00f3n MX, y su Zona Piel, solo por mencionar algunos; adem\u00e1s de la amplia cartelera de eventos que se desarrollan a lo largo del a\u00f1o como la Feria Estatal de Le\u00f3n o el Festival Internacional del Globo.<\/p>\n\n\n\n<figure class=\"wp-block-gallery has-nested-images columns-default is-cropped wp-block-gallery-9 is-layout-flex wp-block-gallery-is-layout-flex\">\n<figure class=\"wp-block-image size-large\"><img decoding=\"async\" width=\"500\" height=\"716\" data-id=\"1103198\" src=\"https:\/\/dimensionturistica.com\/es\/wp-content\/uploads\/2026\/01\/7LEON-1.jpg\" alt=\"\" class=\"wp-image-1103198\" srcset=\"https:\/\/dimensionturistica.com\/es\/wp-content\/uploads\/2026\/01\/7LEON-1.jpg 500w, https:\/\/dimensionturistica.com\/es\/wp-content\/uploads\/2026\/01\/7LEON-1-209x300.jpg 209w\" sizes=\"(max-width: 500px) 100vw, 500px\" \/><\/figure>\n<\/figure>\n\n\n\n<p>Con su participaci\u00f3n en FITUR 2026, Le\u00f3n consolida su posicionamiento como destino de talla mundial ante uno de los mercados emisores internacionales m\u00e1s importantes, lo que permitir\u00e1 potenciar la actividad tur\u00edstica en el municipio.<\/p>\n","protected":false},"excerpt":{"rendered":"<p>Con el prop\u00f3sito de proyectarse como un destino de talla internacional, Le\u00f3n participa en la 46a edici\u00f3n de la Feria Internacional de Turismo (FITUR), uno de los eventos del sector tur\u00edstico m\u00e1s importantes a nivel mundial, que se lleva a cabo del 21 al 25 de enero en la ciudad de Madrid, Espa\u00f1a. La participaci\u00f3n [&hellip;]<\/p>\n","protected":false},"author":1,"featured_media":0,"comment_status":"open","ping_status":"closed","sticky":false,"template":"","format":"standard","meta":{"om_disable_all_campaigns":false,"jnews-multi-image_gallery":[],"jnews_single_post":{"format":"standard"},"jnews_primary_category":[],"jnews_social_meta":[],"footnotes":""},"categories":[39],"tags":[],"class_list":["post-1103189","post","type-post","status-publish","format-standard","hentry","category-viajes"],"_links":{"self":[{"href":"https:\/\/dimensionturistica.com\/es\/wp-json\/wp\/v2\/posts\/1103189","targetHints":{"allow":["GET"]}}],"collection":[{"href":"https:\/\/dimensionturistica.com\/es\/wp-json\/wp\/v2\/posts"}],"about":[{"href":"https:\/\/dimensionturistica.com\/es\/wp-json\/wp\/v2\/types\/post"}],"author":[{"embeddable":true,"href":"https:\/\/dimensionturistica.com\/es\/wp-json\/wp\/v2\/users\/1"}],"replies":[{"embeddable":true,"href":"https:\/\/dimensionturistica.com\/es\/wp-json\/wp\/v2\/comments?post=1103189"}],"version-history":[{"count":1,"href":"https:\/\/dimensionturistica.com\/es\/wp-json\/wp\/v2\/posts\/1103189\/revisions"}],"predecessor-version":[{"id":1103199,"href":"https:\/\/dimensionturistica.com\/es\/wp-json\/wp\/v2\/posts\/1103189\/revisions\/1103199"}],"wp:attachment":[{"href":"https:\/\/dimensionturistica.com\/es\/wp-json\/wp\/v2\/media?parent=1103189"}],"wp:term":[{"taxonomy":"category","embeddable":true,"href":"https:\/\/dimensionturistica.com\/es\/wp-json\/wp\/v2\/categories?post=1103189"},{"taxonomy":"post_tag","embeddable":true,"href":"https:\/\/dimensionturistica.com\/es\/wp-json\/wp\/v2\/tags?post=1103189"}],"curies":[{"name":"wp","href":"https:\/\/api.w.org\/{rel}","templated":true}]}}