{"id":1103171,"date":"2026-01-25T15:26:59","date_gmt":"2026-01-25T15:26:59","guid":{"rendered":"https:\/\/dimensionturistica.com\/es\/?p=1103171"},"modified":"2026-01-25T15:26:59","modified_gmt":"2026-01-25T15:26:59","slug":"nayarit-lidera-la-conferencia-iberoamericana-de-ministros-y-empresarios-de-turismo-en-fitur-2026","status":"publish","type":"post","link":"https:\/\/dimensionturistica.com\/es\/nayarit-lidera-la-conferencia-iberoamericana-de-ministros-y-empresarios-de-turismo-en-fitur-2026\/","title":{"rendered":"Nayarit lidera la Conferencia Iberoamericana de Ministros y Empresarios de Turismo en FITUR 2026"},"content":{"rendered":"\n<figure class=\"wp-block-gallery has-nested-images columns-default is-cropped wp-block-gallery-1 is-layout-flex wp-block-gallery-is-layout-flex\">\n<figure class=\"wp-block-image size-large\"><img decoding=\"async\" width=\"500\" height=\"45\" data-id=\"1102376\" src=\"https:\/\/dimensionturistica.com\/es\/wp-content\/uploads\/2026\/01\/NAYARIT-1.jpg\" alt=\"\" class=\"wp-image-1102376\" srcset=\"https:\/\/dimensionturistica.com\/es\/wp-content\/uploads\/2026\/01\/NAYARIT-1.jpg 500w, https:\/\/dimensionturistica.com\/es\/wp-content\/uploads\/2026\/01\/NAYARIT-1-300x27.jpg 300w\" sizes=\"(max-width: 500px) 100vw, 500px\" \/><\/figure>\n<\/figure>\n\n\n\n<p>Nayarit reafirm\u00f3 su liderazgo en la agenda tur\u00edstica internacional al encabezar la Conferencia Iberoamericana de Ministros y Empresarios de Turismo (CIMET), uno de los foros estrat\u00e9gicos m\u00e1s relevantes de sector, celebrado en el marco de la Feria Internacional de Turismo FITUR 2026.<\/p>\n\n\n\n<figure class=\"wp-block-gallery has-nested-images columns-default is-cropped wp-block-gallery-2 is-layout-flex wp-block-gallery-is-layout-flex\">\n<figure class=\"wp-block-image size-large\"><img decoding=\"async\" width=\"500\" height=\"333\" data-id=\"1102811\" src=\"https:\/\/dimensionturistica.com\/es\/wp-content\/uploads\/2026\/01\/55SECTUR.jpg\" alt=\"\" class=\"wp-image-1102811\" srcset=\"https:\/\/dimensionturistica.com\/es\/wp-content\/uploads\/2026\/01\/55SECTUR.jpg 500w, https:\/\/dimensionturistica.com\/es\/wp-content\/uploads\/2026\/01\/55SECTUR-300x200.jpg 300w\" sizes=\"(max-width: 500px) 100vw, 500px\" \/><\/figure>\n\n\n\n<figure class=\"wp-block-image size-large\"><img decoding=\"async\" width=\"500\" height=\"333\" data-id=\"1102808\" src=\"https:\/\/dimensionturistica.com\/es\/wp-content\/uploads\/2026\/01\/4SECTUR-2.jpg\" alt=\"\" class=\"wp-image-1102808\" srcset=\"https:\/\/dimensionturistica.com\/es\/wp-content\/uploads\/2026\/01\/4SECTUR-2.jpg 500w, https:\/\/dimensionturistica.com\/es\/wp-content\/uploads\/2026\/01\/4SECTUR-2-300x200.jpg 300w\" sizes=\"(max-width: 500px) 100vw, 500px\" \/><\/figure>\n\n\n\n<figure class=\"wp-block-image size-large\"><img decoding=\"async\" width=\"500\" height=\"333\" data-id=\"1102807\" src=\"https:\/\/dimensionturistica.com\/es\/wp-content\/uploads\/2026\/01\/2SECTUR-2.jpg\" alt=\"\" class=\"wp-image-1102807\" srcset=\"https:\/\/dimensionturistica.com\/es\/wp-content\/uploads\/2026\/01\/2SECTUR-2.jpg 500w, https:\/\/dimensionturistica.com\/es\/wp-content\/uploads\/2026\/01\/2SECTUR-2-300x200.jpg 300w\" sizes=\"(max-width: 500px) 100vw, 500px\" \/><\/figure>\n<\/figure>\n\n\n\n<p>Durante la conferencia, y en congruencia con las indicaciones y la visi\u00f3n estrat\u00e9gica del Gobernador del Estado de Nayarit, Miguel \u00c1ngel Navarro Quintero, orientadas al<\/p>\n\n\n\n<p>fortalecimiento del ordenamiento, la planeaci\u00f3n y la gobernanza tur\u00edstica, el secretario de Turismo del Estado de Nayarit, Juan Enrique Su\u00e1rez del Real Tostado, comparti\u00f3 un mensaje alentador para el sector tur\u00edstico mexicano.<\/p>\n\n\n\n<p>En ese contexto, se expuso el caso de Nayarit como primer lugar en M\u00e9xico en atracci\u00f3n de inversi\u00f3n tur\u00edstica, resultado de una pol\u00edtica p\u00fablica que prioriza la certidumbre jur\u00eddica, la coordinaci\u00f3n interinstitucional y la planeaci\u00f3n de largo plazo, elementos que han permitido al estado consolidarse como un destino confiable y competitivo a nivel nacional e internacional.<\/p>\n\n\n\n<figure class=\"wp-block-gallery has-nested-images columns-default is-cropped wp-block-gallery-3 is-layout-flex wp-block-gallery-is-layout-flex\">\n<figure class=\"wp-block-image size-large\"><img decoding=\"async\" width=\"500\" height=\"333\" data-id=\"1102810\" src=\"https:\/\/dimensionturistica.com\/es\/wp-content\/uploads\/2026\/01\/5SECTUR.jpg\" alt=\"\" class=\"wp-image-1102810\" srcset=\"https:\/\/dimensionturistica.com\/es\/wp-content\/uploads\/2026\/01\/5SECTUR.jpg 500w, https:\/\/dimensionturistica.com\/es\/wp-content\/uploads\/2026\/01\/5SECTUR-300x200.jpg 300w\" sizes=\"(max-width: 500px) 100vw, 500px\" \/><\/figure>\n<\/figure>\n\n\n\n<p>La edici\u00f3n de CIMET 2026 se desarroll\u00f3 en un ambiente particularmente solemne, al<\/p>\n\n\n\n<p>llevarse a cabo en se\u00f1al de luto por las v\u00edctimas del tr\u00e1gico accidente ferroviario ocurrido recientemente en Espa\u00f1a, lo que imprimi\u00f3 al encuentro un tono de respet y<\/p>\n\n\n\n<p>solidaridad entre los pa\u00edses participantes.<\/p>\n\n\n\n<p>La Conferencia Iberoamericana de Ministros y Empresarios de Turismo inaugura oficialmente la agenda de FITUR y re\u00fane a ministros de Turismo de 11 pa\u00edses iberoamericanos, as\u00ed como a empresarios, inversionistas y especialistas del sector, consolid\u00e1ndose como un espacio clave para el di\u00e1logo pol\u00edtico, econ\u00f3mico y t\u00e9cnico en torno al turismo, la sostenibilidad y la cooperaci\u00f3n internacional.<\/p>\n\n\n\n<figure class=\"wp-block-gallery has-nested-images columns-default is-cropped wp-block-gallery-4 is-layout-flex wp-block-gallery-is-layout-flex\">\n<figure class=\"wp-block-image size-large\"><img decoding=\"async\" width=\"500\" height=\"333\" data-id=\"1102811\" src=\"https:\/\/dimensionturistica.com\/es\/wp-content\/uploads\/2026\/01\/55SECTUR.jpg\" alt=\"\" class=\"wp-image-1102811\" srcset=\"https:\/\/dimensionturistica.com\/es\/wp-content\/uploads\/2026\/01\/55SECTUR.jpg 500w, https:\/\/dimensionturistica.com\/es\/wp-content\/uploads\/2026\/01\/55SECTUR-300x200.jpg 300w\" sizes=\"(max-width: 500px) 100vw, 500px\" \/><\/figure>\n<\/figure>\n\n\n\n<p>El liderazgo de Nayarit en este foro representa un logro relevante en t\u00e9rminos de posicionamiento internacional, al situar al estado en un espacio donde se definen tendencias, se fortalecen alianzas estrat\u00e9gicas y se generan oportunidades de cooperaci\u00f3n entre Iberoam\u00e9rica y Europa.<\/p>\n\n\n\n<p>Con acciones de esta naturaleza, Nayarit contin\u00faa proyect\u00e1ndose como un referente tur\u00edstico con visi\u00f3n de desarrollo ordenado, gobernanza s\u00f3lida y proyecci\u00f3n global.<\/p>\n","protected":false},"excerpt":{"rendered":"<p>Nayarit reafirm\u00f3 su liderazgo en la agenda tur\u00edstica internacional al encabezar la Conferencia Iberoamericana de Ministros y Empresarios de Turismo (CIMET), uno de los foros estrat\u00e9gicos m\u00e1s relevantes de sector, celebrado en el marco de la Feria Internacional de Turismo FITUR 2026. Durante la conferencia, y en congruencia con las indicaciones y la visi\u00f3n estrat\u00e9gica [&hellip;]<\/p>\n","protected":false},"author":1,"featured_media":0,"comment_status":"open","ping_status":"closed","sticky":false,"template":"","format":"standard","meta":{"om_disable_all_campaigns":false,"jnews-multi-image_gallery":[],"jnews_single_post":{"format":"standard"},"jnews_primary_category":[],"jnews_social_meta":[],"footnotes":""},"categories":[39],"tags":[],"class_list":["post-1103171","post","type-post","status-publish","format-standard","hentry","category-viajes"],"_links":{"self":[{"href":"https:\/\/dimensionturistica.com\/es\/wp-json\/wp\/v2\/posts\/1103171","targetHints":{"allow":["GET"]}}],"collection":[{"href":"https:\/\/dimensionturistica.com\/es\/wp-json\/wp\/v2\/posts"}],"about":[{"href":"https:\/\/dimensionturistica.com\/es\/wp-json\/wp\/v2\/types\/post"}],"author":[{"embeddable":true,"href":"https:\/\/dimensionturistica.com\/es\/wp-json\/wp\/v2\/users\/1"}],"replies":[{"embeddable":true,"href":"https:\/\/dimensionturistica.com\/es\/wp-json\/wp\/v2\/comments?post=1103171"}],"version-history":[{"count":1,"href":"https:\/\/dimensionturistica.com\/es\/wp-json\/wp\/v2\/posts\/1103171\/revisions"}],"predecessor-version":[{"id":1103178,"href":"https:\/\/dimensionturistica.com\/es\/wp-json\/wp\/v2\/posts\/1103171\/revisions\/1103178"}],"wp:attachment":[{"href":"https:\/\/dimensionturistica.com\/es\/wp-json\/wp\/v2\/media?parent=1103171"}],"wp:term":[{"taxonomy":"category","embeddable":true,"href":"https:\/\/dimensionturistica.com\/es\/wp-json\/wp\/v2\/categories?post=1103171"},{"taxonomy":"post_tag","embeddable":true,"href":"https:\/\/dimensionturistica.com\/es\/wp-json\/wp\/v2\/tags?post=1103171"}],"curies":[{"name":"wp","href":"https:\/\/api.w.org\/{rel}","templated":true}]}}