{"id":1103022,"date":"2026-01-25T00:56:29","date_gmt":"2026-01-25T00:56:29","guid":{"rendered":"https:\/\/dimensionturistica.com\/es\/?p=1103022"},"modified":"2026-01-25T00:56:29","modified_gmt":"2026-01-25T00:56:29","slug":"la-practica-de-la-gratitud-transforma-la-neurociencia-ofreciendo-multiples-ventajas","status":"publish","type":"post","link":"https:\/\/dimensionturistica.com\/es\/la-practica-de-la-gratitud-transforma-la-neurociencia-ofreciendo-multiples-ventajas\/","title":{"rendered":"La pr\u00e1ctica de la gratitud transforma la neurociencia, ofreciendo m\u00faltiples ventajas."},"content":{"rendered":"<h3>La Gratitud: El Nuevo Must en el Armario Emocional<\/h3>\n<p>En un mundo donde las tendencias cambian m\u00e1s r\u00e1pido que las estaciones, surge una pr\u00e1ctica milenaria que ha tomado un nuevo brillo en la era moderna: la gratitud. M\u00e1s que un simple gesto de agradecimiento, esta actitud puede transformar no solo nuestra perspectiva de la vida, sino tambi\u00e9n la estructura misma de nuestro cerebro. <\/p>\n<h4>Un Tesoro Oculto en la Cotidianidad<\/h4>\n<p>La gratitud es un aut\u00e9ntico tesoro que resplandece en medio del bullicio diario. \u00bfPor qu\u00e9 este gesto aparentemente simple se ha convertido en el foco de atenci\u00f3n en el \u00e1mbito del bienestar emocional? La respuesta se encuentra en la neurociencia. Estudios recientes han demostrado que practicar la gratitud activa diversas \u00e1reas del cerebro, propiciando un estado mental que fomenta el optimismo y la resiliencia.<\/p>\n<h4>Estilo de Vida en la Moda de Hoy<\/h4>\n<p>Incorporar la gratitud en nuestra rutina diaria no solo es una tendencia emocional, sino un nuevo componente en el estilo de vida contempor\u00e1neo. Al dedicar unos minutos cada d\u00eda para reflexionar sobre lo que valoramos, mejoramos nuestra salud mental y f\u00edsica. Esto nos conecta m\u00e1s profundamente con nosotros mismos y con quienes nos rodean. \u00bfAcaso no es eso lo que buscamos en el \u00e1mbito de la moda? Un sentido de conexi\u00f3n, autenticidad y bienestar.<\/p>\n<h4>Ritual de Gratitud: Una Prenda Esencial<\/h4>\n<p>Imagina comenzar cada ma\u00f1ana con un ritual de gratitud, una especie de prenda esencial que no debe faltar en tu armario emocional. Al igual que una chaqueta cl\u00e1sica o un par de zapatillas que jam\u00e1s pasan de moda, este ritual puede ser adaptado a tus preferencias personales. Puede ser un diario, una meditaci\u00f3n o incluso un simple \u201cgracias\u201d a las personas que llenan tus d\u00edas de alegr\u00eda. Lo importante es la constancia.<\/p>\n<h4>Impacto en la Moda y el Dise\u00f1o<\/h4>\n<p>La gratitud no solo impacta nuestras vidas personales; tambi\u00e9n est\u00e1 influenciando el mundo de la moda. Marcas est\u00e1n empezando a adoptar este enfoque, creando colecciones que promueven mensajes positivos y sostenibles. Esta fusi\u00f3n entre moda y conciencia emocional atrae a un consumidor que busca m\u00e1s que solo un producto; quiere un prop\u00f3sito. <\/p>\n<h4>La Conexi\u00f3n entre Moda y Autoconocimiento<\/h4>\n<p>El impulso de verse bien por fuera debe ir acompa\u00f1ado de un bienestar interno. La pr\u00e1ctica de la gratitud fomenta el autoconocimiento, creando un ciclo virtuoso que refuerza la autoconfianza. Este es el momento de vestir no solo nuestros cuerpos, sino tambi\u00e9n nuestras mentes y corazones con la misma elegancia y cuidado.<\/p>\n<h4>Futuro Brillante a Trav\u00e9s de Agradecimientos<\/h4>\n<p>Mirando hacia el futuro, es evidente que la gratitud se establece como una de las claves para una vida plena y satisfactoria. Optar por ser agradecido es en s\u00ed mismo un acto de moda: una elecci\u00f3n consciente de c\u00f3mo queremos vivenciar cada d\u00eda. A medida que la comunidad de la moda evoluciona, la integraci\u00f3n de valores emocionales ser\u00e1, sin duda, una tendencia que perdurar\u00e1 m\u00e1s all\u00e1 de temporadas.<\/p>\n<p>As\u00ed que, \u00bfest\u00e1s listo para incluir la gratitud en tu vestuario emocional? Recordemos que, a veces, los mejores looks comienzan desde adentro. Al final del d\u00eda, estar agradecido es el accesorio m\u00e1s bonito que puedes llevar.<\/p>\n<p><em> &#8221; Fuentes www.vogue.mx &#8221; <\/em><\/p>\n","protected":false},"excerpt":{"rendered":"<p>La Gratitud: El Nuevo Must en el Armario Emocional En un mundo donde las tendencias cambian m\u00e1s r\u00e1pido que las estaciones, surge una pr\u00e1ctica milenaria que ha tomado un nuevo brillo en la era moderna: la gratitud. M\u00e1s que un simple gesto de agradecimiento, esta actitud puede transformar no solo nuestra perspectiva de la vida, [&hellip;]<\/p>\n","protected":false},"author":14,"featured_media":1103023,"comment_status":"open","ping_status":"closed","sticky":false,"template":"","format":"standard","meta":{"om_disable_all_campaigns":false,"jnews-multi-image_gallery":[],"jnews_single_post":[],"jnews_primary_category":[],"jnews_social_meta":[],"footnotes":""},"categories":[144872],"tags":[9898,1793,9899,39213,265107,223157,902,195713,904,3180,209],"class_list":["post-1103022","post","type-post","status-publish","format-standard","has-post-thumbnail","hentry","category-fashion","tag-autoayuda","tag-beneficios","tag-bienestar","tag-desarrollo-personal","tag-emociones-positivas","tag-gratitud","tag-neurociencia","tag-neuroplasticidad","tag-psicologia","tag-salud-mental","tag-wellness"],"_links":{"self":[{"href":"https:\/\/dimensionturistica.com\/es\/wp-json\/wp\/v2\/posts\/1103022","targetHints":{"allow":["GET"]}}],"collection":[{"href":"https:\/\/dimensionturistica.com\/es\/wp-json\/wp\/v2\/posts"}],"about":[{"href":"https:\/\/dimensionturistica.com\/es\/wp-json\/wp\/v2\/types\/post"}],"author":[{"embeddable":true,"href":"https:\/\/dimensionturistica.com\/es\/wp-json\/wp\/v2\/users\/14"}],"replies":[{"embeddable":true,"href":"https:\/\/dimensionturistica.com\/es\/wp-json\/wp\/v2\/comments?post=1103022"}],"version-history":[{"count":1,"href":"https:\/\/dimensionturistica.com\/es\/wp-json\/wp\/v2\/posts\/1103022\/revisions"}],"predecessor-version":[{"id":1103024,"href":"https:\/\/dimensionturistica.com\/es\/wp-json\/wp\/v2\/posts\/1103022\/revisions\/1103024"}],"wp:featuredmedia":[{"embeddable":true,"href":"https:\/\/dimensionturistica.com\/es\/wp-json\/wp\/v2\/media\/1103023"}],"wp:attachment":[{"href":"https:\/\/dimensionturistica.com\/es\/wp-json\/wp\/v2\/media?parent=1103022"}],"wp:term":[{"taxonomy":"category","embeddable":true,"href":"https:\/\/dimensionturistica.com\/es\/wp-json\/wp\/v2\/categories?post=1103022"},{"taxonomy":"post_tag","embeddable":true,"href":"https:\/\/dimensionturistica.com\/es\/wp-json\/wp\/v2\/tags?post=1103022"}],"curies":[{"name":"wp","href":"https:\/\/api.w.org\/{rel}","templated":true}]}}