{"id":1102952,"date":"2026-01-24T21:12:35","date_gmt":"2026-01-24T21:12:35","guid":{"rendered":"https:\/\/dimensionturistica.com\/es\/?p=1102952"},"modified":"2026-01-24T21:12:35","modified_gmt":"2026-01-24T21:12:35","slug":"la-blusa-clara-y-la-falda-oscura-la-fusion-perfecta-de-elegancia-para-2026","status":"publish","type":"post","link":"https:\/\/dimensionturistica.com\/es\/la-blusa-clara-y-la-falda-oscura-la-fusion-perfecta-de-elegancia-para-2026\/","title":{"rendered":"La blusa clara y la falda oscura: la fusi\u00f3n perfecta de elegancia para 2026."},"content":{"rendered":"<h3>La Combinaci\u00f3n Cl\u00e1sica que Nunca Pasa de Moda<\/h3>\n<p>La camisa blanca y la falda negra: un d\u00fao ic\u00f3nico que ha logrado perdurar a trav\u00e9s del tiempo y las tendencias. Mientras nos adentramos en 2026, esta mezcla sigue siendo un referente de elegancia y versatilidad. Pero, \u00bfc\u00f3mo se lleva esta combinaci\u00f3n en el presente para que sea realmente impactante? Aqu\u00ed te proponemos algunas claves para que este look se convierta en tu elecci\u00f3n favorita.<\/p>\n<h4>Una Base Perfecta<\/h4>\n<p>La camisa blanca es la pieza fundamental de cualquier guardarropa. En 2026, los dise\u00f1adores est\u00e1n reinterpretando este cl\u00e1sico a trav\u00e9s de cortes asim\u00e9tricos, tejidos livianos y detalles \u00fanicos que la hacen destacar. Optar por una camisa con detalles como volantes o un corte oversize no solo a\u00f1ade un toque contempor\u00e1neo, sino que tambi\u00e9n permite una mayor libertad de movimiento y comodidad.<\/p>\n<h4>La Falda Negra: M\u00e1s All\u00e1 de lo Cl\u00e1sico<\/h4>\n<p>La falda negra, por su parte, tambi\u00e9n est\u00e1 experimentando su propia evoluci\u00f3n. Desde faldas midi hasta largas, los estilos son variados y adecuados para cualquier ocasi\u00f3n. Las versiones con textura o con detalles gr\u00e1ficos est\u00e1n en auge, ofreciendo una forma de a\u00f1adir personalidad a un look que, de otro modo, podr\u00eda parecer sencillo. La elecci\u00f3n del tejido es clave; el sat\u00e9n y el cuero se encuentran entre las opciones m\u00e1s deseadas, aportando un aire moderno y sofisticado.<\/p>\n<h4>Accesorios para Realzar<\/h4>\n<p>No se puede pasar por alto el papel fundamental de los accesorios. En 2026, se llevan los collares de gran tama\u00f1o, las pulseras apiladas y los bolsos mini. Estos elementos pueden transformar la combinaci\u00f3n de la camisa blanca y la falda negra en un conjunto memorable. Busca piezas que contrasten; por ejemplo, un collar met\u00e1lico sobre una camisa de algod\u00f3n suave da un efecto visual sorprendente.<\/p>\n<h4>Calzado que Marque la Diferencia<\/h4>\n<p>El calzado es el \u00faltimo paso para completar el look. Desde botas estilo chunky hasta elegantes zapatillas deportivas, la elecci\u00f3n del calzado depender\u00e1 de la ocasi\u00f3n. Las sandalias de tiras est\u00e1n marcando tendencia, ofreciendo una opci\u00f3n m\u00e1s fresca y ligera, ideal para los meses de calor.<\/p>\n<h4>El Look de Oficina a la Noche<\/h4>\n<p>Lo mejor de esta combinaci\u00f3n es su adaptabilidad. Con un simple cambio de accesorios y calzado, el atuendo se puede llevar de la oficina a una cena elegante. As\u00ed, una chaqueta cropped puede darle formalidad durante el d\u00eda, mientras que un blazer oversize le aportar\u00e1 un toque desenfadado durante la noche.<\/p>\n<h4>Innovaci\u00f3n a Trav\u00e9s del Color<\/h4>\n<p>Si bien el blanco y el negro son un cl\u00e1sico, 2026 tambi\u00e9n invita a atrevernos con colores de moda. \u00bfPor qu\u00e9 no a\u00f1adir un toque de color a trav\u00e9s de un cintur\u00f3n vibrante o un bolso en tonos pastel? Estos acentos pueden transformar completamente el look, haci\u00e9ndolo a\u00fan m\u00e1s atractivo y original.<\/p>\n<h3>La Esencia de la Elegancia<\/h3>\n<p>La camisa blanca y la falda negra no son solo prendas; son una declaraci\u00f3n de intenciones. En este a\u00f1o, la clave est\u00e1 en la reinterpretaci\u00f3n constante y en c\u00f3mo cada detalle se combina para crear un look cohesivo y poderoso. Con los elementos adecuados, esta combinaci\u00f3n cl\u00e1sica seguir\u00e1 siendo un s\u00edmbolo de estilo y sofisticaci\u00f3n en el armario de cualquier amante de la moda. \u00a1No dudes en experimentar y hacer que este d\u00fao sea verdaderamente tuyo!<\/p>\n<p><em> &#8221; Fuentes www.vogue.mx &#8221; <\/em><\/p>\n","protected":false},"excerpt":{"rendered":"<p>La Combinaci\u00f3n Cl\u00e1sica que Nunca Pasa de Moda La camisa blanca y la falda negra: un d\u00fao ic\u00f3nico que ha logrado perdurar a trav\u00e9s del tiempo y las tendencias. Mientras nos adentramos en 2026, esta mezcla sigue siendo un referente de elegancia y versatilidad. Pero, \u00bfc\u00f3mo se lleva esta combinaci\u00f3n en el presente para que [&hellip;]<\/p>\n","protected":false},"author":14,"featured_media":1102953,"comment_status":"open","ping_status":"closed","sticky":false,"template":"","format":"standard","meta":{"om_disable_all_campaigns":false,"jnews-multi-image_gallery":[],"jnews_single_post":[],"jnews_primary_category":[],"jnews_social_meta":[],"footnotes":""},"categories":[144872],"tags":[213031,47318,4664,203427,73806,7758,265062,200523,251624,25060,230504,2182,27057],"class_list":["post-1102952","post","type-post","status-publish","format-standard","has-post-thumbnail","hentry","category-fashion","tag-camisa-blanca","tag-carolina-herrera","tag-chanel","tag-combinaciones-de-ropa","tag-elegancia","tag-estilo","tag-falda-negra","tag-faldas","tag-moda-2026","tag-outfit","tag-primavera-verano-2026","tag-tendencias","tag-vestuario"],"_links":{"self":[{"href":"https:\/\/dimensionturistica.com\/es\/wp-json\/wp\/v2\/posts\/1102952","targetHints":{"allow":["GET"]}}],"collection":[{"href":"https:\/\/dimensionturistica.com\/es\/wp-json\/wp\/v2\/posts"}],"about":[{"href":"https:\/\/dimensionturistica.com\/es\/wp-json\/wp\/v2\/types\/post"}],"author":[{"embeddable":true,"href":"https:\/\/dimensionturistica.com\/es\/wp-json\/wp\/v2\/users\/14"}],"replies":[{"embeddable":true,"href":"https:\/\/dimensionturistica.com\/es\/wp-json\/wp\/v2\/comments?post=1102952"}],"version-history":[{"count":1,"href":"https:\/\/dimensionturistica.com\/es\/wp-json\/wp\/v2\/posts\/1102952\/revisions"}],"predecessor-version":[{"id":1102954,"href":"https:\/\/dimensionturistica.com\/es\/wp-json\/wp\/v2\/posts\/1102952\/revisions\/1102954"}],"wp:featuredmedia":[{"embeddable":true,"href":"https:\/\/dimensionturistica.com\/es\/wp-json\/wp\/v2\/media\/1102953"}],"wp:attachment":[{"href":"https:\/\/dimensionturistica.com\/es\/wp-json\/wp\/v2\/media?parent=1102952"}],"wp:term":[{"taxonomy":"category","embeddable":true,"href":"https:\/\/dimensionturistica.com\/es\/wp-json\/wp\/v2\/categories?post=1102952"},{"taxonomy":"post_tag","embeddable":true,"href":"https:\/\/dimensionturistica.com\/es\/wp-json\/wp\/v2\/tags?post=1102952"}],"curies":[{"name":"wp","href":"https:\/\/api.w.org\/{rel}","templated":true}]}}