{"id":1102867,"date":"2026-01-24T18:38:19","date_gmt":"2026-01-24T18:38:19","guid":{"rendered":"https:\/\/dimensionturistica.com\/es\/?p=1102867"},"modified":"2026-01-24T18:38:19","modified_gmt":"2026-01-24T18:38:19","slug":"las-tendencias-de-decoracion-que-definiran-el-interiorismo-en-2026-segun-los-interioristas-de-casa-de-las-lomas","status":"publish","type":"post","link":"https:\/\/dimensionturistica.com\/es\/las-tendencias-de-decoracion-que-definiran-el-interiorismo-en-2026-segun-los-interioristas-de-casa-de-las-lomas\/","title":{"rendered":"Las tendencias de decoraci\u00f3n que definir\u00e1n el interiorismo en 2026, seg\u00fan los interioristas de Casa de las Lomas"},"content":{"rendered":"\n<figure class=\"wp-block-gallery has-nested-images columns-default is-cropped wp-block-gallery-1 is-layout-flex wp-block-gallery-is-layout-flex\">\n<figure class=\"wp-block-image size-large\"><img decoding=\"async\" width=\"877\" height=\"603\" data-id=\"1102868\" src=\"https:\/\/dimensionturistica.com\/es\/wp-content\/uploads\/2026\/01\/casa-de-las-lomas-logo.jpg\" alt=\"\" class=\"wp-image-1102868\" srcset=\"https:\/\/dimensionturistica.com\/es\/wp-content\/uploads\/2026\/01\/casa-de-las-lomas-logo.jpg 877w, https:\/\/dimensionturistica.com\/es\/wp-content\/uploads\/2026\/01\/casa-de-las-lomas-logo-300x206.jpg 300w, https:\/\/dimensionturistica.com\/es\/wp-content\/uploads\/2026\/01\/casa-de-las-lomas-logo-768x528.jpg 768w, https:\/\/dimensionturistica.com\/es\/wp-content\/uploads\/2026\/01\/casa-de-las-lomas-logo-750x516.jpg 750w\" sizes=\"(max-width: 877px) 100vw, 877px\" \/><\/figure>\n<\/figure>\n\n\n\n<p>Desde Casa de las Lomas referente en dise\u00f1o de interiores y mobiliario de alta gama, compartimos contigo un contenido editorial exclusivo sobre las tendencias de decoraci\u00f3n que marcar\u00e1n el interiorismo en 2026.<\/p>\n\n\n\n<p>El material aborda c\u00f3mo el dise\u00f1o evoluciona hacia espacios m\u00e1s c\u00e1lidos, sensoriales y funcionales, poniendo \u00e9nfasis en:<\/p>\n\n\n\n<figure class=\"wp-block-gallery has-nested-images columns-default is-cropped wp-block-gallery-2 is-layout-flex wp-block-gallery-is-layout-flex\">\n<figure class=\"wp-block-image size-large\"><img decoding=\"async\" width=\"500\" height=\"333\" data-id=\"1102869\" src=\"https:\/\/dimensionturistica.com\/es\/wp-content\/uploads\/2026\/01\/1CASA.jpg\" alt=\"\" class=\"wp-image-1102869\" srcset=\"https:\/\/dimensionturistica.com\/es\/wp-content\/uploads\/2026\/01\/1CASA.jpg 500w, https:\/\/dimensionturistica.com\/es\/wp-content\/uploads\/2026\/01\/1CASA-300x200.jpg 300w\" sizes=\"(max-width: 500px) 100vw, 500px\" \/><\/figure>\n<\/figure>\n\n\n\n<p>&nbsp;&nbsp;&nbsp;&nbsp;&nbsp;&nbsp;&nbsp;&nbsp;&nbsp;&nbsp;&nbsp;&nbsp;&nbsp;&nbsp;&nbsp; \u2022&nbsp;&nbsp;&nbsp;&nbsp;&nbsp;&nbsp;&nbsp;&nbsp;&nbsp;&nbsp;&nbsp;&nbsp; Formas org\u00e1nicas y l\u00edneas envolventes<\/p>\n\n\n\n<p>&nbsp;&nbsp;&nbsp;&nbsp;&nbsp;&nbsp;&nbsp;&nbsp;&nbsp;&nbsp;&nbsp;&nbsp;&nbsp;&nbsp;&nbsp; \u2022&nbsp;&nbsp;&nbsp;&nbsp;&nbsp;&nbsp;&nbsp;&nbsp;&nbsp;&nbsp;&nbsp;&nbsp; Paletas de tonos tierra y materiales nobles<\/p>\n\n\n\n<p>&nbsp;&nbsp;&nbsp;&nbsp;&nbsp;&nbsp;&nbsp;&nbsp;&nbsp;&nbsp;&nbsp;&nbsp;&nbsp;&nbsp;&nbsp; \u2022&nbsp;&nbsp;&nbsp;&nbsp;&nbsp;&nbsp;&nbsp;&nbsp;&nbsp;&nbsp;&nbsp;&nbsp; Espacios multifuncionales con dise\u00f1o inteligente<\/p>\n\n\n\n<p>&nbsp;&nbsp;&nbsp;&nbsp;&nbsp;&nbsp;&nbsp;&nbsp;&nbsp;&nbsp;&nbsp;&nbsp;&nbsp;&nbsp;&nbsp; \u2022&nbsp;&nbsp;&nbsp;&nbsp;&nbsp;&nbsp;&nbsp;&nbsp;&nbsp;&nbsp;&nbsp;&nbsp; El nuevo concepto de lujo: bienestar, experiencia y permanenci&nbsp;&nbsp;&nbsp;&nbsp;&nbsp;&nbsp;&nbsp;&nbsp;&nbsp;&nbsp;&nbsp;&nbsp;&nbsp;&nbsp;&nbsp;&nbsp;&nbsp;&nbsp;&nbsp;&nbsp;&nbsp;&nbsp;&nbsp;&nbsp;&nbsp;&nbsp;&nbsp;&nbsp;<\/p>\n\n\n\n<p>&nbsp;&nbsp;Tambi\u00e9n te comparto un link para descargar fotos en alta:&nbsp;&nbsp; &nbsp;<a href=\"https:\/\/drive.google.com\/drive\/folders\/18c4duUXhNdSjPzd2WF9e9Tw9hewOCUa9\">https:\/\/drive.google.com\/drive\/folders\/18c4duUXhNdSjPzd2WF9e9Tw9hewOCUa9<\/a>?&nbsp; usp=sharing<\/p>\n\n\n\n<figure class=\"wp-block-gallery has-nested-images columns-default is-cropped wp-block-gallery-3 is-layout-flex wp-block-gallery-is-layout-flex\">\n<figure class=\"wp-block-image size-large\"><img decoding=\"async\" width=\"500\" height=\"285\" data-id=\"1102870\" src=\"https:\/\/dimensionturistica.com\/es\/wp-content\/uploads\/2026\/01\/3CASA.jpg\" alt=\"\" class=\"wp-image-1102870\" srcset=\"https:\/\/dimensionturistica.com\/es\/wp-content\/uploads\/2026\/01\/3CASA.jpg 500w, https:\/\/dimensionturistica.com\/es\/wp-content\/uploads\/2026\/01\/3CASA-300x171.jpg 300w\" sizes=\"(max-width: 500px) 100vw, 500px\" \/><\/figure>\n<\/figure>\n\n\n\n<p>&nbsp;&nbsp;&nbsp;&nbsp;&nbsp; Te invitamos a compartir este contenido con tus lectores, esperando que sea de tu inter\u00e9s &nbsp;y quedamos completamente abiertos a adaptarlo al formato que mejor funcione y\/o a proporcionarte cualquier informaci\u00f3n complementaria que requieras.<\/p>\n\n\n\n<p>Adicionalmente, ponemos a disposici\u00f3n la posibilidad de coordinar una entrevista con la dise\u00f1adora de Casa de las Lomas, Camina Anaya, quien puede ampliar esta visi\u00f3n desde una perspectiva experta y actual del interiorismo.<\/p>\n\n\n\n<p>Saludos,<\/p>\n\n\n\n<p>Roc\u00edo Ter\u00e1n<\/p>\n\n\n\n<p>Las tendencias de decoraci\u00f3n que definir\u00e1n el interiorismo en 2026, seg\u00fan los interioristas<\/p>\n\n\n\n<p>de Casa de las Lomas<\/p>\n\n\n\n<figure class=\"wp-block-gallery has-nested-images columns-default is-cropped wp-block-gallery-4 is-layout-flex wp-block-gallery-is-layout-flex\"><\/figure>\n\n\n\n<figure class=\"wp-block-gallery has-nested-images columns-default is-cropped wp-block-gallery-5 is-layout-flex wp-block-gallery-is-layout-flex\">\n<figure class=\"wp-block-image size-large\"><img decoding=\"async\" width=\"500\" height=\"310\" data-id=\"1102871\" src=\"https:\/\/dimensionturistica.com\/es\/wp-content\/uploads\/2026\/01\/4CASA.jpg\" alt=\"\" class=\"wp-image-1102871\" srcset=\"https:\/\/dimensionturistica.com\/es\/wp-content\/uploads\/2026\/01\/4CASA.jpg 500w, https:\/\/dimensionturistica.com\/es\/wp-content\/uploads\/2026\/01\/4CASA-300x186.jpg 300w\" sizes=\"(max-width: 500px) 100vw, 500px\" \/><\/figure>\n<\/figure>\n\n\n\n<p>El 2026 vine cargado de tendencias en decoraci\u00f3n que conseguir\u00e1n renovar tus espacios con el nuevo lujo, a partir de a partir de la calma, la autenticidad y el dise\u00f1o consciente. \u00a1Abre tus puertas a las nuevas propuestas!<\/p>\n\n\n\n<p>Ciudad de M\u00e9xico a 19 de enero de 2026.- El cambio de a\u00f1o lleva consigo la emoci\u00f3n por conocer las nuevas tendencias en decoraci\u00f3n. En 2026, el dise\u00f1o de interiores evoluciona hacia una visi\u00f3n m\u00e1s emocional, sensorial y personal. Lejos de seguir modas ef\u00edmeras, el nuevo lujo se construye a partir de la calma, la autenticidad y el dise\u00f1o consciente. Casa de las Lomas \u2014referente en mobiliario y dise\u00f1o de alta gama\u2014 identifica las claves que marcar\u00e1n los espacios contempor\u00e1neos este a\u00f1o nuevo.<\/p>\n\n\n\n<p>A continuaci\u00f3n te compartimos las tendencias que redefinir\u00e1n los hogares este 2026, seg\u00fan los interioristas de Casa de las Lomas:<\/p>\n\n\n\n<p>1.\u2060 \u2060Curvas y formas org\u00e1nicas<\/p>\n\n\n\n<p>Las l\u00edneas rectas y r\u00edgidas ceden protagonismo a siluetas suaves y envolventes. Sof\u00e1s curvos, mesas con bordes redondeados y piezas escult\u00f3ricas generan interiores m\u00e1s fluidos y acogedores.<\/p>\n\n\n\n<p>\u201cEl dise\u00f1o org\u00e1nico no solo es est\u00e9tico, tambi\u00e9n invita a habitar los espacios de forma m\u00e1s natural y relajada\u201d, se\u00f1alan los especialistas de Casa de las Lomas.<\/p>\n\n\n\n<p>Esta tendencia prioriza la ergonom\u00eda y la sensaci\u00f3n de confort visual, transformando cada ambiente en un refugio contempor\u00e1neo.<\/p>\n\n\n\n<p>9k=<\/p>\n\n\n\n<p>Un ejemplo inspirador es la Sala Lemans, cuya configuraci\u00f3n modular en blanco crea un entorno fluido y adaptable, perfecto para salas que buscan equilibrio entre dise\u00f1o y uso cotidiano. La posici\u00f3n de cada m\u00f3dulo favorece la interacci\u00f3n y la conversaci\u00f3n, haciendo de este tipo de mobiliario un protagonista discreto pero expresivo del hogar contempor\u00e1neo.<\/p>\n\n\n\n<p>2.\u2060 \u2060Paletas c\u00e1lidas: la nueva neutralidad<\/p>\n\n\n\n<figure class=\"wp-block-gallery has-nested-images columns-default is-cropped wp-block-gallery-6 is-layout-flex wp-block-gallery-is-layout-flex\">\n<figure class=\"wp-block-image size-large\"><img decoding=\"async\" width=\"500\" height=\"333\" data-id=\"1102872\" src=\"https:\/\/dimensionturistica.com\/es\/wp-content\/uploads\/2026\/01\/6CASA.jpg\" alt=\"\" class=\"wp-image-1102872\" srcset=\"https:\/\/dimensionturistica.com\/es\/wp-content\/uploads\/2026\/01\/6CASA.jpg 500w, https:\/\/dimensionturistica.com\/es\/wp-content\/uploads\/2026\/01\/6CASA-300x200.jpg 300w\" sizes=\"(max-width: 500px) 100vw, 500px\" \/><\/figure>\n<\/figure>\n\n\n\n<p>Los blancos fr\u00edos y grises industriales quedan atr\u00e1s. En 2026 dominan los tonos tierra: beige tostado, arena, camel, terracota, verde oliva y marrones profundos.<\/p>\n\n\n\n<p>Estos colores aportan sofisticaci\u00f3n sin estridencias y crean atm\u00f3sferas que conectan con la naturaleza, ideales para salas, rec\u00e1maras y espacios sociales.<\/p>\n\n\n\n<p>9k=<\/p>\n\n\n\n<p>En este contexto, el Comedor Huxley \u2014con su superficie de m\u00e1rmol y estructura en nogal\u2014 encaja como un puente entre lo c\u00e1lido y lo sofisticado. La profundidad natural de la madera combina con el brillo org\u00e1nico del m\u00e1rmol, logrando un equilibrio perfecto entre elegancia y serenidad, ideal para espacios de convivencia prolongada.<\/p>\n\n\n\n<p>3.\u2060 \u2060Materiales nobles con car\u00e1cter<\/p>\n\n\n\n<p>La tendencia apunta hacia materiales que cuentan historias: maderas con veta visible, m\u00e1rmol, travertino, piel, lino y cer\u00e1micas artesanales.<\/p>\n\n\n\n<p>El lujo se redefine desde la textura y la autenticidad, apostando por piezas que envejecen con elegancia y elevan el valor est\u00e9tico del espacio con el paso del tiempo.<\/p>\n\n\n\n<p>2Q==<\/p>\n\n\n\n<p>La Rec\u00e1mara Astor, en tono nogal, se convierte en un ejemplo de c\u00f3mo la nobleza de los materiales transforma la experiencia del descanso. Esta pieza adem\u00e1s, responde a la tendencia de rec\u00e1maras con cabeceras extendidas, que van m\u00e1s all\u00e1 del tama\u00f1o tradicional del respaldo, abarcan gran parte de la pared e incluso pueden integrar bur\u00f3s, repisas o soluciones funcionales, creando un foco visual arquitect\u00f3nico en la habitaci\u00f3n.<\/p>\n\n\n\n<p>4.\u2060 \u2060Interiores con identidad y narrativa<\/p>\n\n\n\n<p>El 2026 marca un alejamiento del minimalismo impersonal. La decoraci\u00f3n se vuelve m\u00e1s expresiva: piezas ic\u00f3nicas, acentos art\u00edsticos, mezcla de estilos y objetos con significado personal.<\/p>\n\n\n\n<p>Cada espacio se convierte en una extensi\u00f3n de quien lo habita, donde el dise\u00f1o refleja cultura, viajes, emociones y estilo de vida.<\/p>\n\n\n\n<p>2Q==<\/p>\n\n\n\n<p>El Comedor Veliero, con su combinaci\u00f3n de madera y sillas en navy, ejemplifica c\u00f3mo una pieza puede aportar personalidad sin saturar. Integrado en un espacio que abraza tonos terrosos y texturas naturales, Veliero act\u00faa como punto de encuentro visual que enriquece sin competir con otros elementos del dise\u00f1o interior.<\/p>\n\n\n\n<p>5. El nuevo lujo es sentir<\/p>\n\n\n\n<figure class=\"wp-block-gallery has-nested-images columns-default is-cropped wp-block-gallery-7 is-layout-flex wp-block-gallery-is-layout-flex\">\n<figure class=\"wp-block-image size-large\"><img decoding=\"async\" width=\"1024\" height=\"682\" data-id=\"1102873\" src=\"https:\/\/dimensionturistica.com\/es\/wp-content\/uploads\/2026\/01\/unnamed-2-1024x682.jpg\" alt=\"\" class=\"wp-image-1102873\" srcset=\"https:\/\/dimensionturistica.com\/es\/wp-content\/uploads\/2026\/01\/unnamed-2-1024x682.jpg 1024w, https:\/\/dimensionturistica.com\/es\/wp-content\/uploads\/2026\/01\/unnamed-2-300x200.jpg 300w, https:\/\/dimensionturistica.com\/es\/wp-content\/uploads\/2026\/01\/unnamed-2-768x512.jpg 768w, https:\/\/dimensionturistica.com\/es\/wp-content\/uploads\/2026\/01\/unnamed-2-1536x1023.jpg 1536w, https:\/\/dimensionturistica.com\/es\/wp-content\/uploads\/2026\/01\/unnamed-2-750x500.jpg 750w, https:\/\/dimensionturistica.com\/es\/wp-content\/uploads\/2026\/01\/unnamed-2-1140x760.jpg 1140w, https:\/\/dimensionturistica.com\/es\/wp-content\/uploads\/2026\/01\/unnamed-2.jpg 1600w\" sizes=\"(max-width: 1024px) 100vw, 1024px\" \/><\/figure>\n<\/figure>\n\n\n\n<p>M\u00e1s que ostentaci\u00f3n, el interiorismo del futuro apuesta por la experiencia: espacios que se sienten bien, que invitan a permanecer y que transmiten bienestar.<\/p>\n\n\n\n<p>Z<\/p>\n\n\n\n<p>Un ejemplo que encarna esta visi\u00f3n es la Sala Modular Alexander en tono caf\u00e9. Con su dise\u00f1o acogedor y proporciones equilibradas, no solo completa visualmente un sal\u00f3n, sino que crea zonas de descanso invitantes donde es imposible no quedarse un momento m\u00e1s, conversando, leyendo o simplemente relaj\u00e1ndose.<\/p>\n\n\n\n<p>Casa de las Lomas reafirma su visi\u00f3n de ofrecer mobiliario y propuestas de dise\u00f1o que combinan est\u00e9tica, calidad y atemporalidad, acompa\u00f1ando a quienes buscan crear hogares con alma. Insp\u00edrate con sus colecciones en cualquiera de sus galer\u00edas f\u00edsicas o en l\u00ednea a trav\u00e9s de www.casadelaslomas.com.<\/p>\n\n\n\n<p>Acerca de Casa de las Lomas<\/p>\n\n\n\n<p>Casa de las Lomas es el l\u00edder mundial de mobiliario de alto dise\u00f1o en M\u00e9xico, que se distingue por su elegancia y estilo que refleja el buen gusto. Casa de las lomas es perfecci\u00f3n, innovaci\u00f3n constante y convicci\u00f3n inalterable de experiencia de compra \u00fanica y servicio excepcional.<\/p>\n\n\n\n<p>La firma, establecida en 1994, ofrece una curadur\u00eda inigualable de dise\u00f1o y estilos, y cuenta con amplia gama de exquisitas piezas de mobiliario residencial para atraer los gustos m\u00e1s exigentes. En sus colecciones, destacan piezas limitadas e individualmente dise\u00f1adas como salas, comedores, rec\u00e1maras y art\u00edculos de decoraci\u00f3n exclusivos, que hacen gala de una gran belleza y funcionalidad, apostando por los materiales de alta calidad y una atenci\u00f3n meticulosa por los detalles.<\/p>\n\n\n\n<p>Casa de las Lomas se asocia con los dise\u00f1adores m\u00e1s aclamados de M\u00e9xico para crear colecciones exclusivas de mobiliario de alta gama, las cuales forman parte sus marcas propias: Lomas Baby, Lomas Kids and Teens e Italian Collection.<\/p>\n\n\n\n<p>La empresa ofrece el Servicio de Interiorismo y Design Center, para brindar soporte creativo, operativo y log\u00edstico en el dise\u00f1o de interiores de alta gama y vanguardia, desarrollando proyectos personalizados que asisten en la selecci\u00f3n, coreografia de&nbsp; dise\u00f1os y&nbsp; fabricaci\u00f3n de piezas aut\u00e9nticas para crear espacios sofisticados que se destaquen.<\/p>\n\n\n\n<p>Actualmente Casa de las Lomas Muebles cuenta con 23 tiendas dentro del territorio nacional, concentr\u00e1ndose la mayor parte de ellas en la CDMX y \u00e1rea metropolitana. Adem\u00e1s de brindar servicio de compra en l\u00ednea a trav\u00e9s de su portal.<\/p>\n\n\n\n<p>Para m\u00e1s informaci\u00f3n: www.casadelaslomas.com<\/p>\n","protected":false},"excerpt":{"rendered":"<p>Desde Casa de las Lomas referente en dise\u00f1o de interiores y mobiliario de alta gama, compartimos contigo un contenido editorial exclusivo sobre las tendencias de decoraci\u00f3n que marcar\u00e1n el interiorismo en 2026. El material aborda c\u00f3mo el dise\u00f1o evoluciona hacia espacios m\u00e1s c\u00e1lidos, sensoriales y funcionales, poniendo \u00e9nfasis en: &nbsp;&nbsp;&nbsp;&nbsp;&nbsp;&nbsp;&nbsp;&nbsp;&nbsp;&nbsp;&nbsp;&nbsp;&nbsp;&nbsp;&nbsp; \u2022&nbsp;&nbsp;&nbsp;&nbsp;&nbsp;&nbsp;&nbsp;&nbsp;&nbsp;&nbsp;&nbsp;&nbsp; Formas org\u00e1nicas y l\u00edneas [&hellip;]<\/p>\n","protected":false},"author":1,"featured_media":0,"comment_status":"open","ping_status":"closed","sticky":false,"template":"","format":"standard","meta":{"om_disable_all_campaigns":false,"jnews-multi-image_gallery":[],"jnews_single_post":[],"jnews_primary_category":[],"jnews_social_meta":[],"footnotes":""},"categories":[144872],"tags":[],"class_list":["post-1102867","post","type-post","status-publish","format-standard","hentry","category-fashion"],"_links":{"self":[{"href":"https:\/\/dimensionturistica.com\/es\/wp-json\/wp\/v2\/posts\/1102867","targetHints":{"allow":["GET"]}}],"collection":[{"href":"https:\/\/dimensionturistica.com\/es\/wp-json\/wp\/v2\/posts"}],"about":[{"href":"https:\/\/dimensionturistica.com\/es\/wp-json\/wp\/v2\/types\/post"}],"author":[{"embeddable":true,"href":"https:\/\/dimensionturistica.com\/es\/wp-json\/wp\/v2\/users\/1"}],"replies":[{"embeddable":true,"href":"https:\/\/dimensionturistica.com\/es\/wp-json\/wp\/v2\/comments?post=1102867"}],"version-history":[{"count":1,"href":"https:\/\/dimensionturistica.com\/es\/wp-json\/wp\/v2\/posts\/1102867\/revisions"}],"predecessor-version":[{"id":1102874,"href":"https:\/\/dimensionturistica.com\/es\/wp-json\/wp\/v2\/posts\/1102867\/revisions\/1102874"}],"wp:attachment":[{"href":"https:\/\/dimensionturistica.com\/es\/wp-json\/wp\/v2\/media?parent=1102867"}],"wp:term":[{"taxonomy":"category","embeddable":true,"href":"https:\/\/dimensionturistica.com\/es\/wp-json\/wp\/v2\/categories?post=1102867"},{"taxonomy":"post_tag","embeddable":true,"href":"https:\/\/dimensionturistica.com\/es\/wp-json\/wp\/v2\/tags?post=1102867"}],"curies":[{"name":"wp","href":"https:\/\/api.w.org\/{rel}","templated":true}]}}