{"id":1102819,"date":"2026-01-24T16:57:01","date_gmt":"2026-01-24T16:57:01","guid":{"rendered":"https:\/\/dimensionturistica.com\/es\/?p=1102819"},"modified":"2026-01-24T16:57:01","modified_gmt":"2026-01-24T16:57:01","slug":"museo-del-axolote-celebra-el-dia-nacional-del-axolote-con-cultura-ciencia-y-experiencias-para-toda-la-familia","status":"publish","type":"post","link":"https:\/\/dimensionturistica.com\/es\/museo-del-axolote-celebra-el-dia-nacional-del-axolote-con-cultura-ciencia-y-experiencias-para-toda-la-familia\/","title":{"rendered":"Museo del Axolote celebra el D\u00eda Nacional del Axolote con cultura, ciencia y experiencias para toda la familia"},"content":{"rendered":"\n<figure class=\"wp-block-gallery has-nested-images columns-default is-cropped wp-block-gallery-1 is-layout-flex wp-block-gallery-is-layout-flex\">\n<figure class=\"wp-block-image size-large\"><img decoding=\"async\" width=\"500\" height=\"442\" data-id=\"1102820\" src=\"https:\/\/dimensionturistica.com\/es\/wp-content\/uploads\/2026\/01\/1AJOLO.jpg\" alt=\"\" class=\"wp-image-1102820\" srcset=\"https:\/\/dimensionturistica.com\/es\/wp-content\/uploads\/2026\/01\/1AJOLO.jpg 500w, https:\/\/dimensionturistica.com\/es\/wp-content\/uploads\/2026\/01\/1AJOLO-300x265.jpg 300w\" sizes=\"(max-width: 500px) 100vw, 500px\" \/><\/figure>\n<\/figure>\n\n\n\n<p>El Museo del Axolote invita al p\u00fablico a celebrar el&nbsp;D\u00eda Nacional del Axolote&nbsp;el pr\u00f3ximo&nbsp;1 de febrero, con una jornada especial llena de actividades culturales, art\u00edsticas y cient\u00edficas que buscan fortalecer el v\u00ednculo entre la sociedad y uno de los s\u00edmbolos vivos m\u00e1s importantes de la biodiversidad mexicana.<\/p>\n\n\n\n<p>El museo celebra el 1 de febrero como una fecha conmemorativa que remite a la publicaci\u00f3n, en 2018, del genoma del ajolote en la revista&nbsp;Nature, un hito cient\u00edfico que, en su momento, represent\u00f3 el genoma m\u00e1s grande secuenciado, con 32 mil millones de pares de bases de ADN. Desde entonces, esta fecha se ha convertido en un s\u00edmbolo de los esfuerzos por preservar a estas especies, que se encuentran en peligro de extinci\u00f3n.<\/p>\n\n\n\n<figure class=\"wp-block-gallery has-nested-images columns-default is-cropped wp-block-gallery-2 is-layout-flex wp-block-gallery-is-layout-flex\">\n<figure class=\"wp-block-image size-large\"><img decoding=\"async\" width=\"500\" height=\"680\" data-id=\"1102821\" src=\"https:\/\/dimensionturistica.com\/es\/wp-content\/uploads\/2026\/01\/2AJOLO.jpg\" alt=\"\" class=\"wp-image-1102821\" srcset=\"https:\/\/dimensionturistica.com\/es\/wp-content\/uploads\/2026\/01\/2AJOLO.jpg 500w, https:\/\/dimensionturistica.com\/es\/wp-content\/uploads\/2026\/01\/2AJOLO-221x300.jpg 221w\" sizes=\"(max-width: 500px) 100vw, 500px\" \/><\/figure>\n<\/figure>\n\n\n\n<p>\u201cEl creciente inter\u00e9s por el axolote representa una gran oportunidad, pero tambi\u00e9n<\/p>\n\n\n\n<p>una responsabilidad. Es fundamental que ese inter\u00e9s se traduzca en conocimiento, conciencia y acciones concretas para su conservaci\u00f3n\u201d, se\u00f1al\u00f3&nbsp;Pamela Valencia,<\/p>\n\n\n\n<p>fundadora del Museo del Axolote. \u201cEste evento busca justamente eso: acercar la<\/p>\n\n\n\n<p>ciencia, el arte y la cultura a las personas para generar un compromiso real con el<\/p>\n\n\n\n<figure class=\"wp-block-gallery has-nested-images columns-default is-cropped wp-block-gallery-3 is-layout-flex wp-block-gallery-is-layout-flex\">\n<figure class=\"wp-block-image size-large\"><img decoding=\"async\" width=\"500\" height=\"888\" data-id=\"1102822\" src=\"https:\/\/dimensionturistica.com\/es\/wp-content\/uploads\/2026\/01\/5AJOL.jpg\" alt=\"\" class=\"wp-image-1102822\" srcset=\"https:\/\/dimensionturistica.com\/es\/wp-content\/uploads\/2026\/01\/5AJOL.jpg 500w, https:\/\/dimensionturistica.com\/es\/wp-content\/uploads\/2026\/01\/5AJOL-169x300.jpg 169w\" sizes=\"(max-width: 500px) 100vw, 500px\" \/><\/figure>\n<\/figure>\n\n\n\n<p>cuidado de nuestros ecosistemas\u201d.<\/p>\n\n\n\n<p>Durante la jornada del&nbsp;1 de febrero, el Museo del Axolote ofrecer\u00e1 un programa continuo de actividades que combina divulgaci\u00f3n cient\u00edfica, expresiones art\u00edsticas, cine, teatro y experiencias l\u00fadicas:<\/p>\n\n\n\n<p>\uf0b7 Lucha libre con el luchador Axolotl, una actividad de apertura que conecta la cultura popular con el orgullo por la identidad mexicana.<\/p>\n\n\n\n<p>\uf0b7 Exposici\u00f3n fotogr\u00e1fica, dedicada a la mirada contempor\u00e1nea del axolote y su entorno natural.<\/p>\n\n\n\n<p>\uf0b7 Obra de teatro&nbsp;\u201cEl vuelo del quetzal o la pol\u00edtica como presagio\u201d, una propuesta esc\u00e9nica que invita a la reflexi\u00f3n desde el arte.<\/p>\n\n\n\n<figure class=\"wp-block-gallery has-nested-images columns-default is-cropped wp-block-gallery-4 is-layout-flex wp-block-gallery-is-layout-flex\"><\/figure>\n\n\n\n<figure class=\"wp-block-gallery has-nested-images columns-default is-cropped wp-block-gallery-5 is-layout-flex wp-block-gallery-is-layout-flex\">\n<figure class=\"wp-block-image size-large\"><img decoding=\"async\" width=\"500\" height=\"333\" data-id=\"1102823\" src=\"https:\/\/dimensionturistica.com\/es\/wp-content\/uploads\/2026\/01\/6AJOL.jpg\" alt=\"\" class=\"wp-image-1102823\" srcset=\"https:\/\/dimensionturistica.com\/es\/wp-content\/uploads\/2026\/01\/6AJOL.jpg 500w, https:\/\/dimensionturistica.com\/es\/wp-content\/uploads\/2026\/01\/6AJOL-300x200.jpg 300w\" sizes=\"(max-width: 500px) 100vw, 500px\" \/><\/figure>\n<\/figure>\n\n\n\n<p>\uf0b7 Taller con el Instituto de Ciencias Biom\u00e9dicas de la UNAM, titulado&nbsp;\u201cPeque\u00f1os datos, grandes habilidades: descubriendo al ajolote\u201d, enfocado en el aprendizaje cient\u00edfico para p\u00fablicos diversos.<\/p>\n\n\n\n<p>\uf0b7 Charla magistral&nbsp;\u201cRegenerar sin magia: la biolog\u00eda detr\u00e1s del ajolote\u201d, impartida por la&nbsp;Dra. Jessica Mar\u00edn Llera, especialista en el tema.<\/p>\n\n\n\n<p>\uf0b7 Conferencia&nbsp;\u201cSalvar al axolote desde su ADN: gen\u00e9tica para la conservaci\u00f3n\u201d, a cargo de&nbsp;Er\u00e9ndira Arana, bi\u00f3loga y estudiante de la Maestr\u00eda en Ciencias Biol\u00f3gicas de la UNAM.<\/p>\n\n\n\n<p>\uf0b7 Proyecci\u00f3n del documental&nbsp;\u201cAhora soy un axolote\u201d.<\/p>\n\n\n\n<p>\uf0b7 Proyecci\u00f3n del documental&nbsp;\u201cAxolotitl\u00e1n: encuentros de resiliencia y regeneraci\u00f3n\u201d.<\/p>\n\n\n\n<p>\uf0b7 Animaci\u00f3n&nbsp;\u201cMonstruo de agua\u201d, de&nbsp;Kotik Villela.<\/p>\n\n\n\n<p>\uf0b7 Proyecci\u00f3n del documental&nbsp;\u201cB\u00c4TSY\u201d.<\/p>\n\n\n\n<p>\uf0b7 Charla&nbsp;\u201cPIGCHI: emprendimiento de mujeres en pro de los animales\u201d, enfocada en proyectos con impacto social y ambiental.<\/p>\n\n\n\n<p>Adem\u00e1s, durante todo el d\u00eda, el p\u00fablico podr\u00e1 disfrutar de un&nbsp;bazar de alimentos y productos para los amantes de los ajolotes, con propuestas alineadas a la econom\u00eda<\/p>\n\n\n\n<p>local y al consumo consciente.<\/p>\n\n\n\n<p>Un espacio para aprender, celebrar y actuar<\/p>\n\n\n\n<p>Con esta celebraci\u00f3n, el Museo del Axolote reafirma su compromiso como un espacio dedicado no solo a la difusi\u00f3n cultural, sino tambi\u00e9n a la educaci\u00f3n ambiental y la conservaci\u00f3n del axolote, promoviendo el di\u00e1logo entre ciencia, arte y comunidad.<\/p>\n\n\n\n<p>El evento est\u00e1 dise\u00f1ado para p\u00fablico familiar y busca que cada visitante se lleve no solo una experiencia memorable, sino tambi\u00e9n informaci\u00f3n clara y herramientas para contribuir, desde su vida cotidiana, a la protecci\u00f3n de esta especie \u00fanica en el mundo.<\/p>\n\n\n\n<p>Detalles del evento:<\/p>\n\n\n\n<p>\uf0b7 Fecha:&nbsp;1 de febrero de 2026<\/p>\n\n\n\n<p>\uf0b7 Horario:&nbsp;9:00 a.m. a 6:00 p.m.<\/p>\n\n\n\n<p>\uf0b7 Lugar:&nbsp;Museo del Axolote<\/p>\n\n\n\n<p>\uf0b7 Costo:&nbsp;$100 adultos | $50 ni\u00f1os<\/p>\n\n\n\n<p>\uf0b7 Direcci\u00f3n:&nbsp;Av. Prolongaci\u00f3n 5 de mayo #521, 2\u00ba Parque de las \u00c1guilas, Alcald\u00eda \u00c1lvaro Obreg\u00f3n, Ciudad de M\u00e9xico.<\/p>\n\n\n\n<p>Para m\u00e1s informaci\u00f3n, visita www.museodelaxolote.org.mx o s\u00edguenos en nuestras redes sociales. @Axolotitlan @MuseoDelAxolote<\/p>\n","protected":false},"excerpt":{"rendered":"<p>El Museo del Axolote invita al p\u00fablico a celebrar el&nbsp;D\u00eda Nacional del Axolote&nbsp;el pr\u00f3ximo&nbsp;1 de febrero, con una jornada especial llena de actividades culturales, art\u00edsticas y cient\u00edficas que buscan fortalecer el v\u00ednculo entre la sociedad y uno de los s\u00edmbolos vivos m\u00e1s importantes de la biodiversidad mexicana. El museo celebra el 1 de febrero como [&hellip;]<\/p>\n","protected":false},"author":1,"featured_media":0,"comment_status":"open","ping_status":"closed","sticky":false,"template":"","format":"standard","meta":{"om_disable_all_campaigns":false,"jnews-multi-image_gallery":[],"jnews_single_post":[],"jnews_primary_category":[],"jnews_social_meta":[],"footnotes":""},"categories":[39],"tags":[],"class_list":["post-1102819","post","type-post","status-publish","format-standard","hentry","category-viajes"],"_links":{"self":[{"href":"https:\/\/dimensionturistica.com\/es\/wp-json\/wp\/v2\/posts\/1102819","targetHints":{"allow":["GET"]}}],"collection":[{"href":"https:\/\/dimensionturistica.com\/es\/wp-json\/wp\/v2\/posts"}],"about":[{"href":"https:\/\/dimensionturistica.com\/es\/wp-json\/wp\/v2\/types\/post"}],"author":[{"embeddable":true,"href":"https:\/\/dimensionturistica.com\/es\/wp-json\/wp\/v2\/users\/1"}],"replies":[{"embeddable":true,"href":"https:\/\/dimensionturistica.com\/es\/wp-json\/wp\/v2\/comments?post=1102819"}],"version-history":[{"count":1,"href":"https:\/\/dimensionturistica.com\/es\/wp-json\/wp\/v2\/posts\/1102819\/revisions"}],"predecessor-version":[{"id":1102824,"href":"https:\/\/dimensionturistica.com\/es\/wp-json\/wp\/v2\/posts\/1102819\/revisions\/1102824"}],"wp:attachment":[{"href":"https:\/\/dimensionturistica.com\/es\/wp-json\/wp\/v2\/media?parent=1102819"}],"wp:term":[{"taxonomy":"category","embeddable":true,"href":"https:\/\/dimensionturistica.com\/es\/wp-json\/wp\/v2\/categories?post=1102819"},{"taxonomy":"post_tag","embeddable":true,"href":"https:\/\/dimensionturistica.com\/es\/wp-json\/wp\/v2\/tags?post=1102819"}],"curies":[{"name":"wp","href":"https:\/\/api.w.org\/{rel}","templated":true}]}}