{"id":1102805,"date":"2026-01-24T16:34:13","date_gmt":"2026-01-24T16:34:13","guid":{"rendered":"https:\/\/dimensionturistica.com\/es\/?p=1102805"},"modified":"2026-01-24T16:34:13","modified_gmt":"2026-01-24T16:34:13","slug":"josefina-rodriguez-presenta-en-madrid-obra-wixarika-de-cesar-menchaca-como-puente-cultural-entre-mexico-y-espana","status":"publish","type":"post","link":"https:\/\/dimensionturistica.com\/es\/josefina-rodriguez-presenta-en-madrid-obra-wixarika-de-cesar-menchaca-como-puente-cultural-entre-mexico-y-espana\/","title":{"rendered":"Josefina Rodr\u00edguez presenta en Madrid obra wix\u00e1rika de C\u00e9sar Menchaca como puente cultural entre M\u00e9xico y Espa\u00f1a"},"content":{"rendered":"\n<figure class=\"wp-block-gallery has-nested-images columns-default is-cropped wp-block-gallery-1 is-layout-flex wp-block-gallery-is-layout-flex\">\n<figure class=\"wp-block-image size-large\"><img decoding=\"async\" width=\"400\" height=\"70\" data-id=\"1102806\" src=\"https:\/\/dimensionturistica.com\/es\/wp-content\/uploads\/2026\/01\/SECTUR.jpg\" alt=\"\" class=\"wp-image-1102806\" srcset=\"https:\/\/dimensionturistica.com\/es\/wp-content\/uploads\/2026\/01\/SECTUR.jpg 400w, https:\/\/dimensionturistica.com\/es\/wp-content\/uploads\/2026\/01\/SECTUR-300x53.jpg 300w\" sizes=\"(max-width: 400px) 100vw, 400px\" \/><\/figure>\n<\/figure>\n\n\n\n<p>En el marco de la Feria Internacional de Turismo (Fitur) 2026, la secretaria de Turismo del Gobierno de M\u00e9xico, Josefina Rodr\u00edguez Zamora, encabez\u00f3 el corte de list\u00f3n de la exhibici\u00f3n de la escultura El Oso y el Madro\u00f1o, del artista mexicano C\u00e9sar Menchaca.<\/p>\n\n\n\n<figure class=\"wp-block-gallery has-nested-images columns-default is-cropped wp-block-gallery-2 is-layout-flex wp-block-gallery-is-layout-flex\">\n<figure class=\"wp-block-image size-large\"><img decoding=\"async\" width=\"500\" height=\"333\" data-id=\"1102807\" src=\"https:\/\/dimensionturistica.com\/es\/wp-content\/uploads\/2026\/01\/2SECTUR-2.jpg\" alt=\"\" class=\"wp-image-1102807\" srcset=\"https:\/\/dimensionturistica.com\/es\/wp-content\/uploads\/2026\/01\/2SECTUR-2.jpg 500w, https:\/\/dimensionturistica.com\/es\/wp-content\/uploads\/2026\/01\/2SECTUR-2-300x200.jpg 300w\" sizes=\"(max-width: 500px) 100vw, 500px\" \/><\/figure>\n<\/figure>\n\n\n\n<p>\u201cHoy, en el coraz\u00f3n de Madrid, celebramos algo que va m\u00e1s all\u00e1 de una pieza art\u00edstica: celebramos un encuentro entre dos naciones hermanadas por la historia y un presente compartido que se expresa \u2014como mejor lo sabe hacer el arte\u2014 con belleza, identidad y emoci\u00f3n\u201d, declar\u00f3.<\/p>\n\n\n\n<p>Acompa\u00f1ada por el embajador de M\u00e9xico en Espa\u00f1a, Quirino Ordaz Coppel y por el secretario de Turismo del estado de Nayarit, Juan Enrique Su\u00e1rez del Real Tostado, la secretaria de Turismo inform\u00f3 que la obra se exhibir\u00e1 del 20 al 24 de enero en la plaza La Puerta del Sol.<\/p>\n\n\n\n<p>El Oso y el Madro\u00f1o es uno de los s\u00edmbolos m\u00e1s reconocibles de Madrid, adoptado como emblema her\u00e1ldico de la ciudad. En esta intervenci\u00f3n, Menchaca lo reinterpreta desde el arte wix\u00e1rika, integrando t\u00e9cnicas contempor\u00e1neas y tradiciones ind\u00edgenas.<\/p>\n\n\n\n<figure class=\"wp-block-gallery has-nested-images columns-default is-cropped wp-block-gallery-3 is-layout-flex wp-block-gallery-is-layout-flex\">\n<figure class=\"wp-block-image size-large\"><img decoding=\"async\" width=\"500\" height=\"333\" data-id=\"1102808\" src=\"https:\/\/dimensionturistica.com\/es\/wp-content\/uploads\/2026\/01\/4SECTUR-2.jpg\" alt=\"\" class=\"wp-image-1102808\" srcset=\"https:\/\/dimensionturistica.com\/es\/wp-content\/uploads\/2026\/01\/4SECTUR-2.jpg 500w, https:\/\/dimensionturistica.com\/es\/wp-content\/uploads\/2026\/01\/4SECTUR-2-300x200.jpg 300w\" sizes=\"(max-width: 500px) 100vw, 500px\" \/><\/figure>\n<\/figure>\n\n\n\n<p>La escultura fue realizada en t\u00e9cnica mixta y recubierta con m\u00e1s de 7 millones de chaquiras de cristal, colocadas minuciosamente a mano por un equipo integrado por 20 personas \u2014entre artistas pl\u00e1sticos de la Cdmx y artesanos wix\u00e1rika\u2014, en un proceso que tom\u00f3 m\u00e1s de 4 mil horas de trabajo.<\/p>\n\n\n\n<p>Por su parte, el artista C\u00e9sar Menchaca afirm\u00f3 que no se trata \u00fanicamente de presentar una escultura, sino de compartir la visi\u00f3n espiritual de su pueblo. \u201cQue esta pieza no sea recordada s\u00f3lo por su est\u00e9tica, sino por el abrazo que nos damos hoy entre M\u00e9xico y Espa\u00f1a\u201d, expres\u00f3.<\/p>\n\n\n\n<figure class=\"wp-block-gallery has-nested-images columns-default is-cropped wp-block-gallery-4 is-layout-flex wp-block-gallery-is-layout-flex\">\n<figure class=\"wp-block-image size-large\"><img decoding=\"async\" width=\"500\" height=\"333\" data-id=\"1102809\" src=\"https:\/\/dimensionturistica.com\/es\/wp-content\/uploads\/2026\/01\/6SECTUR-2.jpg\" alt=\"\" class=\"wp-image-1102809\" srcset=\"https:\/\/dimensionturistica.com\/es\/wp-content\/uploads\/2026\/01\/6SECTUR-2.jpg 500w, https:\/\/dimensionturistica.com\/es\/wp-content\/uploads\/2026\/01\/6SECTUR-2-300x200.jpg 300w\" sizes=\"(max-width: 500px) 100vw, 500px\" \/><\/figure>\n<\/figure>\n\n\n\n<p>\u201cHoy no vengo s\u00f3lo a entregar una escultura; vengo a entregar un pedazo de mi alma y de la cosmovisi\u00f3n de mi pueblo. Estar aqu\u00ed, en el coraz\u00f3n de Madrid, en la Puerta del Sol, es cumplir un sue\u00f1o donde cada una de las miles de cuentas de este Oso y el Madro\u00f1o se unen, tejiendo lazos\u201d, declar\u00f3.<\/p>\n\n\n\n<p>Durante el acto, Rodr\u00edguez Zamora se\u00f1al\u00f3 que esta obra \u201crepresenta una nueva forma de presencia cultural de M\u00e9xico en el mundo\u201d, y afirm\u00f3 que, cuando el pa\u00eds decide estar presente, \u201cllega con lo mejor que tiene: su talento, su creatividad, su identidad y su cooperaci\u00f3n\u201d.<\/p>\n\n\n\n<figure class=\"wp-block-gallery has-nested-images columns-default is-cropped wp-block-gallery-5 is-layout-flex wp-block-gallery-is-layout-flex\">\n<figure class=\"wp-block-image size-large\"><img decoding=\"async\" width=\"500\" height=\"333\" data-id=\"1102810\" src=\"https:\/\/dimensionturistica.com\/es\/wp-content\/uploads\/2026\/01\/5SECTUR.jpg\" alt=\"\" class=\"wp-image-1102810\" srcset=\"https:\/\/dimensionturistica.com\/es\/wp-content\/uploads\/2026\/01\/5SECTUR.jpg 500w, https:\/\/dimensionturistica.com\/es\/wp-content\/uploads\/2026\/01\/5SECTUR-300x200.jpg 300w\" sizes=\"(max-width: 500px) 100vw, 500px\" \/><\/figure>\n<\/figure>\n\n\n\n<p>A\u00f1adi\u00f3 que con esta iniciativa se busca que el mundo no s\u00f3lo vea a M\u00e9xico en un stand, sino que \u201cse sienta en la ciudad, se encuentre en sus espacios y se recuerde permanentemente por su fuerza cultural. M\u00e9xico est\u00e1 de moda y esta pieza es un testimonio m\u00e1s de ello\u201d.<\/p>\n\n\n\n<figure class=\"wp-block-gallery has-nested-images columns-default is-cropped wp-block-gallery-6 is-layout-flex wp-block-gallery-is-layout-flex\">\n<figure class=\"wp-block-image size-large\"><img decoding=\"async\" width=\"500\" height=\"333\" data-id=\"1102811\" src=\"https:\/\/dimensionturistica.com\/es\/wp-content\/uploads\/2026\/01\/55SECTUR.jpg\" alt=\"\" class=\"wp-image-1102811\" srcset=\"https:\/\/dimensionturistica.com\/es\/wp-content\/uploads\/2026\/01\/55SECTUR.jpg 500w, https:\/\/dimensionturistica.com\/es\/wp-content\/uploads\/2026\/01\/55SECTUR-300x200.jpg 300w\" sizes=\"(max-width: 500px) 100vw, 500px\" \/><\/figure>\n<\/figure>\n\n\n\n<p>La pieza incorpora elementos clave de la cosmovisi\u00f3n wix\u00e1rika, como la planta sagrada h\u00edkuri, considerada medicina ancestral y portal espiritual; el venado (kauyumari), mensajero divino y gu\u00eda en la b\u00fasqueda del h\u00edkuri; y el tsikuri u Ojo de Dios, s\u00edmbolo de protecci\u00f3n y representaci\u00f3n del orden del universo.<\/p>\n","protected":false},"excerpt":{"rendered":"<p>En el marco de la Feria Internacional de Turismo (Fitur) 2026, la secretaria de Turismo del Gobierno de M\u00e9xico, Josefina Rodr\u00edguez Zamora, encabez\u00f3 el corte de list\u00f3n de la exhibici\u00f3n de la escultura El Oso y el Madro\u00f1o, del artista mexicano C\u00e9sar Menchaca. \u201cHoy, en el coraz\u00f3n de Madrid, celebramos algo que va m\u00e1s all\u00e1 [&hellip;]<\/p>\n","protected":false},"author":1,"featured_media":0,"comment_status":"open","ping_status":"closed","sticky":false,"template":"","format":"standard","meta":{"om_disable_all_campaigns":false,"jnews-multi-image_gallery":[],"jnews_single_post":[],"jnews_primary_category":[],"jnews_social_meta":[],"footnotes":""},"categories":[39],"tags":[],"class_list":["post-1102805","post","type-post","status-publish","format-standard","hentry","category-viajes"],"_links":{"self":[{"href":"https:\/\/dimensionturistica.com\/es\/wp-json\/wp\/v2\/posts\/1102805","targetHints":{"allow":["GET"]}}],"collection":[{"href":"https:\/\/dimensionturistica.com\/es\/wp-json\/wp\/v2\/posts"}],"about":[{"href":"https:\/\/dimensionturistica.com\/es\/wp-json\/wp\/v2\/types\/post"}],"author":[{"embeddable":true,"href":"https:\/\/dimensionturistica.com\/es\/wp-json\/wp\/v2\/users\/1"}],"replies":[{"embeddable":true,"href":"https:\/\/dimensionturistica.com\/es\/wp-json\/wp\/v2\/comments?post=1102805"}],"version-history":[{"count":1,"href":"https:\/\/dimensionturistica.com\/es\/wp-json\/wp\/v2\/posts\/1102805\/revisions"}],"predecessor-version":[{"id":1102812,"href":"https:\/\/dimensionturistica.com\/es\/wp-json\/wp\/v2\/posts\/1102805\/revisions\/1102812"}],"wp:attachment":[{"href":"https:\/\/dimensionturistica.com\/es\/wp-json\/wp\/v2\/media?parent=1102805"}],"wp:term":[{"taxonomy":"category","embeddable":true,"href":"https:\/\/dimensionturistica.com\/es\/wp-json\/wp\/v2\/categories?post=1102805"},{"taxonomy":"post_tag","embeddable":true,"href":"https:\/\/dimensionturistica.com\/es\/wp-json\/wp\/v2\/tags?post=1102805"}],"curies":[{"name":"wp","href":"https:\/\/api.w.org\/{rel}","templated":true}]}}