{"id":1102791,"date":"2026-01-24T15:59:19","date_gmt":"2026-01-24T15:59:19","guid":{"rendered":"https:\/\/dimensionturistica.com\/es\/?p=1102791"},"modified":"2026-01-24T15:59:19","modified_gmt":"2026-01-24T15:59:19","slug":"la-adolescencia-de-los-hijos-es-una-segunda-oportunidad-para-los-padres","status":"publish","type":"post","link":"https:\/\/dimensionturistica.com\/es\/la-adolescencia-de-los-hijos-es-una-segunda-oportunidad-para-los-padres\/","title":{"rendered":"\u201cLa adolescencia de los hijos es una segunda oportunidad para los padres\u201d"},"content":{"rendered":"\n<figure class=\"wp-block-gallery has-nested-images columns-default is-cropped wp-block-gallery-1 is-layout-flex wp-block-gallery-is-layout-flex\">\n<figure class=\"wp-block-image size-large\"><img decoding=\"async\" width=\"474\" height=\"119\" data-id=\"1102792\" src=\"https:\/\/dimensionturistica.com\/es\/wp-content\/uploads\/2026\/01\/1DRA-1.jpg\" alt=\"\" class=\"wp-image-1102792\" srcset=\"https:\/\/dimensionturistica.com\/es\/wp-content\/uploads\/2026\/01\/1DRA-1.jpg 474w, https:\/\/dimensionturistica.com\/es\/wp-content\/uploads\/2026\/01\/1DRA-1-300x75.jpg 300w\" sizes=\"(max-width: 474px) 100vw, 474px\" \/><\/figure>\n<\/figure>\n\n\n\n<p>Una gu\u00eda pr\u00e1ctica, cercana y profundamente humana que acompa\u00f1a a madres y padres en el desaf\u00edo de criar y vincularse con hijos adolescentes, sin quedar atrapados en patrones de comportamiento que alguna vez prometieron no repetir.<\/p>\n\n\n\n<p>La autora parte de una premisa clara y liberadora: la pregunta no es si repetimos \u2014porque todos lo hacemos\u2014, sino qu\u00e9 repetimos y c\u00f3mo eso impacta en nuestras relaciones m\u00e1s importantes. Desde all\u00ed, invita a iniciar un proceso de autoconciencia que permite identificar conductas heredadas, comprender su origen inconsciente y, sobre todo,<\/p>\n\n\n\n<p>transformarlas.<\/p>\n\n\n\n<figure class=\"wp-block-gallery has-nested-images columns-default is-cropped wp-block-gallery-2 is-layout-flex wp-block-gallery-is-layout-flex\">\n<figure class=\"wp-block-image size-large\"><img decoding=\"async\" width=\"500\" height=\"364\" data-id=\"1102793\" src=\"https:\/\/dimensionturistica.com\/es\/wp-content\/uploads\/2026\/01\/5DRA.jpg\" alt=\"\" class=\"wp-image-1102793\" srcset=\"https:\/\/dimensionturistica.com\/es\/wp-content\/uploads\/2026\/01\/5DRA.jpg 500w, https:\/\/dimensionturistica.com\/es\/wp-content\/uploads\/2026\/01\/5DRA-300x218.jpg 300w, https:\/\/dimensionturistica.com\/es\/wp-content\/uploads\/2026\/01\/5DRA-120x86.jpg 120w\" sizes=\"(max-width: 500px) 100vw, 500px\" \/><\/figure>\n<\/figure>\n\n\n\n<p>M\u00e1s que un libro sobre adolescencia, Repetir o reparar es una invitaci\u00f3n a convertir esta etapa en una segunda oportunidad: para crecer, reparar v\u00ednculos y construir relaciones m\u00e1s conscientes, emp\u00e1ticas y amorosas.<\/p>\n\n\n\n<p>La Dra. Natalia Ruiz Otero presento su nuevo libro<\/p>\n\n\n\n<p>Repetir o Reparar<\/p>\n\n\n\n<p>Publico recomendado<\/p>\n\n\n\n<p>Madres y padres de hijos adolescentes.<\/p>\n\n\n\n<p>Familias que buscan mejorar la comunicaci\u00f3n y los v\u00ednculos.<\/p>\n\n\n\n<p>Profesionales de la salud mental y la educaci\u00f3n.<\/p>\n\n\n\n<p>Personas interesadas en el autoconocimiento y el crecimiento personal.<\/p>\n\n\n\n<p>Cap\u00edtulo a cap\u00edtulo, la Dra. Natalia Ruiz de Otero comparte informaci\u00f3n cl\u00ednica valiosa, ejemplos cotidianos y ejercicios pr\u00e1cticos que ayudan a madres y padres a reconocer aquello que necesita un cambio.<\/p>\n\n\n\n<p>En este recorrido, el lector tambi\u00e9n tiene la oportunidad de resignificar su propia adolescencia y sanar fragmentos emocionales que siguen influyendo en la manera de vincularse hoy.<\/p>\n\n\n\n<p>\u00bfQu\u00e9 hace este a este libro diferente?<\/p>\n\n\n\n<p>Combina experiencia cl\u00ednica con un lenguaje accesible y cercano.<\/p>\n\n\n\n<p>Propone ejercicios pr\u00e1cticos aplicables a la vida cotidiana. Integra la historia personal de los padres como parte del proceso de cambio.<\/p>\n\n\n\n<p>Ofrece una mirada esperanzadora sobre la adolescencia, lejos del conflicto permanente.<\/p>\n\n\n\n<p>\u00a1Cons\u00edguelo aqu\u00ed!<\/p>\n\n\n\n<p>DISPONIBLE EN FORMATO KINDLE<\/p>\n\n\n\n<p>Y PASTA BLANDA EN AMAZON.<\/p>\n","protected":false},"excerpt":{"rendered":"<p>Una gu\u00eda pr\u00e1ctica, cercana y profundamente humana que acompa\u00f1a a madres y padres en el desaf\u00edo de criar y vincularse con hijos adolescentes, sin quedar atrapados en patrones de comportamiento que alguna vez prometieron no repetir. La autora parte de una premisa clara y liberadora: la pregunta no es si repetimos \u2014porque todos lo hacemos\u2014, [&hellip;]<\/p>\n","protected":false},"author":1,"featured_media":0,"comment_status":"open","ping_status":"closed","sticky":false,"template":"","format":"standard","meta":{"om_disable_all_campaigns":false,"jnews-multi-image_gallery":[],"jnews_single_post":[],"jnews_primary_category":[],"jnews_social_meta":[],"footnotes":""},"categories":[144872],"tags":[],"class_list":["post-1102791","post","type-post","status-publish","format-standard","hentry","category-fashion"],"_links":{"self":[{"href":"https:\/\/dimensionturistica.com\/es\/wp-json\/wp\/v2\/posts\/1102791","targetHints":{"allow":["GET"]}}],"collection":[{"href":"https:\/\/dimensionturistica.com\/es\/wp-json\/wp\/v2\/posts"}],"about":[{"href":"https:\/\/dimensionturistica.com\/es\/wp-json\/wp\/v2\/types\/post"}],"author":[{"embeddable":true,"href":"https:\/\/dimensionturistica.com\/es\/wp-json\/wp\/v2\/users\/1"}],"replies":[{"embeddable":true,"href":"https:\/\/dimensionturistica.com\/es\/wp-json\/wp\/v2\/comments?post=1102791"}],"version-history":[{"count":1,"href":"https:\/\/dimensionturistica.com\/es\/wp-json\/wp\/v2\/posts\/1102791\/revisions"}],"predecessor-version":[{"id":1102794,"href":"https:\/\/dimensionturistica.com\/es\/wp-json\/wp\/v2\/posts\/1102791\/revisions\/1102794"}],"wp:attachment":[{"href":"https:\/\/dimensionturistica.com\/es\/wp-json\/wp\/v2\/media?parent=1102791"}],"wp:term":[{"taxonomy":"category","embeddable":true,"href":"https:\/\/dimensionturistica.com\/es\/wp-json\/wp\/v2\/categories?post=1102791"},{"taxonomy":"post_tag","embeddable":true,"href":"https:\/\/dimensionturistica.com\/es\/wp-json\/wp\/v2\/tags?post=1102791"}],"curies":[{"name":"wp","href":"https:\/\/api.w.org\/{rel}","templated":true}]}}