{"id":1102777,"date":"2026-01-24T15:35:30","date_gmt":"2026-01-24T15:35:30","guid":{"rendered":"https:\/\/dimensionturistica.com\/es\/?p=1102777"},"modified":"2026-01-24T15:35:30","modified_gmt":"2026-01-24T15:35:30","slug":"la-electrificacion-del-parque-vehicular-abre-un-nuevo-reto-para-el-servicio-y-mantenimiento-automotriz","status":"publish","type":"post","link":"https:\/\/dimensionturistica.com\/es\/la-electrificacion-del-parque-vehicular-abre-un-nuevo-reto-para-el-servicio-y-mantenimiento-automotriz\/","title":{"rendered":"La electrificaci\u00f3n del parque vehicular abre un nuevo reto para el servicio y mantenimiento automotriz"},"content":{"rendered":"\n<figure class=\"wp-block-gallery has-nested-images columns-default is-cropped wp-block-gallery-1 is-layout-flex wp-block-gallery-is-layout-flex\">\n<figure class=\"wp-block-image size-large\"><img decoding=\"async\" width=\"500\" height=\"327\" data-id=\"1102779\" src=\"https:\/\/dimensionturistica.com\/es\/wp-content\/uploads\/2026\/01\/pitzjpg.jpg\" alt=\"\" class=\"wp-image-1102779\" srcset=\"https:\/\/dimensionturistica.com\/es\/wp-content\/uploads\/2026\/01\/pitzjpg.jpg 500w, https:\/\/dimensionturistica.com\/es\/wp-content\/uploads\/2026\/01\/pitzjpg-300x196.jpg 300w\" sizes=\"(max-width: 500px) 100vw, 500px\" \/><\/figure>\n<\/figure>\n\n\n\n<p>A medida que los veh\u00edculos el\u00e9ctricos ganan presencia en las calles, el ecosistema de talleres mec\u00e1nicos en M\u00e9xico enfrenta un desaf\u00edo poco visible: adaptar sus procesos, conocimientos y diagn\u00f3sticos a una tecnolog\u00eda distinta.<\/p>\n\n\n\n<p>Aunque el crecimiento de este tipo de unidades representa un avance importante en t\u00e9rminos de movilidad y sostenibilidad, tambi\u00e9n abre una brecha operativa en el servicio y mantenimiento automotriz que a\u00fan no ha sido resuelta.<\/p>\n\n\n\n<p>A diferencia de los veh\u00edculos de combusti\u00f3n interna, los autos el\u00e9ctricos requieren protocolos espec\u00edficos de diagn\u00f3stico, manejo de componentes de alto voltaje y una comprensi\u00f3n distinta de las fallas mec\u00e1nicas y electr\u00f3nicas. Sin embargo, gran parte de los talleres independientes \u2014que atienden una proporci\u00f3n significativa del mantenimiento vehicular en el pa\u00eds\u2014 contin\u00faan operando bajo esquemas, herramientas y conocimientos dise\u00f1ados para motores tradicionales.<\/p>\n\n\n\n<figure class=\"wp-block-gallery has-nested-images columns-default is-cropped wp-block-gallery-2 is-layout-flex wp-block-gallery-is-layout-flex\">\n<figure class=\"wp-block-image size-large\"><img decoding=\"async\" width=\"500\" height=\"342\" data-id=\"1102780\" src=\"https:\/\/dimensionturistica.com\/es\/wp-content\/uploads\/2026\/01\/pritz.jpg\" alt=\"\" class=\"wp-image-1102780\" srcset=\"https:\/\/dimensionturistica.com\/es\/wp-content\/uploads\/2026\/01\/pritz.jpg 500w, https:\/\/dimensionturistica.com\/es\/wp-content\/uploads\/2026\/01\/pritz-300x205.jpg 300w\" sizes=\"(max-width: 500px) 100vw, 500px\" \/><\/figure>\n<\/figure>\n\n\n\n<p>Desde la experiencia de trabajo en campo con talleres mec\u00e1nicos, Pitz ha identificado queuno de los principales retos no es la resistencia al cambio, sino la falta de informaci\u00f3n clara, capacitaci\u00f3n accesible y procesos adaptados a esta nueva realidad tecnol\u00f3gica. Esta brecha puede derivar en diagn\u00f3sticos incompletos, mayores tiempos de atenci\u00f3n, riesgos operativos y una experiencia m\u00e1s compleja tanto para usuarios particulares como para flotas.<\/p>\n\n\n\n<p>\u201cEl crecimiento de los veh\u00edculos el\u00e9ctricos es una se\u00f1al clara de hacia d\u00f3nde va la industria, pero tambi\u00e9n nos obliga a mirar lo que ocurre en el d\u00eda a d\u00eda del servicio mec\u00e1nico. Muchos talleres est\u00e1n enfrentando esta transici\u00f3n sin herramientas suficientes, y eso representa un reto para todo el ecosistema automotriz\u201d, se\u00f1ala Natalia Salcedo, CEO y fundadora de Pitz.<\/p>\n\n\n\n<p>M\u00e1s all\u00e1 de la tecnolog\u00eda, el reto es estructural. La transici\u00f3n hacia nuevas formas de movilidad requiere que el conocimiento t\u00e9cnico, los procesos de diagn\u00f3stico y la forma en que se documentan las reparaciones evolucionen al mismo ritmo que el parque vehicular. De lo contrario, el desfase entre innovaci\u00f3n y capacidad operativa podr\u00eda convertirse en un obst\u00e1culo para la eficiencia, la seguridad y la confianza del usuario.<\/p>\n\n\n\n<p>En este contexto, el uso de herramientas digitales y de inteligencia artificial comienza a perfilarse como un apoyo para ordenar informaci\u00f3n t\u00e9cnica, documentar procesos y acompa\u00f1ar la toma de decisiones en talleres, siempre que vaya de la mano de capacitaci\u00f3n y conocimiento especializado.<\/p>\n\n\n\n<p>De cara a 2026, especialistas coinciden en que el debate no debe centrarse \u00fanicamente en<\/p>\n\n\n\n<p>cu\u00e1ntos veh\u00edculos el\u00e9ctricos circulan, sino en qu\u00e9 tan preparado est\u00e1 el ecosistema de<\/p>\n\n\n\n<p>servicio y mantenimiento para atenderlos. La adaptaci\u00f3n de los talleres ser\u00e1 un factor clave para que la electrificaci\u00f3n del parque vehicular avance de manera ordenada, segura y sostenible en el largo plazo.<\/p>\n","protected":false},"excerpt":{"rendered":"<p>A medida que los veh\u00edculos el\u00e9ctricos ganan presencia en las calles, el ecosistema de talleres mec\u00e1nicos en M\u00e9xico enfrenta un desaf\u00edo poco visible: adaptar sus procesos, conocimientos y diagn\u00f3sticos a una tecnolog\u00eda distinta. Aunque el crecimiento de este tipo de unidades representa un avance importante en t\u00e9rminos de movilidad y sostenibilidad, tambi\u00e9n abre una brecha [&hellip;]<\/p>\n","protected":false},"author":1,"featured_media":0,"comment_status":"open","ping_status":"closed","sticky":false,"template":"","format":"standard","meta":{"om_disable_all_campaigns":false,"jnews-multi-image_gallery":[],"jnews_single_post":[],"jnews_primary_category":[],"jnews_social_meta":[],"footnotes":""},"categories":[40],"tags":[],"class_list":["post-1102777","post","type-post","status-publish","format-standard","hentry","category-industria"],"_links":{"self":[{"href":"https:\/\/dimensionturistica.com\/es\/wp-json\/wp\/v2\/posts\/1102777","targetHints":{"allow":["GET"]}}],"collection":[{"href":"https:\/\/dimensionturistica.com\/es\/wp-json\/wp\/v2\/posts"}],"about":[{"href":"https:\/\/dimensionturistica.com\/es\/wp-json\/wp\/v2\/types\/post"}],"author":[{"embeddable":true,"href":"https:\/\/dimensionturistica.com\/es\/wp-json\/wp\/v2\/users\/1"}],"replies":[{"embeddable":true,"href":"https:\/\/dimensionturistica.com\/es\/wp-json\/wp\/v2\/comments?post=1102777"}],"version-history":[{"count":1,"href":"https:\/\/dimensionturistica.com\/es\/wp-json\/wp\/v2\/posts\/1102777\/revisions"}],"predecessor-version":[{"id":1102781,"href":"https:\/\/dimensionturistica.com\/es\/wp-json\/wp\/v2\/posts\/1102777\/revisions\/1102781"}],"wp:attachment":[{"href":"https:\/\/dimensionturistica.com\/es\/wp-json\/wp\/v2\/media?parent=1102777"}],"wp:term":[{"taxonomy":"category","embeddable":true,"href":"https:\/\/dimensionturistica.com\/es\/wp-json\/wp\/v2\/categories?post=1102777"},{"taxonomy":"post_tag","embeddable":true,"href":"https:\/\/dimensionturistica.com\/es\/wp-json\/wp\/v2\/tags?post=1102777"}],"curies":[{"name":"wp","href":"https:\/\/api.w.org\/{rel}","templated":true}]}}