{"id":1102739,"date":"2026-01-24T13:44:33","date_gmt":"2026-01-24T13:44:33","guid":{"rendered":"https:\/\/dimensionturistica.com\/es\/?p=1102739"},"modified":"2026-01-24T13:44:33","modified_gmt":"2026-01-24T13:44:33","slug":"marcas-de-belleza-los-mejores-estilos-de-belleza-de-la-semana-7","status":"publish","type":"post","link":"https:\/\/dimensionturistica.com\/es\/marcas-de-belleza-los-mejores-estilos-de-belleza-de-la-semana-7\/","title":{"rendered":"Marcas de Belleza: Los Mejores Estilos de Belleza de la Semana"},"content":{"rendered":"<h3>Tendencias de Belleza que Marcan el Ritmo Esta Semana<\/h3>\n<p>La industria de la moda y la belleza est\u00e1 en constante evoluci\u00f3n, y cada semana trae consigo nuevas inspiraciones que capturan la atenci\u00f3n de todos. En el \u00faltimo desfile de tendencias, se ha podido observar una mezcla fascinante de estilos que no solo iluminan las pasarelas, sino que tambi\u00e9n est\u00e1n listos para convertirse en tendencia en el d\u00eda a d\u00eda.<\/p>\n<h4>Maquillaje Radiante<\/h4>\n<p>Esta semana se ha destacado la belleza de los rostros frescos y luminosos. Con una paleta de colores suaves y naturales, el enfoque est\u00e1 en realzar la belleza individual en lugar de cubrirla. Los tonos dorados, met\u00e1licos y nude dominan, ofreciendo un resplandor que evoca la elegancia sin esfuerzo. Este estilo permite que cada uno brille con luz propia, resaltando la piel con texturas ligeras y productos que aportan hidrataci\u00f3n.<\/p>\n<h4>Ojos que Hipnotizan<\/h4>\n<p>Los ojos son la ventana del alma, y esta semana los looks m\u00e1s impactantes han centrado su atenci\u00f3n en ellos. Delicadas sombras ahumadas y delineadores gr\u00e1ficos han capturado el esp\u00edritu de las \u00faltimas tendencias. Los tonos oscuros contrastan con pieles claras, mientras que los estilos en colores vibrantes suelen llevarse en un solo p\u00e1rpado, creando un efecto llamativo. La mezcla de acabados mate y brillantes aporta profundidad y vibraci\u00f3n, permitiendo a cada mirada contar su propia historia.<\/p>\n<h4>Labios Que Hablan con Color<\/h4>\n<p>La paleta de labiales en tendencia presenta desde los rojos cl\u00e1sicos hasta los matices m\u00e1s innovadores. Esta semana, los labiales mate han vuelto a ocupar un lugar privilegiado. El acabado mate mantiene el enfoque en la textura de los labios y puede ser combinado con ojos m\u00e1s sutiles para equilibrar el look. Para los m\u00e1s atrevidos, los tonos inusuales como fucsias y morados intensos est\u00e1n surgiendo como una forma de expresi\u00f3n audaz.<\/p>\n<h4>Peinados que Deslumbran<\/h4>\n<p>Los peinados no se quedan atr\u00e1s en este desfile de tendencias. Las texturas despeinadas y los recogidos desestructurados se han apoderado de las cabezas m\u00e1s estilosas. Los mo\u00f1os deshechos y las trenzas bohemias aportan un aire de despreocupaci\u00f3n que resulta irresistible. Adem\u00e1s, los accesorios para el cabello, como diademas y pasadores decorativos, a\u00f1aden un toque extra que puede transformar cualquier look ordinario en algo extraordinario.<\/p>\n<h4>Cuidado de la Piel al Frente<\/h4>\n<p>La tendencia del &#8220;skincare primero&#8221; sigue marcando el tono en la belleza. La piel bien cuidada no solo es la base del maquillaje, sino que ahora se presenta como el protagonista. La utilizaci\u00f3n de productos con ingredientes naturales y f\u00f3rmulas innovadoras es la clave para lograr un cutis luminoso y saludable. Este enfoque refleja un cambio hacia la autenticidad, donde la belleza real se celebra en todas sus formas.<\/p>\n<h4>Conclusi\u00f3n<\/h4>\n<p>Esta semana ha sido testigo del ingenio y la creatividad que define la belleza contempor\u00e1nea. Cada maquillaje, peinado y cuidado personal refleja la diversidad y la individualidad que todos buscan expresar. Las tendencias no solo dictan lo que se lleva, sino que tambi\u00e9n invitan a cada persona a explorar su propio estilo y a abrazar lo que les hace \u00fanicos. Sigamos atentos, ya que la pr\u00f3xima ola de inspiraci\u00f3n est\u00e1 a la vuelta de la esquina.<\/p>\n<p><em> &#8221; Fuentes www.vogue.com &#8221; <\/em><\/p>\n","protected":false},"excerpt":{"rendered":"<p>Tendencias de Belleza que Marcan el Ritmo Esta Semana La industria de la moda y la belleza est\u00e1 en constante evoluci\u00f3n, y cada semana trae consigo nuevas inspiraciones que capturan la atenci\u00f3n de todos. En el \u00faltimo desfile de tendencias, se ha podido observar una mezcla fascinante de estilos que no solo iluminan las pasarelas, [&hellip;]<\/p>\n","protected":false},"author":14,"featured_media":1102740,"comment_status":"open","ping_status":"closed","sticky":false,"template":"","format":"standard","meta":{"om_disable_all_campaigns":false,"jnews-multi-image_gallery":[],"jnews_single_post":[],"jnews_primary_category":[],"jnews_social_meta":[],"footnotes":""},"categories":[144872],"tags":[208639,72867,211768,201306,200440,190460,166,198593,120189,217117,372,373,198563],"class_list":["post-1102739","post","type-post","status-publish","format-standard","has-post-thumbnail","hentry","category-fashion","tag-_votingservice_app","tag-beauty","tag-beauty-highlights","tag-beauty-looks","tag-beauty-trends","tag-cosmetics","tag-fashion","tag-makeup","tag-skincare","tag-storytypenews-trending","tag-style","tag-web","tag-weekly-roundup"],"_links":{"self":[{"href":"https:\/\/dimensionturistica.com\/es\/wp-json\/wp\/v2\/posts\/1102739","targetHints":{"allow":["GET"]}}],"collection":[{"href":"https:\/\/dimensionturistica.com\/es\/wp-json\/wp\/v2\/posts"}],"about":[{"href":"https:\/\/dimensionturistica.com\/es\/wp-json\/wp\/v2\/types\/post"}],"author":[{"embeddable":true,"href":"https:\/\/dimensionturistica.com\/es\/wp-json\/wp\/v2\/users\/14"}],"replies":[{"embeddable":true,"href":"https:\/\/dimensionturistica.com\/es\/wp-json\/wp\/v2\/comments?post=1102739"}],"version-history":[{"count":1,"href":"https:\/\/dimensionturistica.com\/es\/wp-json\/wp\/v2\/posts\/1102739\/revisions"}],"predecessor-version":[{"id":1102741,"href":"https:\/\/dimensionturistica.com\/es\/wp-json\/wp\/v2\/posts\/1102739\/revisions\/1102741"}],"wp:featuredmedia":[{"embeddable":true,"href":"https:\/\/dimensionturistica.com\/es\/wp-json\/wp\/v2\/media\/1102740"}],"wp:attachment":[{"href":"https:\/\/dimensionturistica.com\/es\/wp-json\/wp\/v2\/media?parent=1102739"}],"wp:term":[{"taxonomy":"category","embeddable":true,"href":"https:\/\/dimensionturistica.com\/es\/wp-json\/wp\/v2\/categories?post=1102739"},{"taxonomy":"post_tag","embeddable":true,"href":"https:\/\/dimensionturistica.com\/es\/wp-json\/wp\/v2\/tags?post=1102739"}],"curies":[{"name":"wp","href":"https:\/\/api.w.org\/{rel}","templated":true}]}}