{"id":1102610,"date":"2026-01-24T07:00:04","date_gmt":"2026-01-24T07:00:04","guid":{"rendered":"https:\/\/dimensionturistica.com\/es\/?p=1102610"},"modified":"2026-01-24T07:00:04","modified_gmt":"2026-01-24T07:00:04","slug":"ventana-a-mexico-abre-en-madrid-como-el-primer-punto-de-venta-y-exposicion-de-artesanias-mexicanas-y-plataforma-estrategica-de-promocion-turistica-cultural-y-comercial","status":"publish","type":"post","link":"https:\/\/dimensionturistica.com\/es\/ventana-a-mexico-abre-en-madrid-como-el-primer-punto-de-venta-y-exposicion-de-artesanias-mexicanas-y-plataforma-estrategica-de-promocion-turistica-cultural-y-comercial\/","title":{"rendered":"Ventana a M\u00e9xico abre en Madrid como el primer punto de venta y exposici\u00f3n de artesan\u00edas mexicanas y plataforma estrat\u00e9gica de promoci\u00f3n tur\u00edstica, cultural y comercial"},"content":{"rendered":"\n<figure class=\"wp-block-gallery has-nested-images columns-default is-cropped wp-block-gallery-1 is-layout-flex wp-block-gallery-is-layout-flex\">\n<figure class=\"wp-block-image size-large\"><img decoding=\"async\" width=\"500\" height=\"81\" data-id=\"1102611\" src=\"https:\/\/dimensionturistica.com\/es\/wp-content\/uploads\/2026\/01\/LOGITO.jpg\" alt=\"\" class=\"wp-image-1102611\" srcset=\"https:\/\/dimensionturistica.com\/es\/wp-content\/uploads\/2026\/01\/LOGITO.jpg 500w, https:\/\/dimensionturistica.com\/es\/wp-content\/uploads\/2026\/01\/LOGITO-300x49.jpg 300w\" sizes=\"(max-width: 500px) 100vw, 500px\" \/><\/figure>\n<\/figure>\n\n\n\n<p>A un d\u00eda de dar inicio formalmente la Feria Internacional de Turismo 2026, la secretaria de Turismo del Gobierno de M\u00e9xico, Josefina Rodr\u00edguez Zamora, y el embajador de M\u00e9xico en Espa\u00f1a, Quirino Ordaz Coppel, encabezaron en Madrid la inauguraci\u00f3n del primer espacio dedicado a la promoci\u00f3n, exposici\u00f3n y comercializaci\u00f3n de artesan\u00edas mexicanas: Ventana a M\u00e9xico.<\/p>\n\n\n\n<p>En este contexto, y con M\u00e9xico como Pa\u00eds Invitado, Ventana a M\u00e9xico fue instalado en colaboraci\u00f3n con Viajes El Corte Ingl\u00e9s en la emblem\u00e1tica calle Serrano de Madrid, marcando un precedente en la estrategia de diplomacia tur\u00edstica, cultural y comercial del pa\u00eds.<\/p>\n\n\n\n<figure class=\"wp-block-gallery has-nested-images columns-default is-cropped wp-block-gallery-2 is-layout-flex wp-block-gallery-is-layout-flex\">\n<figure class=\"wp-block-image size-large\"><img decoding=\"async\" width=\"500\" height=\"333\" data-id=\"1102612\" src=\"https:\/\/dimensionturistica.com\/es\/wp-content\/uploads\/2026\/01\/1PUEBLOS.jpg\" alt=\"\" class=\"wp-image-1102612\" srcset=\"https:\/\/dimensionturistica.com\/es\/wp-content\/uploads\/2026\/01\/1PUEBLOS.jpg 500w, https:\/\/dimensionturistica.com\/es\/wp-content\/uploads\/2026\/01\/1PUEBLOS-300x200.jpg 300w\" sizes=\"(max-width: 500px) 100vw, 500px\" \/><\/figure>\n<\/figure>\n\n\n\n<p>\u201cVamos a empezar con esta gran ventana de oportunidad para nuestras artesanas y artesanos. Estar hoy en este lugar emblem\u00e1tico de Viajes El Corte Ingl\u00e9s, y el hecho de que puedan subir, ver, preguntar y conocer lo que implica traer sus obras de arte a Europa, y estar hoy en Espa\u00f1a, les cambia la vida entera. Eso es el turismo, eso hacemos todos los estados. Del 20 al 22, de 10 de la ma\u00f1ana a 7 de la noche, podr\u00e1n venir a adquirir piezas \u00fanicas y hermosas de todo M\u00e9xico\u201d, declar\u00f3.<\/p>\n\n\n\n<p>La titular de la Secretar\u00eda de Turismo (Sectur) subray\u00f3 la importancia de crear plataformas de visibilidad y acceso internacional para las y los artesanos mexicanos, quienes, por primera vez, no s\u00f3lo exhibir\u00e1n, sino tambi\u00e9n comercializar\u00e1n directamente sus productos.<\/p>\n\n\n\n<figure class=\"wp-block-gallery has-nested-images columns-default is-cropped wp-block-gallery-3 is-layout-flex wp-block-gallery-is-layout-flex\">\n<figure class=\"wp-block-image size-large\"><img decoding=\"async\" width=\"500\" height=\"333\" data-id=\"1102613\" src=\"https:\/\/dimensionturistica.com\/es\/wp-content\/uploads\/2026\/01\/2PEBLOS.jpg\" alt=\"\" class=\"wp-image-1102613\" srcset=\"https:\/\/dimensionturistica.com\/es\/wp-content\/uploads\/2026\/01\/2PEBLOS.jpg 500w, https:\/\/dimensionturistica.com\/es\/wp-content\/uploads\/2026\/01\/2PEBLOS-300x200.jpg 300w\" sizes=\"(max-width: 500px) 100vw, 500px\" \/><\/figure>\n<\/figure>\n\n\n\n<p>Refiri\u00f3 que la artesan\u00eda mexicana constituye una de las expresiones culturales m\u00e1s profundas del pa\u00eds, toda vez que en cada pieza convergen identidad, t\u00e9cnica ancestral, simbolismo y saber comunitario.<\/p>\n\n\n\n<p>Destac\u00f3 que este patrimonio vivo aporta un valor excepcional a la promoci\u00f3n tur\u00edstica, al convertirse en un puente aut\u00e9ntico hacia las ra\u00edces y la diversidad de M\u00e9xico. Su presencia en mercados internacionales fortalece la imagen del pa\u00eds, enriquece la experiencia del visitante y genera oportunidades productivas para miles de familias artesanas, consolidando al turismo como un generador de Prosperidad Compartida.<\/p>\n\n\n\n<p>Como parte de las actividades previas al corte de list\u00f3n de Fitur 2026, y acompa\u00f1ada por el director general del Fondo Nacional de Fomento al Turismo (Fonatur), Sebasti\u00e1n Ram\u00edrez Mendoza; gobernadoras y gobernadores, as\u00ed como secretarias y secretarios de Turismo, Rodr\u00edguez Zamora particip\u00f3 en el Foro Turismo e Inversi\u00f3n, organizado por BBVA en el Palacio del Marqu\u00e9s de Salamanca, donde present\u00f3 perspectivas del turismo mexicano y oportunidades de inversi\u00f3n.<\/p>\n\n\n\n<figure class=\"wp-block-gallery has-nested-images columns-default is-cropped wp-block-gallery-4 is-layout-flex wp-block-gallery-is-layout-flex\">\n<figure class=\"wp-block-image size-large\"><img decoding=\"async\" width=\"500\" height=\"333\" data-id=\"1102614\" src=\"https:\/\/dimensionturistica.com\/es\/wp-content\/uploads\/2026\/01\/4PUEBLOS.jpg\" alt=\"\" class=\"wp-image-1102614\" srcset=\"https:\/\/dimensionturistica.com\/es\/wp-content\/uploads\/2026\/01\/4PUEBLOS.jpg 500w, https:\/\/dimensionturistica.com\/es\/wp-content\/uploads\/2026\/01\/4PUEBLOS-300x200.jpg 300w\" sizes=\"(max-width: 500px) 100vw, 500px\" \/><\/figure>\n<\/figure>\n\n\n\n<p>Durante su intervenci\u00f3n, se destac\u00f3 el desempe\u00f1o del sector, con crecimientos acumulados en la llegada de turistas y visitantes internacionales, cifras hist\u00f3ricas en derrama econ\u00f3mica, as\u00ed como una cartera de inversi\u00f3n tur\u00edstica privada superior a 36 mil millones de d\u00f3lares, integrada por m\u00e1s de 700 proyectos a nivel nacional, lo que posiciona al turismo como una palanca estrat\u00e9gica de desarrollo para 2026.<\/p>\n\n\n\n<p>\u201cHoy vamos por m\u00e1s. No s\u00f3lo queremos m\u00e1s turistas: queremos m\u00e1s inversi\u00f3n, m\u00e1s gasto, mayor conectividad y un sector fortalecido. Este foro nos permitir\u00e1 compartir la visi\u00f3n que tiene la Secretar\u00eda de Turismo en un Gobierno de M\u00e9xico que apuesta por el turismo como generador de derrama econ\u00f3mica, con una palabra clave: prosperidad compartida\u201d, declar\u00f3.<\/p>\n\n\n\n<figure class=\"wp-block-gallery has-nested-images columns-default is-cropped wp-block-gallery-5 is-layout-flex wp-block-gallery-is-layout-flex\">\n<figure class=\"wp-block-image size-large\"><img decoding=\"async\" width=\"500\" height=\"333\" data-id=\"1102615\" src=\"https:\/\/dimensionturistica.com\/es\/wp-content\/uploads\/2026\/01\/6PUEBLO.jpg\" alt=\"\" class=\"wp-image-1102615\" srcset=\"https:\/\/dimensionturistica.com\/es\/wp-content\/uploads\/2026\/01\/6PUEBLO.jpg 500w, https:\/\/dimensionturistica.com\/es\/wp-content\/uploads\/2026\/01\/6PUEBLO-300x200.jpg 300w\" sizes=\"(max-width: 500px) 100vw, 500px\" \/><\/figure>\n<\/figure>\n\n\n\n<p>Sostuvo una reuni\u00f3n bilateral con el ministro de Industria y Turismo del Reino de Espa\u00f1a, Jordi Hereu Boher, en la que se acordaron acciones estrat\u00e9gicas en cuatro ejes fundamentales: la coordinaci\u00f3n rumbo al Consejo Ejecutivo de ONU Turismo, la participaci\u00f3n de M\u00e9xico como Pa\u00eds Invitado en FITUR 2026, el fortalecimiento de los flujos tur\u00edsticos entre ambos pa\u00edses y la identificaci\u00f3n de nuevas oportunidades de desarrollo a partir de la Estrategia Espa\u00f1a Turismo 2030.<\/p>\n\n\n\n<p>Este di\u00e1logo de alto nivel refrenda la voluntad de M\u00e9xico y Espa\u00f1a de consolidar al turismo como un motor de desarrollo econ\u00f3mico, intercambio cultural y proyecci\u00f3n internacional, as\u00ed como de profundizar una relaci\u00f3n hist\u00f3rica basada en la cooperaci\u00f3n y la visi\u00f3n compartida de un turismo m\u00e1s sostenible, competitivo e innovador.<\/p>\n\n\n\n<p>Finalmente, la secretaria de Turismo particip\u00f3 en el corte de list\u00f3n de la obra El Oso y El Madro\u00f1o, del artista C\u00e9sar Menchaca, instalada en la Puerta del Sol, donde refrend\u00f3 el compromiso de M\u00e9xico con la comunidad art\u00edstica y con iniciativas que fortalecen la presencia cultural del pa\u00eds en uno de los espacios m\u00e1s emblem\u00e1ticos de Madrid.<\/p>\n\n\n\n<figure class=\"wp-block-gallery has-nested-images columns-default is-cropped wp-block-gallery-6 is-layout-flex wp-block-gallery-is-layout-flex\">\n<figure class=\"wp-block-image size-large\"><img decoding=\"async\" width=\"500\" height=\"333\" data-id=\"1102616\" src=\"https:\/\/dimensionturistica.com\/es\/wp-content\/uploads\/2026\/01\/7PUEBLO.jpg\" alt=\"\" class=\"wp-image-1102616\" srcset=\"https:\/\/dimensionturistica.com\/es\/wp-content\/uploads\/2026\/01\/7PUEBLO.jpg 500w, https:\/\/dimensionturistica.com\/es\/wp-content\/uploads\/2026\/01\/7PUEBLO-300x200.jpg 300w\" sizes=\"(max-width: 500px) 100vw, 500px\" \/><\/figure>\n<\/figure>\n","protected":false},"excerpt":{"rendered":"<p>A un d\u00eda de dar inicio formalmente la Feria Internacional de Turismo 2026, la secretaria de Turismo del Gobierno de M\u00e9xico, Josefina Rodr\u00edguez Zamora, y el embajador de M\u00e9xico en Espa\u00f1a, Quirino Ordaz Coppel, encabezaron en Madrid la inauguraci\u00f3n del primer espacio dedicado a la promoci\u00f3n, exposici\u00f3n y comercializaci\u00f3n de artesan\u00edas mexicanas: Ventana a M\u00e9xico. [&hellip;]<\/p>\n","protected":false},"author":1,"featured_media":0,"comment_status":"open","ping_status":"closed","sticky":false,"template":"","format":"standard","meta":{"om_disable_all_campaigns":false,"jnews-multi-image_gallery":[],"jnews_single_post":[],"jnews_primary_category":[],"jnews_social_meta":[],"footnotes":""},"categories":[39],"tags":[],"class_list":["post-1102610","post","type-post","status-publish","format-standard","hentry","category-viajes"],"_links":{"self":[{"href":"https:\/\/dimensionturistica.com\/es\/wp-json\/wp\/v2\/posts\/1102610","targetHints":{"allow":["GET"]}}],"collection":[{"href":"https:\/\/dimensionturistica.com\/es\/wp-json\/wp\/v2\/posts"}],"about":[{"href":"https:\/\/dimensionturistica.com\/es\/wp-json\/wp\/v2\/types\/post"}],"author":[{"embeddable":true,"href":"https:\/\/dimensionturistica.com\/es\/wp-json\/wp\/v2\/users\/1"}],"replies":[{"embeddable":true,"href":"https:\/\/dimensionturistica.com\/es\/wp-json\/wp\/v2\/comments?post=1102610"}],"version-history":[{"count":1,"href":"https:\/\/dimensionturistica.com\/es\/wp-json\/wp\/v2\/posts\/1102610\/revisions"}],"predecessor-version":[{"id":1102617,"href":"https:\/\/dimensionturistica.com\/es\/wp-json\/wp\/v2\/posts\/1102610\/revisions\/1102617"}],"wp:attachment":[{"href":"https:\/\/dimensionturistica.com\/es\/wp-json\/wp\/v2\/media?parent=1102610"}],"wp:term":[{"taxonomy":"category","embeddable":true,"href":"https:\/\/dimensionturistica.com\/es\/wp-json\/wp\/v2\/categories?post=1102610"},{"taxonomy":"post_tag","embeddable":true,"href":"https:\/\/dimensionturistica.com\/es\/wp-json\/wp\/v2\/tags?post=1102610"}],"curies":[{"name":"wp","href":"https:\/\/api.w.org\/{rel}","templated":true}]}}