{"id":1102586,"date":"2026-01-24T05:55:14","date_gmt":"2026-01-24T05:55:14","guid":{"rendered":"https:\/\/dimensionturistica.com\/es\/?p=1102586"},"modified":"2026-01-24T05:55:14","modified_gmt":"2026-01-24T05:55:14","slug":"nayarit-refuerza-su-liderazgo-internacional-con-la-medalla-del-conocimiento-turistico-nexotur-2026","status":"publish","type":"post","link":"https:\/\/dimensionturistica.com\/es\/nayarit-refuerza-su-liderazgo-internacional-con-la-medalla-del-conocimiento-turistico-nexotur-2026\/","title":{"rendered":"Nayarit refuerza su liderazgo internacional con la Medalla del Conocimiento Tur\u00edstico Nexotur 2026"},"content":{"rendered":"\n<figure class=\"wp-block-gallery has-nested-images columns-default is-cropped wp-block-gallery-1 is-layout-flex wp-block-gallery-is-layout-flex\">\n<figure class=\"wp-block-image size-large\"><img decoding=\"async\" width=\"500\" height=\"45\" data-id=\"1102376\" src=\"https:\/\/dimensionturistica.com\/es\/wp-content\/uploads\/2026\/01\/NAYARIT-1.jpg\" alt=\"\" class=\"wp-image-1102376\" srcset=\"https:\/\/dimensionturistica.com\/es\/wp-content\/uploads\/2026\/01\/NAYARIT-1.jpg 500w, https:\/\/dimensionturistica.com\/es\/wp-content\/uploads\/2026\/01\/NAYARIT-1-300x27.jpg 300w\" sizes=\"(max-width: 500px) 100vw, 500px\" \/><\/figure>\n<\/figure>\n\n\n\n<p>En el marco de las actividades internacionales previas a la Feria Internacional de Turismo FITUR 2026, el Gobernador de Nayarit, Miguel \u00c1ngel Navarro Quintero fue distinguido con la Medalla del Conocimiento Tur\u00edstico Nexotur 2026, uno de los reconocimientos m\u00e1s relevantes del \u00e1mbito tur\u00edstico iberoamericano, otorgado por el grupo editorial Nexotur a trayectorias institucionales que contribuyen de manera significativa al an\u00e1lisis, la reflexi\u00f3n estrat\u00e9gica y la generaci\u00f3n de conocimiento en el sector.<\/p>\n\n\n\n<figure class=\"wp-block-gallery has-nested-images columns-default is-cropped wp-block-gallery-2 is-layout-flex wp-block-gallery-is-layout-flex\">\n<figure class=\"wp-block-image size-large\"><img decoding=\"async\" width=\"500\" height=\"375\" data-id=\"1102589\" src=\"https:\/\/dimensionturistica.com\/es\/wp-content\/uploads\/2026\/01\/2naya.jpg\" alt=\"\" class=\"wp-image-1102589\" srcset=\"https:\/\/dimensionturistica.com\/es\/wp-content\/uploads\/2026\/01\/2naya.jpg 500w, https:\/\/dimensionturistica.com\/es\/wp-content\/uploads\/2026\/01\/2naya-300x225.jpg 300w\" sizes=\"(max-width: 500px) 100vw, 500px\" \/><\/figure>\n<\/figure>\n\n\n\n<p>La distinci\u00f3n fue recibida, en representaci\u00f3n del gobernador, por el Secretario de Turismo de Nayarit, Juan Enrique Su\u00e1rez del Real Tostado, durante la gala oficial celebrada en el Museo de la Real Casa de la Moneda de Madrid, un recinto emblem\u00e1tico que alberg\u00f3 este encuentro de alto nivel con protagonistas clave de la industria tur\u00edstica y de la comunicaci\u00f3n especializada.<\/p>\n\n\n\n<p>La ceremonia se desarroll\u00f3 en un ambiente respetuoso, marcado por un espacio de silencio en se\u00f1al de luto por el reciente accidente ferroviario ocurrido en Espa\u00f1a. En congruencia con este contexto, la gala adopt\u00f3 un formato contenido, prescindiendo del tradicional c\u00f3ctel y priorizando el car\u00e1cter institucional del reconocimiento.<\/p>\n\n\n\n<figure class=\"wp-block-gallery has-nested-images columns-default is-cropped wp-block-gallery-3 is-layout-flex wp-block-gallery-is-layout-flex\">\n<figure class=\"wp-block-image size-large\"><img decoding=\"async\" width=\"500\" height=\"445\" data-id=\"1102590\" src=\"https:\/\/dimensionturistica.com\/es\/wp-content\/uploads\/2026\/01\/5naya-2.jpg\" alt=\"\" class=\"wp-image-1102590\" srcset=\"https:\/\/dimensionturistica.com\/es\/wp-content\/uploads\/2026\/01\/5naya-2.jpg 500w, https:\/\/dimensionturistica.com\/es\/wp-content\/uploads\/2026\/01\/5naya-2-300x267.jpg 300w\" sizes=\"(max-width: 500px) 100vw, 500px\" \/><\/figure>\n<\/figure>\n\n\n\n<p>La Medalla del Conocimiento Tur\u00edstico Nexotur se concede a instituciones y profesionales cuya labor ha fortalecido el entendimiento del turismo como un sector estrat\u00e9gico, no solo desde la promoci\u00f3n, sino desde la planeaci\u00f3n, la gobernanza y la construcci\u00f3n de agendas de largo plazo. La distinci\u00f3n se acompa\u00f1a adem\u00e1s de una publicaci\u00f3n especial en formato libro, que re\u00fane visiones, experiencias y aportaciones relevantes para el desarrollo del turismo contempor\u00e1neo a nivel internacional.<\/p>\n\n\n\n<p>Este reconocimiento que se suma a las actividades de Nayarit en FITUR 2026, es un reflejo de la pol\u00edtica tur\u00edstica y visi\u00f3n estrat\u00e9gica impulsada por el gobernador del estado, Miguel \u00c1ngel Navarro Quintero, orientada a consolidar a este sector como una pol\u00edtica p\u00fablica sustentada en el conocimiento, la institucionalidad y la proyecci\u00f3n internacional.<\/p>\n\n\n\n<figure class=\"wp-block-gallery has-nested-images columns-default is-cropped wp-block-gallery-4 is-layout-flex wp-block-gallery-is-layout-flex\">\n<figure class=\"wp-block-image size-large\"><img decoding=\"async\" width=\"500\" height=\"375\" data-id=\"1102591\" src=\"https:\/\/dimensionturistica.com\/es\/wp-content\/uploads\/2026\/01\/7naya.jpg\" alt=\"\" class=\"wp-image-1102591\" srcset=\"https:\/\/dimensionturistica.com\/es\/wp-content\/uploads\/2026\/01\/7naya.jpg 500w, https:\/\/dimensionturistica.com\/es\/wp-content\/uploads\/2026\/01\/7naya-300x225.jpg 300w\" sizes=\"(max-width: 500px) 100vw, 500px\" \/><\/figure>\n<\/figure>\n\n\n\n<p>La entrega de la medalla tuvo lugar durante la celebraci\u00f3n del Especial Nexotur 2026, dedicado \u00edntegramente a la excelencia en el saber y la difusi\u00f3n tur\u00edstica, realizado en paralelo a la 29\u00aa Conferencia Iberoamericana de Ministros y Empresarios de Turismo (CIMET), uno de los foros m\u00e1s influyentes del sector en el \u00e1mbito iberoamericano.<\/p>\n\n\n\n<p>Con esta distinci\u00f3n, Nayarit refrenda su posicionamiento en los espacios donde se construyen las agendas estrat\u00e9gicas del turismo global, proyect\u00e1ndose como un referente que dialoga con el mundo desde el conocimiento, la solidez institucional y una visi\u00f3n clara de futuro.<\/p>\n\n\n\n<p>Para m\u00e1s informaci\u00f3n visita: https:\/\/visitnayarit.travel\/<\/p>\n","protected":false},"excerpt":{"rendered":"<p>En el marco de las actividades internacionales previas a la Feria Internacional de Turismo FITUR 2026, el Gobernador de Nayarit, Miguel \u00c1ngel Navarro Quintero fue distinguido con la Medalla del Conocimiento Tur\u00edstico Nexotur 2026, uno de los reconocimientos m\u00e1s relevantes del \u00e1mbito tur\u00edstico iberoamericano, otorgado por el grupo editorial Nexotur a trayectorias institucionales que contribuyen [&hellip;]<\/p>\n","protected":false},"author":1,"featured_media":0,"comment_status":"open","ping_status":"closed","sticky":false,"template":"","format":"standard","meta":{"om_disable_all_campaigns":false,"jnews-multi-image_gallery":[],"jnews_single_post":{"format":"standard"},"jnews_primary_category":[],"jnews_social_meta":[],"footnotes":""},"categories":[39],"tags":[],"class_list":["post-1102586","post","type-post","status-publish","format-standard","hentry","category-viajes"],"_links":{"self":[{"href":"https:\/\/dimensionturistica.com\/es\/wp-json\/wp\/v2\/posts\/1102586","targetHints":{"allow":["GET"]}}],"collection":[{"href":"https:\/\/dimensionturistica.com\/es\/wp-json\/wp\/v2\/posts"}],"about":[{"href":"https:\/\/dimensionturistica.com\/es\/wp-json\/wp\/v2\/types\/post"}],"author":[{"embeddable":true,"href":"https:\/\/dimensionturistica.com\/es\/wp-json\/wp\/v2\/users\/1"}],"replies":[{"embeddable":true,"href":"https:\/\/dimensionturistica.com\/es\/wp-json\/wp\/v2\/comments?post=1102586"}],"version-history":[{"count":1,"href":"https:\/\/dimensionturistica.com\/es\/wp-json\/wp\/v2\/posts\/1102586\/revisions"}],"predecessor-version":[{"id":1102592,"href":"https:\/\/dimensionturistica.com\/es\/wp-json\/wp\/v2\/posts\/1102586\/revisions\/1102592"}],"wp:attachment":[{"href":"https:\/\/dimensionturistica.com\/es\/wp-json\/wp\/v2\/media?parent=1102586"}],"wp:term":[{"taxonomy":"category","embeddable":true,"href":"https:\/\/dimensionturistica.com\/es\/wp-json\/wp\/v2\/categories?post=1102586"},{"taxonomy":"post_tag","embeddable":true,"href":"https:\/\/dimensionturistica.com\/es\/wp-json\/wp\/v2\/tags?post=1102586"}],"curies":[{"name":"wp","href":"https:\/\/api.w.org\/{rel}","templated":true}]}}