{"id":1102561,"date":"2026-01-24T05:25:34","date_gmt":"2026-01-24T05:25:34","guid":{"rendered":"https:\/\/dimensionturistica.com\/es\/?p=1102561"},"modified":"2026-01-24T05:25:34","modified_gmt":"2026-01-24T05:25:34","slug":"los-frentes-frios-pueden-ser-el-enemigo-silencioso-que-envejece-tu-piel","status":"publish","type":"post","link":"https:\/\/dimensionturistica.com\/es\/los-frentes-frios-pueden-ser-el-enemigo-silencioso-que-envejece-tu-piel\/","title":{"rendered":"Los frentes fr\u00edos pueden ser el enemigo silencioso que envejece tu piel"},"content":{"rendered":"\n<figure class=\"wp-block-gallery has-nested-images columns-default is-cropped wp-block-gallery-1 is-layout-flex wp-block-gallery-is-layout-flex\">\n<figure class=\"wp-block-image size-large\"><img decoding=\"async\" width=\"500\" height=\"281\" data-id=\"1102570\" src=\"https:\/\/dimensionturistica.com\/es\/wp-content\/uploads\/2026\/01\/8VASILENE.jpg\" alt=\"\" class=\"wp-image-1102570\" srcset=\"https:\/\/dimensionturistica.com\/es\/wp-content\/uploads\/2026\/01\/8VASILENE.jpg 500w, https:\/\/dimensionturistica.com\/es\/wp-content\/uploads\/2026\/01\/8VASILENE-300x169.jpg 300w\" sizes=\"(max-width: 500px) 100vw, 500px\" \/><\/figure>\n<\/figure>\n\n\n\n<p>El invierno 2025\u20132026 en M\u00e9xico est\u00e1 marcado por una intensa temporada de frentes fr\u00edos. De acuerdo con el Servicio Meteorol\u00f3gico Nacional, se esperan hasta 48 eventos, con la posibilidad de que el n\u00famero ascienda a 50. Hasta ahora ya se han registrado 27, y a\u00fan faltan m\u00e1s de 20 sistemas por ingresar al pa\u00eds, lo que explica por qu\u00e9 las bajas temperaturas, los vientos fuertes y los contrastes t\u00e9rmicos seguir\u00e1n presentes en los pr\u00f3ximos meses, especialmente en enero, febrero y marzo.<\/p>\n\n\n\n<figure class=\"wp-block-gallery has-nested-images columns-default is-cropped wp-block-gallery-2 is-layout-flex wp-block-gallery-is-layout-flex\">\n<figure class=\"wp-block-image size-large\"><img decoding=\"async\" width=\"1024\" height=\"683\" data-id=\"1102571\" src=\"https:\/\/dimensionturistica.com\/es\/wp-content\/uploads\/2026\/01\/1-1-1024x683.jpg\" alt=\"\" class=\"wp-image-1102571\" srcset=\"https:\/\/dimensionturistica.com\/es\/wp-content\/uploads\/2026\/01\/1-1-1024x683.jpg 1024w, https:\/\/dimensionturistica.com\/es\/wp-content\/uploads\/2026\/01\/1-1-300x200.jpg 300w, https:\/\/dimensionturistica.com\/es\/wp-content\/uploads\/2026\/01\/1-1-768x512.jpg 768w, https:\/\/dimensionturistica.com\/es\/wp-content\/uploads\/2026\/01\/1-1-1536x1024.jpg 1536w, https:\/\/dimensionturistica.com\/es\/wp-content\/uploads\/2026\/01\/1-1-750x500.jpg 750w, https:\/\/dimensionturistica.com\/es\/wp-content\/uploads\/2026\/01\/1-1-1140x760.jpg 1140w, https:\/\/dimensionturistica.com\/es\/wp-content\/uploads\/2026\/01\/1-1.jpg 1920w\" sizes=\"(max-width: 1024px) 100vw, 1024px\" \/><\/figure>\n<\/figure>\n\n\n\n<p>Este escenario clim\u00e1tico no solo impacta al ambiente, tambi\u00e9n deja huella en la piel. Cada frente fr\u00edo, impulsado por masas de aire seco y fr\u00edo, favorece la deshidrataci\u00f3n, debilita la barrera cut\u00e1nea y altera el metabolismo celular, lo que puede provocar irritaci\u00f3n, descamaci\u00f3n y un envejecimiento prematuro si no se cuida adecuadamente. La buena noticia es que, con los productos y h\u00e1bitos correctos, el fr\u00edo tambi\u00e9n puede convertirse en un aliado para preservar la firmeza y la salud de la piel durante toda la temporada.<\/p>\n\n\n\n<p>1. Limpieza que respeta la barrera cut\u00e1nea<\/p>\n\n\n\n<p>En invierno, limpiar la piel no deber\u00eda ser sin\u00f3nimo de resecarla. Optar por productos que retiren impurezas sin alterar el equilibrio natural es fundamental. Las Toallitas desmaquillantes de Sk\u00efn Sense, marca de skincare coreano, son una opci\u00f3n pr\u00e1ctica y eficaz para eliminar maquillaje (incluso a prueba de agua), mientras ayudan a combatir el envejecimiento prematuro y a reducir la apariencia de manchas.<\/p>\n\n\n\n<figure class=\"wp-block-gallery has-nested-images columns-default is-cropped wp-block-gallery-3 is-layout-flex wp-block-gallery-is-layout-flex\">\n<figure class=\"wp-block-image size-large\"><img decoding=\"async\" width=\"500\" height=\"523\" data-id=\"1102572\" src=\"https:\/\/dimensionturistica.com\/es\/wp-content\/uploads\/2026\/01\/2PIEL.jpg\" alt=\"\" class=\"wp-image-1102572\" srcset=\"https:\/\/dimensionturistica.com\/es\/wp-content\/uploads\/2026\/01\/2PIEL.jpg 500w, https:\/\/dimensionturistica.com\/es\/wp-content\/uploads\/2026\/01\/2PIEL-287x300.jpg 287w\" sizes=\"(max-width: 500px) 100vw, 500px\" \/><\/figure>\n<\/figure>\n\n\n\n<p>Para una limpieza m\u00e1s completa, incorpora el agua micelar desmaquillante y t\u00f3nico tambi\u00e9n de Sk\u00efn Sense, pues adem\u00e1s de desmaquillar, hidrata, equilibra y refresca en un solo paso. Este paso te ayudar\u00e1 a retirar toxinas e impurezas, a reducir enrojecimiento, calmar la piel expuesta al fr\u00edo y la contaminaci\u00f3n, equilibrando el pH de tu piel y dejando una sensaci\u00f3n inmediata de alivio y frescura. Porque s\u00ed, entre mejor limpias tu piel, m\u00e1s preparada est\u00e1 para retener la hidrataci\u00f3n.<\/p>\n\n\n\n<p>2. Hidrataci\u00f3n y confort inmediato<\/p>\n\n\n\n<p>Cuando la barrera cut\u00e1nea est\u00e1 debilitada, la piel necesita algo m\u00e1s que una crema ligera. La crema gel Vitalidad para pieles secas de Emotions Labs (marca mexicana del cuidado de la piel),aporta hidrataci\u00f3n profunda y duradera sin sensaci\u00f3n grasosa. Su f\u00f3rmula con \u00e1cido hialur\u00f3nico, escualeno vegetal y extracto de semilla de sena mejora la elasticidad, restaura la flexibilidad y ayuda a la piel a adaptarse mejor al estr\u00e9s clim\u00e1tico.<\/p>\n\n\n\n<figure class=\"wp-block-gallery has-nested-images columns-default is-cropped wp-block-gallery-4 is-layout-flex wp-block-gallery-is-layout-flex\">\n<figure class=\"wp-block-image size-large\"><img decoding=\"async\" width=\"500\" height=\"238\" data-id=\"1102575\" src=\"https:\/\/dimensionturistica.com\/es\/wp-content\/uploads\/2026\/01\/1PIEL-2.jpg\" alt=\"\" class=\"wp-image-1102575\" srcset=\"https:\/\/dimensionturistica.com\/es\/wp-content\/uploads\/2026\/01\/1PIEL-2.jpg 500w, https:\/\/dimensionturistica.com\/es\/wp-content\/uploads\/2026\/01\/1PIEL-2-300x143.jpg 300w\" sizes=\"(max-width: 500px) 100vw, 500px\" \/><\/figure>\n<\/figure>\n\n\n\n<p>El \u00e1cido hialur\u00f3nico potencia la luminosidad y el equilibrio h\u00eddrico, mientras que el escualeno vegetal evita la p\u00e9rdida de humedad y refuerza la elasticidad natural. El resultado es una piel visiblemente m\u00e1s suave, c\u00f3moda y con aspecto saludable, incluso en los d\u00edas m\u00e1s fr\u00edos.<\/p>\n\n\n\n<p>3. Protecci\u00f3n diaria,&nbsp; el gesto antiedad que no puede faltar<\/p>\n\n\n\n<p>Aunque el sol no se sienta tan intenso, la protecci\u00f3n solar sigue siendo imprescindible. Vaseline Daily Sun Care SPF 50+ PA++++ ofrece alta protecci\u00f3n UV con una textura ligera y no grasosa, ideal para el uso diario. Enriquecida con Vaseline Jelly y un sistema de retenci\u00f3n de agua, ayuda a mantener la piel hidratada y protegida frente a la resequedad provocada por el sol y el fr\u00edo.<\/p>\n\n\n\n<p>4. Cuidado espec\u00edfico para zonas vulnerables<\/p>\n\n\n\n<p>Los labios son, quiz\u00e1, los primeros en resentir las bajas temperaturas. Vaseline Lip Therapy Pink Bubbly y Queen Bee protege la barrera de humedad con vaselina original, mientras sus extractos de vino o miel aportan nutrici\u00f3n y suavidad duradera, dejando los labios humectados durante todo el d\u00eda.<\/p>\n\n\n\n<figure class=\"wp-block-gallery has-nested-images columns-default is-cropped wp-block-gallery-5 is-layout-flex wp-block-gallery-is-layout-flex\">\n<figure class=\"wp-block-image size-large\"><img decoding=\"async\" width=\"500\" height=\"539\" data-id=\"1102573\" src=\"https:\/\/dimensionturistica.com\/es\/wp-content\/uploads\/2026\/01\/3PIEL-2.jpg\" alt=\"\" class=\"wp-image-1102573\" srcset=\"https:\/\/dimensionturistica.com\/es\/wp-content\/uploads\/2026\/01\/3PIEL-2.jpg 500w, https:\/\/dimensionturistica.com\/es\/wp-content\/uploads\/2026\/01\/3PIEL-2-278x300.jpg 278w\" sizes=\"(max-width: 500px) 100vw, 500px\" \/><\/figure>\n<\/figure>\n\n\n\n<p>Y para el cuerpo, las Cremas Corporales Vaseline Clinical Care refuerzan la piel gracias a su complejo restaurador de barrera con glicerina, Vaseline Jelly y pro-l\u00edpidos. Esta combinaci\u00f3n hidrata, bloquea la humedad y estimula la renovaci\u00f3n celular, ayudando a que la piel se mantenga fuerte, flexible y resistente al fr\u00edo.<\/p>\n\n\n\n<p>Con m\u00e1s frentes fr\u00edos a\u00fan por atravesar el pa\u00eds antes de que el invierno llegue a su fin, cuidar la piel deja de ser un gesto est\u00e9tico para convertirse en una necesidad diaria. Ajustar la rutina, fortalecer la barrera cut\u00e1nea y protegerla de los cambios bruscos de temperatura no solo ayuda a mantenerla confortable, sino que tambi\u00e9n es la clave para prevenir el envejecimiento prematuro y conservar una piel luminosa, firme y saludable.<\/p>\n","protected":false},"excerpt":{"rendered":"<p>El invierno 2025\u20132026 en M\u00e9xico est\u00e1 marcado por una intensa temporada de frentes fr\u00edos. De acuerdo con el Servicio Meteorol\u00f3gico Nacional, se esperan hasta 48 eventos, con la posibilidad de que el n\u00famero ascienda a 50. Hasta ahora ya se han registrado 27, y a\u00fan faltan m\u00e1s de 20 sistemas por ingresar al pa\u00eds, lo [&hellip;]<\/p>\n","protected":false},"author":1,"featured_media":0,"comment_status":"open","ping_status":"closed","sticky":false,"template":"","format":"standard","meta":{"om_disable_all_campaigns":false,"jnews-multi-image_gallery":[],"jnews_single_post":{"format":"standard"},"jnews_primary_category":[],"jnews_social_meta":[],"footnotes":""},"categories":[144872],"tags":[],"class_list":["post-1102561","post","type-post","status-publish","format-standard","hentry","category-fashion"],"_links":{"self":[{"href":"https:\/\/dimensionturistica.com\/es\/wp-json\/wp\/v2\/posts\/1102561","targetHints":{"allow":["GET"]}}],"collection":[{"href":"https:\/\/dimensionturistica.com\/es\/wp-json\/wp\/v2\/posts"}],"about":[{"href":"https:\/\/dimensionturistica.com\/es\/wp-json\/wp\/v2\/types\/post"}],"author":[{"embeddable":true,"href":"https:\/\/dimensionturistica.com\/es\/wp-json\/wp\/v2\/users\/1"}],"replies":[{"embeddable":true,"href":"https:\/\/dimensionturistica.com\/es\/wp-json\/wp\/v2\/comments?post=1102561"}],"version-history":[{"count":1,"href":"https:\/\/dimensionturistica.com\/es\/wp-json\/wp\/v2\/posts\/1102561\/revisions"}],"predecessor-version":[{"id":1102576,"href":"https:\/\/dimensionturistica.com\/es\/wp-json\/wp\/v2\/posts\/1102561\/revisions\/1102576"}],"wp:attachment":[{"href":"https:\/\/dimensionturistica.com\/es\/wp-json\/wp\/v2\/media?parent=1102561"}],"wp:term":[{"taxonomy":"category","embeddable":true,"href":"https:\/\/dimensionturistica.com\/es\/wp-json\/wp\/v2\/categories?post=1102561"},{"taxonomy":"post_tag","embeddable":true,"href":"https:\/\/dimensionturistica.com\/es\/wp-json\/wp\/v2\/tags?post=1102561"}],"curies":[{"name":"wp","href":"https:\/\/api.w.org\/{rel}","templated":true}]}}