{"id":1102374,"date":"2026-01-23T20:06:53","date_gmt":"2026-01-23T20:06:53","guid":{"rendered":"https:\/\/dimensionturistica.com\/es\/?p=1102374"},"modified":"2026-01-23T20:06:53","modified_gmt":"2026-01-23T20:06:53","slug":"nayarit-posiciona-su-vision-de-gobernanza-turistica-en-la-junta-directiva-de-miembros-afiliados-de-onu-turismo","status":"publish","type":"post","link":"https:\/\/dimensionturistica.com\/es\/nayarit-posiciona-su-vision-de-gobernanza-turistica-en-la-junta-directiva-de-miembros-afiliados-de-onu-turismo\/","title":{"rendered":"Nayarit posiciona su visi\u00f3n de gobernanza tur\u00edstica en la Junta Directiva de Miembros Afiliados de ONU Turismo"},"content":{"rendered":"\n<figure class=\"wp-block-gallery has-nested-images columns-default is-cropped wp-block-gallery-1 is-layout-flex wp-block-gallery-is-layout-flex\">\n<figure class=\"wp-block-image size-large\"><img decoding=\"async\" width=\"500\" height=\"45\" data-id=\"1102376\" src=\"https:\/\/dimensionturistica.com\/es\/wp-content\/uploads\/2026\/01\/NAYARIT-1.jpg\" alt=\"\" class=\"wp-image-1102376\" srcset=\"https:\/\/dimensionturistica.com\/es\/wp-content\/uploads\/2026\/01\/NAYARIT-1.jpg 500w, https:\/\/dimensionturistica.com\/es\/wp-content\/uploads\/2026\/01\/NAYARIT-1-300x27.jpg 300w\" sizes=\"(max-width: 500px) 100vw, 500px\" \/><\/figure>\n<\/figure>\n\n\n\n<p>En el marco de FITUR 2026, el Estado de Nayarit particip\u00f3 en la 63\u00aa Reuni\u00f3n de la Junta Directiva de Miembros Afiliados de ONU Turismo, como parte de su condici\u00f3n de Miembro Afiliado del organismo internacional, una participaci\u00f3n que responde a la estrategia de pol\u00edtica p\u00fablica impulsada por el Gobernador del Estado, Miguel \u00c1ngel Navarro Quintero, orientada a fortalecer la planeaci\u00f3n, la gobernanza y la proyecci\u00f3n internacional del turismo.<\/p>\n\n\n\n<figure class=\"wp-block-gallery has-nested-images columns-default is-cropped wp-block-gallery-2 is-layout-flex wp-block-gallery-is-layout-flex\">\n<figure class=\"wp-block-image size-large\"><img decoding=\"async\" width=\"500\" height=\"375\" data-id=\"1102379\" src=\"https:\/\/dimensionturistica.com\/es\/wp-content\/uploads\/2026\/01\/2NATA.jpg\" alt=\"\" class=\"wp-image-1102379\" srcset=\"https:\/\/dimensionturistica.com\/es\/wp-content\/uploads\/2026\/01\/2NATA.jpg 500w, https:\/\/dimensionturistica.com\/es\/wp-content\/uploads\/2026\/01\/2NATA-300x225.jpg 300w\" sizes=\"(max-width: 500px) 100vw, 500px\" \/><\/figure>\n<\/figure>\n\n\n\n<p>Como integrante de esta Junta Directiva, el secretario de Turismo del Estado de Nayarit, Juan Enrique Su\u00e1rez del Real Tostado, represent\u00f3 al estado en una sesi\u00f3n de car\u00e1cter estrat\u00e9gico, en la que se abordaron los principales temas que hoy definen la agenda global del sector tur\u00edstico.<\/p>\n\n\n\n<p>Entre los puntos del orden del d\u00eda se present\u00f3 el Bar\u00f3metro Tur\u00edstico Global de ONU Turismo, que dio cuenta de un repunte relevante de la actividad tur\u00edstica a nivel mundial, con cifras que superan los niveles previos a la pandemia, as\u00ed como de los desaf\u00edos estructurales que enfrenta el sector en esta nueva etapa de crecimiento.<\/p>\n\n\n\n<p>En ese contexto, y durante su participaci\u00f3n, el secretario de Turismo de Nayarit aport\u00f3 una lectura complementaria al an\u00e1lisis global, se\u00f1alando que los destinos de Am\u00e9rica Latina enfrentan retos diferenciados y espec\u00edficos, asociados a sus condiciones sociales, ambientales y territoriales, que requieren ser analizados con mayor profundidad y atendidos desde una perspectiva regional.<\/p>\n\n\n\n<p>Asimismo, destac\u00f3 la necesidad de avanzar del diagn\u00f3stico a la acci\u00f3n, impulsando el desarrollo de actividades tur\u00edsticas de manera responsable, con mecanismos de vigilancia estricta frente a los posibles impactos ambientales o sociales que puede generar el turismo de gran escala o el desarrollo fuera de norma. Esta visi\u00f3n se alinea con el enfoque de sostenibilidad, ordenamiento y legalidad que caracteriza la pol\u00edtica tur\u00edstica del Estado de Nayarit.<\/p>\n\n\n\n<figure class=\"wp-block-gallery has-nested-images columns-default is-cropped wp-block-gallery-3 is-layout-flex wp-block-gallery-is-layout-flex\">\n<figure class=\"wp-block-image size-large\"><img decoding=\"async\" width=\"500\" height=\"295\" data-id=\"1102380\" src=\"https:\/\/dimensionturistica.com\/es\/wp-content\/uploads\/2026\/01\/3NAYA-1.jpg\" alt=\"\" class=\"wp-image-1102380\" srcset=\"https:\/\/dimensionturistica.com\/es\/wp-content\/uploads\/2026\/01\/3NAYA-1.jpg 500w, https:\/\/dimensionturistica.com\/es\/wp-content\/uploads\/2026\/01\/3NAYA-1-300x177.jpg 300w\" sizes=\"(max-width: 500px) 100vw, 500px\" \/><\/figure>\n<\/figure>\n\n\n\n<p>Durante la sesi\u00f3n, la direcci\u00f3n de la Junta Directiva de Miembros Afiliados reiter\u00f3 el respaldo de ONU Turismo a iniciativas que promuevan modelos tur\u00edsticos especializados y responsables, y reconoci\u00f3 el valor de los esfuerzos impulsados desde Nayarit para la realizaci\u00f3n de encuentros dirigidos a especialistas en turismo cultural, como una v\u00eda para fortalecer capacidades, conocimiento y buenas pr\u00e1cticas en el sector.<\/p>\n\n\n\n<figure class=\"wp-block-gallery has-nested-images columns-default is-cropped wp-block-gallery-4 is-layout-flex wp-block-gallery-is-layout-flex\">\n<figure class=\"wp-block-image size-large\"><img decoding=\"async\" width=\"500\" height=\"375\" data-id=\"1102381\" src=\"https:\/\/dimensionturistica.com\/es\/wp-content\/uploads\/2026\/01\/4NAYA-2.jpg\" alt=\"\" class=\"wp-image-1102381\" srcset=\"https:\/\/dimensionturistica.com\/es\/wp-content\/uploads\/2026\/01\/4NAYA-2.jpg 500w, https:\/\/dimensionturistica.com\/es\/wp-content\/uploads\/2026\/01\/4NAYA-2-300x225.jpg 300w\" sizes=\"(max-width: 500px) 100vw, 500px\" \/><\/figure>\n<\/figure>\n\n\n\n<p>La participaci\u00f3n de Nayarit como Miembro Afiliado de ONU Turismo y como parte de la Junta Directiva consolida al estado como un referente en la agenda internacional de turismo, posicion\u00e1ndolo como un actor que contribuye activamente a la construcci\u00f3n de modelos tur\u00edsticos m\u00e1s sostenibles, con identidad y visi\u00f3n de largo plazo, en congruencia con la estrategia de desarrollo impulsada desde el Gobierno del Estado<\/p>\n","protected":false},"excerpt":{"rendered":"<p>En el marco de FITUR 2026, el Estado de Nayarit particip\u00f3 en la 63\u00aa Reuni\u00f3n de la Junta Directiva de Miembros Afiliados de ONU Turismo, como parte de su condici\u00f3n de Miembro Afiliado del organismo internacional, una participaci\u00f3n que responde a la estrategia de pol\u00edtica p\u00fablica impulsada por el Gobernador del Estado, Miguel \u00c1ngel Navarro [&hellip;]<\/p>\n","protected":false},"author":1,"featured_media":0,"comment_status":"open","ping_status":"closed","sticky":false,"template":"","format":"standard","meta":{"om_disable_all_campaigns":false,"jnews-multi-image_gallery":[],"jnews_single_post":{"format":"standard"},"jnews_primary_category":[],"jnews_social_meta":[],"footnotes":""},"categories":[39],"tags":[],"class_list":["post-1102374","post","type-post","status-publish","format-standard","hentry","category-viajes"],"_links":{"self":[{"href":"https:\/\/dimensionturistica.com\/es\/wp-json\/wp\/v2\/posts\/1102374","targetHints":{"allow":["GET"]}}],"collection":[{"href":"https:\/\/dimensionturistica.com\/es\/wp-json\/wp\/v2\/posts"}],"about":[{"href":"https:\/\/dimensionturistica.com\/es\/wp-json\/wp\/v2\/types\/post"}],"author":[{"embeddable":true,"href":"https:\/\/dimensionturistica.com\/es\/wp-json\/wp\/v2\/users\/1"}],"replies":[{"embeddable":true,"href":"https:\/\/dimensionturistica.com\/es\/wp-json\/wp\/v2\/comments?post=1102374"}],"version-history":[{"count":1,"href":"https:\/\/dimensionturistica.com\/es\/wp-json\/wp\/v2\/posts\/1102374\/revisions"}],"predecessor-version":[{"id":1102382,"href":"https:\/\/dimensionturistica.com\/es\/wp-json\/wp\/v2\/posts\/1102374\/revisions\/1102382"}],"wp:attachment":[{"href":"https:\/\/dimensionturistica.com\/es\/wp-json\/wp\/v2\/media?parent=1102374"}],"wp:term":[{"taxonomy":"category","embeddable":true,"href":"https:\/\/dimensionturistica.com\/es\/wp-json\/wp\/v2\/categories?post=1102374"},{"taxonomy":"post_tag","embeddable":true,"href":"https:\/\/dimensionturistica.com\/es\/wp-json\/wp\/v2\/tags?post=1102374"}],"curies":[{"name":"wp","href":"https:\/\/api.w.org\/{rel}","templated":true}]}}