{"id":1102361,"date":"2026-01-23T19:42:04","date_gmt":"2026-01-23T19:42:04","guid":{"rendered":"https:\/\/dimensionturistica.com\/es\/?p=1102361"},"modified":"2026-01-23T19:42:04","modified_gmt":"2026-01-23T19:42:04","slug":"impulsa-guatemala-su-proyeccion-turistica-global-durante-fitur-2026","status":"publish","type":"post","link":"https:\/\/dimensionturistica.com\/es\/impulsa-guatemala-su-proyeccion-turistica-global-durante-fitur-2026\/","title":{"rendered":"Impulsa Guatemala su proyecci\u00f3n tur\u00edstica global durante FITUR 2026"},"content":{"rendered":"\n<figure class=\"wp-block-gallery has-nested-images columns-default is-cropped wp-block-gallery-1 is-layout-flex wp-block-gallery-is-layout-flex\">\n<figure class=\"wp-block-image size-large\"><img decoding=\"async\" width=\"413\" height=\"150\" data-id=\"1102362\" src=\"https:\/\/dimensionturistica.com\/es\/wp-content\/uploads\/2026\/01\/3GUATE.jpg\" alt=\"\" class=\"wp-image-1102362\" srcset=\"https:\/\/dimensionturistica.com\/es\/wp-content\/uploads\/2026\/01\/3GUATE.jpg 413w, https:\/\/dimensionturistica.com\/es\/wp-content\/uploads\/2026\/01\/3GUATE-300x109.jpg 300w\" sizes=\"(max-width: 413px) 100vw, 413px\" \/><\/figure>\n<\/figure>\n\n\n\n<p>El Instituto Guatemalteco de Turismo (INGUAT) consolida la posici\u00f3n del pa\u00eds como uno de los destinos de mayor riqueza cultural en Latinoam\u00e9rica a trav\u00e9s de su participaci\u00f3n en la 46\u00aa edici\u00f3n de la Feria Internacional de Turismo (FITUR 2026).<\/p>\n\n\n\n<p>La presencia de Guatemala en FITUR \u2014 el primer encuentro anual clave para la industria global de viajes y turismo, que reunir\u00e1 a m\u00e1s de 250.000 profesionales de 156 pa\u00edses\u2014 se da en un contexto especialmente positivo para el destino, impulsado por la expansi\u00f3n del mercado internacional y el fortalecimiento de la conectividad a\u00e9rea.<\/p>\n\n\n\n<p>La delegaci\u00f3n es encabezada por Harris Whitbeck, Director general del INGUAT, junto con m\u00e1s autoridades y empresarios del sector tur\u00edstico de Guatemala, quienes promueven una estrategia enfocada en el turismo cultural, religioso, gastron\u00f3mico y de naturaleza, pilares que forman parte de la identidad del pa\u00eds.<\/p>\n\n\n\n<figure class=\"wp-block-gallery has-nested-images columns-default is-cropped wp-block-gallery-2 is-layout-flex wp-block-gallery-is-layout-flex\">\n<figure class=\"wp-block-image size-large\"><img decoding=\"async\" width=\"500\" height=\"745\" data-id=\"1102363\" src=\"https:\/\/dimensionturistica.com\/es\/wp-content\/uploads\/2026\/01\/1GUATE.jpg\" alt=\"\" class=\"wp-image-1102363\" srcset=\"https:\/\/dimensionturistica.com\/es\/wp-content\/uploads\/2026\/01\/1GUATE.jpg 500w, https:\/\/dimensionturistica.com\/es\/wp-content\/uploads\/2026\/01\/1GUATE-201x300.jpg 201w\" sizes=\"(max-width: 500px) 100vw, 500px\" \/><\/figure>\n<\/figure>\n\n\n\n<p>Durante FITUR 2026, INGUAT presenta los avances de su estrategia de promoci\u00f3n internacional, actualmente enfocada en mercados como Espa\u00f1a, Reino Unido, Estados Unidos, Canad\u00e1 y M\u00e9xico.<\/p>\n\n\n\n<p>Harris Whitbeck destac\u00f3 que el Gobierno del presidente Bernardo Ar\u00e9valo, reconoce al turismo como un pilar para el desarrollo nacional, siendo un motor econ\u00f3mico, social y cultural para las comunidades del pa\u00eds.<\/p>\n\n\n\n<p>\u201cGuatemala vive una etapa de transformaci\u00f3n que nos impulsa a elevar nuestros est\u00e1ndares, innovar y trabajar de la mano con la industria para compartir con el mundo experiencias aut\u00e9nticas, responsables y con profundo valor cultural. FITUR 2026 es una plataforma clave para fortalecer alianzas estrat\u00e9gicas en Europa y otros mercados prioritarios\u201d, se\u00f1al\u00f3 Whitbeck.<\/p>\n\n\n\n<p>A lo largo de 2025, Guatemala continu\u00f3 fortaleciendo su posicionamiento en el turismo internacional, durante el a\u00f1o 3,36 millones de viajeros internacionales visitaron el destino, que actualmente cuenta con aproximadamente 1.9 millones de asientos disponibles en vuelos internacionales. En promedio, los visitantes permanecieron m\u00e1s de 8 d\u00edas en el pa\u00eds, recorriendo destinos culturales, naturales y espirituales.<\/p>\n\n\n\n<p>Del 21 al 25 de enero de 2026, en el recinto ferial de Madrid (IFEMA), Guatemala contar\u00e1 con un espacio de promoci\u00f3n tur\u00edstica que incluir\u00e1 informaci\u00f3n del destino, experiencias de realidad virtual, degustaciones gastron\u00f3micas de caf\u00e9, ron y gastronom\u00eda tradicional.<\/p>\n\n\n\n<p>Asimismo, se promover\u00e1 la oferta de turismo de naturaleza y aventura responsable en destinos como Acatenango, Laguna Brava, Sierra de las Minas y Alta Verapaz, as\u00ed como las iniciativas de conservaci\u00f3n ambiental y turismo sostenible que fortalecen el compromiso del pa\u00eds con la protecci\u00f3n de sus ecosistemas.<\/p>\n\n\n\n<p>Con su participaci\u00f3n en FITUR 2026, Guatemala reafirma su compromiso con el crecimiento responsable del turismo y con el fortalecimiento de su posicionamiento internacional, impulsando experiencias aut\u00e9nticas que celebran su historia, su diversidad cultural y su riqueza natural.<\/p>\n","protected":false},"excerpt":{"rendered":"<p>El Instituto Guatemalteco de Turismo (INGUAT) consolida la posici\u00f3n del pa\u00eds como uno de los destinos de mayor riqueza cultural en Latinoam\u00e9rica a trav\u00e9s de su participaci\u00f3n en la 46\u00aa edici\u00f3n de la Feria Internacional de Turismo (FITUR 2026). La presencia de Guatemala en FITUR \u2014 el primer encuentro anual clave para la industria global [&hellip;]<\/p>\n","protected":false},"author":1,"featured_media":0,"comment_status":"open","ping_status":"closed","sticky":false,"template":"","format":"standard","meta":{"om_disable_all_campaigns":false,"jnews-multi-image_gallery":[],"jnews_single_post":[],"jnews_primary_category":[],"jnews_social_meta":[],"footnotes":""},"categories":[39],"tags":[],"class_list":["post-1102361","post","type-post","status-publish","format-standard","hentry","category-viajes"],"_links":{"self":[{"href":"https:\/\/dimensionturistica.com\/es\/wp-json\/wp\/v2\/posts\/1102361","targetHints":{"allow":["GET"]}}],"collection":[{"href":"https:\/\/dimensionturistica.com\/es\/wp-json\/wp\/v2\/posts"}],"about":[{"href":"https:\/\/dimensionturistica.com\/es\/wp-json\/wp\/v2\/types\/post"}],"author":[{"embeddable":true,"href":"https:\/\/dimensionturistica.com\/es\/wp-json\/wp\/v2\/users\/1"}],"replies":[{"embeddable":true,"href":"https:\/\/dimensionturistica.com\/es\/wp-json\/wp\/v2\/comments?post=1102361"}],"version-history":[{"count":1,"href":"https:\/\/dimensionturistica.com\/es\/wp-json\/wp\/v2\/posts\/1102361\/revisions"}],"predecessor-version":[{"id":1102364,"href":"https:\/\/dimensionturistica.com\/es\/wp-json\/wp\/v2\/posts\/1102361\/revisions\/1102364"}],"wp:attachment":[{"href":"https:\/\/dimensionturistica.com\/es\/wp-json\/wp\/v2\/media?parent=1102361"}],"wp:term":[{"taxonomy":"category","embeddable":true,"href":"https:\/\/dimensionturistica.com\/es\/wp-json\/wp\/v2\/categories?post=1102361"},{"taxonomy":"post_tag","embeddable":true,"href":"https:\/\/dimensionturistica.com\/es\/wp-json\/wp\/v2\/tags?post=1102361"}],"curies":[{"name":"wp","href":"https:\/\/api.w.org\/{rel}","templated":true}]}}