{"id":1102342,"date":"2026-01-23T19:28:10","date_gmt":"2026-01-23T19:28:10","guid":{"rendered":"https:\/\/dimensionturistica.com\/es\/?p=1102342"},"modified":"2026-01-23T19:28:10","modified_gmt":"2026-01-23T19:28:10","slug":"fortalece-gobierno-de-jalisco-alianzas-globales-y-promueve-turismo-sostenible-en-fitur-2026","status":"publish","type":"post","link":"https:\/\/dimensionturistica.com\/es\/fortalece-gobierno-de-jalisco-alianzas-globales-y-promueve-turismo-sostenible-en-fitur-2026\/","title":{"rendered":"Fortalece Gobierno de Jalisco alianzas globales y promueve turismo sostenible en FITUR 2026"},"content":{"rendered":"\n<figure class=\"wp-block-gallery has-nested-images columns-default is-cropped wp-block-gallery-1 is-layout-flex wp-block-gallery-is-layout-flex\">\n<figure class=\"wp-block-image size-large\"><img decoding=\"async\" width=\"600\" height=\"419\" data-id=\"1102343\" src=\"https:\/\/dimensionturistica.com\/es\/wp-content\/uploads\/2026\/01\/JALISCO.jpg\" alt=\"\" class=\"wp-image-1102343\" srcset=\"https:\/\/dimensionturistica.com\/es\/wp-content\/uploads\/2026\/01\/JALISCO.jpg 600w, https:\/\/dimensionturistica.com\/es\/wp-content\/uploads\/2026\/01\/JALISCO-300x210.jpg 300w\" sizes=\"(max-width: 600px) 100vw, 600px\" \/><\/figure>\n<\/figure>\n\n\n\n<p>Para fortalecer la presencia internacional de Jalisco en FITUR 2026, la delegaci\u00f3n jalisciense llev\u00f3 a cabo una jornada estrat\u00e9gica orientada a consolidar alianzas con organismos globales, promover la conectividad a\u00e9rea y proyectar al estado como sede de grandes eventos.<\/p>\n\n\n\n<p>Estas acciones posicionan a Jalisco como un destino atractivo para la inversi\u00f3n, el turismo sostenible y la organizaci\u00f3n de encuentros de relevancia mundial.<\/p>\n\n\n\n<figure class=\"wp-block-gallery has-nested-images columns-default is-cropped wp-block-gallery-2 is-layout-flex wp-block-gallery-is-layout-flex\">\n<figure class=\"wp-block-image size-large\"><img decoding=\"async\" width=\"500\" height=\"334\" data-id=\"1102344\" src=\"https:\/\/dimensionturistica.com\/es\/wp-content\/uploads\/2026\/01\/1JALISCO-1.jpg\" alt=\"\" class=\"wp-image-1102344\" srcset=\"https:\/\/dimensionturistica.com\/es\/wp-content\/uploads\/2026\/01\/1JALISCO-1.jpg 500w, https:\/\/dimensionturistica.com\/es\/wp-content\/uploads\/2026\/01\/1JALISCO-1-300x200.jpg 300w\" sizes=\"(max-width: 500px) 100vw, 500px\" \/><\/figure>\n<\/figure>\n\n\n\n<p>La comitiva estuvo encabezada por Pablo Lemus Navarro, Gobernador de Jalisco; acompa\u00f1ado por Michelle Fridman Hirsch, Secretaria de Turismo del Estado; y Mauro Garza Mar\u00edn; Coordinador General Estrat\u00e9gico de Crecimiento y Desarrollo Econ\u00f3mico.<\/p>\n\n\n\n<p>Con su participaci\u00f3n se reafirm\u00f3 el compromiso de impulsar la internacionalizaci\u00f3n de Jalisco y de fortalecer su papel como referente tur\u00edstico y cultural en el escenario global.<\/p>\n\n\n\n<p>La agenda de hoy incluy\u00f3 un encuentro con 25 medios de comunicaci\u00f3n de Espa\u00f1a y Europa, organizado por Europa Press, bajo el t\u00edtulo \u201cJalisco, sede de grandes eventos\u201d, en el que participaron tambi\u00e9n Ver\u00f3nica Delgadillo, Presidenta Municipal de Guadalajara, y Juan Jos\u00e9 Frangie, Presidente Municipal de Zapopan.<\/p>\n\n\n\n<figure class=\"wp-block-gallery has-nested-images columns-default is-cropped wp-block-gallery-3 is-layout-flex wp-block-gallery-is-layout-flex\">\n<figure class=\"wp-block-image size-large\"><img decoding=\"async\" width=\"500\" height=\"334\" data-id=\"1102345\" src=\"https:\/\/dimensionturistica.com\/es\/wp-content\/uploads\/2026\/01\/2HALISCO.jpg\" alt=\"\" class=\"wp-image-1102345\" srcset=\"https:\/\/dimensionturistica.com\/es\/wp-content\/uploads\/2026\/01\/2HALISCO.jpg 500w, https:\/\/dimensionturistica.com\/es\/wp-content\/uploads\/2026\/01\/2HALISCO-300x200.jpg 300w\" sizes=\"(max-width: 500px) 100vw, 500px\" \/><\/figure>\n<\/figure>\n\n\n\n<p>Europa Press es la principal agencia de noticias privada de Espa\u00f1a, fundada en 1953, destacando por su independencia, profesionalidad y cobertura en m\u00faltiples idiomas, incluyendo las lenguas cooficiales espa\u00f1olas, a trav\u00e9s de teletipos, fotograf\u00edas, videos y contenidos digitales.<\/p>\n\n\n\n<p>Durante el encuentro se expusieron las razones para visitar Jalisco y se destac\u00f3 la conectividad a\u00e9rea que une a Madrid con el estado, posicionando a la entidad como un destino competitivo para la organizaci\u00f3n de grandes eventos internacionales.<\/p>\n\n\n\n<figure class=\"wp-block-gallery has-nested-images columns-default is-cropped wp-block-gallery-4 is-layout-flex wp-block-gallery-is-layout-flex\">\n<figure class=\"wp-block-image size-large\"><img decoding=\"async\" width=\"500\" height=\"334\" data-id=\"1102346\" src=\"https:\/\/dimensionturistica.com\/es\/wp-content\/uploads\/2026\/01\/4JALISCO-1.jpg\" alt=\"\" class=\"wp-image-1102346\" srcset=\"https:\/\/dimensionturistica.com\/es\/wp-content\/uploads\/2026\/01\/4JALISCO-1.jpg 500w, https:\/\/dimensionturistica.com\/es\/wp-content\/uploads\/2026\/01\/4JALISCO-1-300x200.jpg 300w\" sizes=\"(max-width: 500px) 100vw, 500px\" \/><\/figure>\n<\/figure>\n\n\n\n<p>El Gobernador, Pablo Lemus, afirm\u00f3 que el Mundial 2026 representa una oportunidad para impulsar proyectos de gran alcance en Jalisco.<\/p>\n\n\n\n<p>Se\u00f1al\u00f3 que, m\u00e1s all\u00e1 de los 39 d\u00edas que dura el torneo y de los cuatro partidos que se celebrar\u00e1n en el estado, se est\u00e1n desarrollando obras de infraestructura y acciones de promoci\u00f3n tur\u00edstica que buscan trascender el evento.<\/p>\n\n\n\n<p>A\u00f1adi\u00f3 que el objetivo es que este esfuerzo conjunto permita atraer visitantes de todo el mundo y mostrarles la diversidad tur\u00edstica que ofrece Jalisco, desde su riqueza cultural y gastron\u00f3mica hasta sus destinos emblem\u00e1ticos, consolidando as\u00ed al estado como un referente internacional.<\/p>\n\n\n\n<figure class=\"wp-block-gallery has-nested-images columns-default is-cropped wp-block-gallery-5 is-layout-flex wp-block-gallery-is-layout-flex\">\n<figure class=\"wp-block-image size-large\"><img decoding=\"async\" width=\"500\" height=\"334\" data-id=\"1102347\" src=\"https:\/\/dimensionturistica.com\/es\/wp-content\/uploads\/2026\/01\/6JALISCO.jpg\" alt=\"\" class=\"wp-image-1102347\" srcset=\"https:\/\/dimensionturistica.com\/es\/wp-content\/uploads\/2026\/01\/6JALISCO.jpg 500w, https:\/\/dimensionturistica.com\/es\/wp-content\/uploads\/2026\/01\/6JALISCO-300x200.jpg 300w\" sizes=\"(max-width: 500px) 100vw, 500px\" \/><\/figure>\n<\/figure>\n\n\n\n<p>En el panel se subray\u00f3 la relevancia de impulsar la inversi\u00f3n, la sostenibilidad y el crecimiento del sector, poniendo especial \u00e9nfasis en la necesidad de articular la infraestructura deportiva con la oferta tur\u00edstica para que M\u00e9xico se consolide como un anfitri\u00f3n competitivo y responsable.<\/p>\n\n\n\n<p>A partir de esta reflexi\u00f3n, se resalt\u00f3 c\u00f3mo la riqueza de Jalisco se manifiesta en distintos \u00e1mbitos, esto es, el atractivo de sus 12 Pueblos M\u00e1gicos, la proyecci\u00f3n internacional de Puerto Vallarta, los paisajes singulares de la Costalegre y la vitalidad cosmopolita de la Zona Metropolitana de Guadalajara.<\/p>\n\n\n\n<p>La Secretaria de Turismo, Michelle Fridman Hirsch, destac\u00f3 que la agenda ha sido intensa, con reuniones, foros y paneles con inversionistas, diversas activaciones y la presencia del folclore de la charrer\u00eda jalisciense.<\/p>\n\n\n\n<figure class=\"wp-block-gallery has-nested-images columns-default is-cropped wp-block-gallery-6 is-layout-flex wp-block-gallery-is-layout-flex\">\n<figure class=\"wp-block-image size-large\"><img decoding=\"async\" width=\"500\" height=\"334\" data-id=\"1102348\" src=\"https:\/\/dimensionturistica.com\/es\/wp-content\/uploads\/2026\/01\/7JALISCO.jpg\" alt=\"\" class=\"wp-image-1102348\" srcset=\"https:\/\/dimensionturistica.com\/es\/wp-content\/uploads\/2026\/01\/7JALISCO.jpg 500w, https:\/\/dimensionturistica.com\/es\/wp-content\/uploads\/2026\/01\/7JALISCO-300x200.jpg 300w\" sizes=\"(max-width: 500px) 100vw, 500px\" \/><\/figure>\n<\/figure>\n\n\n\n<p>\u201cEstamos haciendo gala de la&nbsp; riqueza que tiene M\u00e9xico y esa gran conexi\u00f3n que tiene con Espa\u00f1a.<\/p>\n\n\n\n<p>Por supuesto, Jalisco no pod\u00eda faltar, porque Jalisco es M\u00e9xico, y traemos una gran muestra de su artesan\u00eda, de su gastronom\u00eda, de su cultura y sobre todo, de que tenemos sede de la Copa del Mundo por tercera ocasi\u00f3n, en donde la Selecci\u00f3n Espa\u00f1ola estar\u00e1 jugando tambi\u00e9n all\u00e1 en Guadalajara\u201d, se\u00f1al\u00f3.<\/p>\n\n\n\n<p>Adem\u00e1s, la comitiva sostuvo un encuentro en las oficinas de ONU Turismo con el Dr. Dirk Glaesser, Director de Turismo Sostenible y Resiliencia, y Zhao Ke, enlace de la Red INSTO.<\/p>\n\n\n\n<p>En la reuni\u00f3n se present\u00f3 el Observatorio Tur\u00edstico de Jalisco, parte del proyecto 2026, con el objetivo de fortalecer la cooperaci\u00f3n internacional en materia de sostenibilidad y resiliencia.<\/p>\n\n\n\n<figure class=\"wp-block-gallery has-nested-images columns-default is-cropped wp-block-gallery-7 is-layout-flex wp-block-gallery-is-layout-flex\">\n<figure class=\"wp-block-image size-large\"><img decoding=\"async\" width=\"500\" height=\"334\" data-id=\"1102349\" src=\"https:\/\/dimensionturistica.com\/es\/wp-content\/uploads\/2026\/01\/8JALISCO.jpg\" alt=\"\" class=\"wp-image-1102349\" srcset=\"https:\/\/dimensionturistica.com\/es\/wp-content\/uploads\/2026\/01\/8JALISCO.jpg 500w, https:\/\/dimensionturistica.com\/es\/wp-content\/uploads\/2026\/01\/8JALISCO-300x200.jpg 300w\" sizes=\"(max-width: 500px) 100vw, 500px\" \/><\/figure>\n<\/figure>\n\n\n\n<p>Fridman Hirsch explic\u00f3 que el observatorio arrojar\u00e1 informaci\u00f3n precisa y uniforme en una industria que impacta m\u00e1s de 130 ramas de la econom\u00eda. Su funci\u00f3n es medir y monitorear el turismo mediante un enfoque intersectorial y multidisciplinario, generando informaci\u00f3n \u00fatil para la toma de decisiones en los sectores p\u00fablico, privado y social.<\/p>\n\n\n\n<p>Adem\u00e1s de cumplir con la ley, el observatorio permitir\u00e1 trabajar con est\u00e1ndares internacionales y ahora es el quinto en M\u00e9xico en ser reconocido por la Organizaci\u00f3n Mundial de Turismo, sum\u00e1ndose a Guanajuato, Yucat\u00e1n, Nuevo Le\u00f3n y Tlaxcala.<\/p>\n\n\n\n<p>Enfatiz\u00f3 el papel de Jalisco como referente en hospedaje, gastronom\u00eda, conectividad a\u00e9rea e infraestructura especializada, factores que consolidan su liderazgo en la industria.<\/p>\n\n\n\n<p>Por otra parte, la delegaci\u00f3n particip\u00f3 tambi\u00e9n en la Mesa Redonda del World Travel &amp; Tourism Council (WTTC), organizada en coordinaci\u00f3n con la Uni\u00f3n de Secretarios de Turismo de M\u00e9xico A.C. (ASETUR), y la Secretar\u00eda de Turismo Federal (SECTUR).<\/p>\n\n\n\n<p>Entre los panelistas se encontraron Josefina Rodr\u00edguez, Secretaria de Turismo; Miguel Agui\u00f1aga, Titular de la Unidad de Innovaci\u00f3n, Sustentabilidad y Profesionalizaci\u00f3n; y Sebasti\u00e1n Ram\u00edrez, Director General de FONATUR.<\/p>\n\n\n\n<p>El WTTC, principal foro internacional del sector privado de viajes y turismo, promueve la investigaci\u00f3n sobre el impacto econ\u00f3mico de la industria y la cooperaci\u00f3n global.<\/p>\n\n\n\n<figure class=\"wp-block-gallery has-nested-images columns-default is-cropped wp-block-gallery-8 is-layout-flex wp-block-gallery-is-layout-flex\">\n<figure class=\"wp-block-image size-large\"><img decoding=\"async\" width=\"500\" height=\"334\" data-id=\"1102350\" src=\"https:\/\/dimensionturistica.com\/es\/wp-content\/uploads\/2026\/01\/5HALISCO.jpg\" alt=\"\" class=\"wp-image-1102350\" srcset=\"https:\/\/dimensionturistica.com\/es\/wp-content\/uploads\/2026\/01\/5HALISCO.jpg 500w, https:\/\/dimensionturistica.com\/es\/wp-content\/uploads\/2026\/01\/5HALISCO-300x200.jpg 300w\" sizes=\"(max-width: 500px) 100vw, 500px\" \/><\/figure>\n<\/figure>\n\n\n\n<p>La presencia de Jalisco refuerza la articulaci\u00f3n entre el sector p\u00fablico mexicano y la industria tur\u00edstica internacional.<\/p>\n\n\n\n<p>Como parte de las actividades paralelas, Jalisco tambi\u00e9n inici\u00f3 actividades en Ventana M\u00e9xico, un espacio de exposici\u00f3n y venta de artesan\u00eda mexicana que se desarrolla en L\u2019atelier Ut\u00f3pica. Esta iniciativa promueve la riqueza cultural, gastron\u00f3mica y tur\u00edstica de los estados participantes, reforzando la presencia de M\u00e9xico en Madrid y consolidando la proyecci\u00f3n internacional de Jalisco como destino l\u00edder.<\/p>\n","protected":false},"excerpt":{"rendered":"<p>Para fortalecer la presencia internacional de Jalisco en FITUR 2026, la delegaci\u00f3n jalisciense llev\u00f3 a cabo una jornada estrat\u00e9gica orientada a consolidar alianzas con organismos globales, promover la conectividad a\u00e9rea y proyectar al estado como sede de grandes eventos. Estas acciones posicionan a Jalisco como un destino atractivo para la inversi\u00f3n, el turismo sostenible y [&hellip;]<\/p>\n","protected":false},"author":1,"featured_media":0,"comment_status":"open","ping_status":"closed","sticky":false,"template":"","format":"standard","meta":{"om_disable_all_campaigns":false,"jnews-multi-image_gallery":[],"jnews_single_post":[],"jnews_primary_category":[],"jnews_social_meta":[],"footnotes":""},"categories":[39],"tags":[],"class_list":["post-1102342","post","type-post","status-publish","format-standard","hentry","category-viajes"],"_links":{"self":[{"href":"https:\/\/dimensionturistica.com\/es\/wp-json\/wp\/v2\/posts\/1102342","targetHints":{"allow":["GET"]}}],"collection":[{"href":"https:\/\/dimensionturistica.com\/es\/wp-json\/wp\/v2\/posts"}],"about":[{"href":"https:\/\/dimensionturistica.com\/es\/wp-json\/wp\/v2\/types\/post"}],"author":[{"embeddable":true,"href":"https:\/\/dimensionturistica.com\/es\/wp-json\/wp\/v2\/users\/1"}],"replies":[{"embeddable":true,"href":"https:\/\/dimensionturistica.com\/es\/wp-json\/wp\/v2\/comments?post=1102342"}],"version-history":[{"count":1,"href":"https:\/\/dimensionturistica.com\/es\/wp-json\/wp\/v2\/posts\/1102342\/revisions"}],"predecessor-version":[{"id":1102351,"href":"https:\/\/dimensionturistica.com\/es\/wp-json\/wp\/v2\/posts\/1102342\/revisions\/1102351"}],"wp:attachment":[{"href":"https:\/\/dimensionturistica.com\/es\/wp-json\/wp\/v2\/media?parent=1102342"}],"wp:term":[{"taxonomy":"category","embeddable":true,"href":"https:\/\/dimensionturistica.com\/es\/wp-json\/wp\/v2\/categories?post=1102342"},{"taxonomy":"post_tag","embeddable":true,"href":"https:\/\/dimensionturistica.com\/es\/wp-json\/wp\/v2\/tags?post=1102342"}],"curies":[{"name":"wp","href":"https:\/\/api.w.org\/{rel}","templated":true}]}}