{"id":1102339,"date":"2026-01-23T19:18:43","date_gmt":"2026-01-23T19:18:43","guid":{"rendered":"https:\/\/dimensionturistica.com\/es\/?p=1102339"},"modified":"2026-01-23T19:18:43","modified_gmt":"2026-01-23T19:18:43","slug":"en-roma-un-ultimo-homenaje-a-valentino-garavani","status":"publish","type":"post","link":"https:\/\/dimensionturistica.com\/es\/en-roma-un-ultimo-homenaje-a-valentino-garavani\/","title":{"rendered":"En Roma, un \u00daltimo Homenaje a Valentino Garavani"},"content":{"rendered":"<h3>Un \u00daltimo Adi\u00f3s a un Icono de la Moda en Roma<\/h3>\n<p>Roma, la ciudad eterna, se convirti\u00f3 en el escenario de un emotivo homenaje a la obra y legado de Valentino Garavani, un maestro indiscutible del dise\u00f1o. La gala, organizada en su honor, reuni\u00f3 a figuras destacadas de la moda, celebridades y amantes del arte, todos unidos en una celebraci\u00f3n que trasciende las fronteras del tiempo y el estilo.<\/p>\n<h4>Un Escenario M\u00e1gico<\/h4>\n<p>La velada tuvo lugar en la majestuosa Villa Medici, un lugar cargado de historia que sirvi\u00f3 como tel\u00f3n de fondo perfecto para esta celebraci\u00f3n. Las luces tenues y el esplendor de la arquitectura romana transformaron la villa en un espacio donde cada rinc\u00f3n parec\u00eda contar una historia, evocando el esp\u00edritu creativo de Valentino. El ambiente cargado de nostalgia y admiraci\u00f3n permiti\u00f3 que los invitados se sintieran parte de un momento \u00fanico en la historia de la moda.<\/p>\n<h4>Estilo Inigualable<\/h4>\n<p>La pasarela de la gala fue un verdadero desfile de elegancia y arte. Los asistentes, ataviados con ic\u00f3nicas creaciones de Valentino, personificaron la esencia de las \u00faltimas colecciones del dise\u00f1ador. Las siluetas fluidas, los colores vibrantes y los detalles intrincados recordaron la maestr\u00eda que Garavani imprimi\u00f3 en cada una de sus obras. Cada vestido era un testimonio del impecable sentido del estilo que ha definido no solo una era, sino a varias generaciones de fashionistas.<\/p>\n<h4>Celebridades y Estrellas<\/h4>\n<p>No faltaron las grandes figuras del cine y la m\u00fasica, quienes asistieron a rendir homenaje al maestro. La presencia de estas celebridades no solo aport\u00f3 un aura deslumbrante a la gala, sino que tambi\u00e9n subray\u00f3 la influencia de Valentino en el mundo del entretenimiento. La fusi\u00f3n de la moda y el star power amplific\u00f3 el impacto del evento, generando un eco que resonar\u00e1 en la industria por mucho tiempo.<\/p>\n<h4>Un Legado Que Traspasa Fronteras<\/h4>\n<p>Valentino no es solo un nombre; es un sin\u00f3nimo de lujo, sofisticaci\u00f3n y un estilo de vida vibrante. Su capacidad para fusionar la tradici\u00f3n italiana con una visi\u00f3n contempor\u00e1nea ha asegurado su relevancia a lo largo de las d\u00e9cadas. Durante la gala, muchos expresaron su admiraci\u00f3n por c\u00f3mo su trabajo sigue vigente y sigue inspirando a nuevos dise\u00f1adores que buscan dejar su propia huella en el mundo de la moda.<\/p>\n<h4>Un Homenaje a la Pasi\u00f3n<\/h4>\n<p>La velada no solo fue una celebraci\u00f3n de la moda, sino tambi\u00e9n un tributo a la pasi\u00f3n que Valentino ha aportado al sector. Cada boceto, cada colecci\u00f3n y cada desfile es un testimonio de su dedicaci\u00f3n y amor por el arte del dise\u00f1o. La profunda conexi\u00f3n emocional que comparte con su obra se hizo evidente en los discursos de quienes lo han acompa\u00f1ado a lo largo de su carrera. Esa entrega ha convertido a Valentino en un faro de inspiraci\u00f3n para muchos.<\/p>\n<h3>La Moda Contin\u00faa<\/h3>\n<p>El eco de la gala resonar\u00e1 en las calles de Roma y en la industria de la moda por mucho tiempo. Este \u00faltimo tributo no solo celebra el pasado de Valentino, sino que tambi\u00e9n abre un cap\u00edtulo nuevo, donde su influencia seguir\u00e1 guiando a las futuras generaciones de dise\u00f1adores. Con cada parpadeo de dise\u00f1o, la esencia de Valentino Garavani permanece viva, lista para seguir deslumbrando al mundo.<\/p>\n<p><em> &#8221; Fuentes www.vogue.com &#8221; <\/em><\/p>\n","protected":false},"excerpt":{"rendered":"<p>Un \u00daltimo Adi\u00f3s a un Icono de la Moda en Roma Roma, la ciudad eterna, se convirti\u00f3 en el escenario de un emotivo homenaje a la obra y legado de Valentino Garavani, un maestro indiscutible del dise\u00f1o. La gala, organizada en su honor, reuni\u00f3 a figuras destacadas de la moda, celebridades y amantes del arte, [&hellip;]<\/p>\n","protected":false},"author":14,"featured_media":1102340,"comment_status":"open","ping_status":"closed","sticky":false,"template":"","format":"standard","meta":{"om_disable_all_campaigns":false,"jnews-multi-image_gallery":[],"jnews_single_post":[],"jnews_primary_category":[],"jnews_social_meta":[],"footnotes":""},"categories":[144872],"tags":[193,89166,166,69354,28063,144944,67904,72687,206267,225516],"class_list":["post-1102339","post","type-post","status-publish","format-standard","has-post-thumbnail","hentry","category-fashion","tag-culture","tag-designer","tag-fashion","tag-latest","tag-legacy","tag-memorial","tag-rome","tag-tribute","tag-valentino","tag-valentino-garavani"],"_links":{"self":[{"href":"https:\/\/dimensionturistica.com\/es\/wp-json\/wp\/v2\/posts\/1102339","targetHints":{"allow":["GET"]}}],"collection":[{"href":"https:\/\/dimensionturistica.com\/es\/wp-json\/wp\/v2\/posts"}],"about":[{"href":"https:\/\/dimensionturistica.com\/es\/wp-json\/wp\/v2\/types\/post"}],"author":[{"embeddable":true,"href":"https:\/\/dimensionturistica.com\/es\/wp-json\/wp\/v2\/users\/14"}],"replies":[{"embeddable":true,"href":"https:\/\/dimensionturistica.com\/es\/wp-json\/wp\/v2\/comments?post=1102339"}],"version-history":[{"count":1,"href":"https:\/\/dimensionturistica.com\/es\/wp-json\/wp\/v2\/posts\/1102339\/revisions"}],"predecessor-version":[{"id":1102341,"href":"https:\/\/dimensionturistica.com\/es\/wp-json\/wp\/v2\/posts\/1102339\/revisions\/1102341"}],"wp:featuredmedia":[{"embeddable":true,"href":"https:\/\/dimensionturistica.com\/es\/wp-json\/wp\/v2\/media\/1102340"}],"wp:attachment":[{"href":"https:\/\/dimensionturistica.com\/es\/wp-json\/wp\/v2\/media?parent=1102339"}],"wp:term":[{"taxonomy":"category","embeddable":true,"href":"https:\/\/dimensionturistica.com\/es\/wp-json\/wp\/v2\/categories?post=1102339"},{"taxonomy":"post_tag","embeddable":true,"href":"https:\/\/dimensionturistica.com\/es\/wp-json\/wp\/v2\/tags?post=1102339"}],"curies":[{"name":"wp","href":"https:\/\/api.w.org\/{rel}","templated":true}]}}