{"id":1102326,"date":"2026-01-23T18:57:22","date_gmt":"2026-01-23T18:57:22","guid":{"rendered":"https:\/\/dimensionturistica.com\/es\/?p=1102326"},"modified":"2026-01-23T18:57:22","modified_gmt":"2026-01-23T18:57:22","slug":"universal-assistance-reafirma-su-liderazgo-global-en-fitur-2026-con-el-fortalecimiento-de-alianzas-estrategicas","status":"publish","type":"post","link":"https:\/\/dimensionturistica.com\/es\/universal-assistance-reafirma-su-liderazgo-global-en-fitur-2026-con-el-fortalecimiento-de-alianzas-estrategicas\/","title":{"rendered":"Universal Assistance reafirma su liderazgo global en FITUR 2026 con el fortalecimiento de alianzas estrat\u00e9gicas."},"content":{"rendered":"\n<figure class=\"wp-block-gallery has-nested-images columns-default is-cropped wp-block-gallery-1 is-layout-flex wp-block-gallery-is-layout-flex\">\n<figure class=\"wp-block-image size-large\"><img decoding=\"async\" width=\"474\" height=\"279\" data-id=\"1102328\" src=\"https:\/\/dimensionturistica.com\/es\/wp-content\/uploads\/2026\/01\/4ASSIS.jpg\" alt=\"\" class=\"wp-image-1102328\" srcset=\"https:\/\/dimensionturistica.com\/es\/wp-content\/uploads\/2026\/01\/4ASSIS.jpg 474w, https:\/\/dimensionturistica.com\/es\/wp-content\/uploads\/2026\/01\/4ASSIS-300x177.jpg 300w\" sizes=\"(max-width: 474px) 100vw, 474px\" \/><\/figure>\n<\/figure>\n\n\n\n<p>Universal Assistance, empresa l\u00edder en asistencia al viajero integrante del Grupo Zurich, anuncia su participaci\u00f3n en la 46\u00aa edici\u00f3n de la Feria Internacional de Turismo (FITUR 2026). El evento, consolidado como la cita m\u00e1s influyente del sector tur\u00edstico global, se lleva a cabo del 21 al 25 de enero en el recinto ferial IFEMA de Madrid.<\/p>\n\n\n\n<figure class=\"wp-block-gallery has-nested-images columns-default is-cropped wp-block-gallery-2 is-layout-flex wp-block-gallery-is-layout-flex\">\n<figure class=\"wp-block-image size-large\"><img decoding=\"async\" width=\"500\" height=\"473\" data-id=\"1102330\" src=\"https:\/\/dimensionturistica.com\/es\/wp-content\/uploads\/2026\/01\/2ASIS.jpg\" alt=\"\" class=\"wp-image-1102330\" srcset=\"https:\/\/dimensionturistica.com\/es\/wp-content\/uploads\/2026\/01\/2ASIS.jpg 500w, https:\/\/dimensionturistica.com\/es\/wp-content\/uploads\/2026\/01\/2ASIS-300x284.jpg 300w\" sizes=\"(max-width: 500px) 100vw, 500px\" \/><\/figure>\n<\/figure>\n\n\n\n<p>En esta nueva edici\u00f3n, la compa\u00f1\u00eda contar\u00e1 con una presencia destacada en el fortalecimiento de alianzas estrat\u00e9gicas. Como parte de su propuesta de valor, Universal Assistance dispondr\u00e1 de un espacio VIP exclusivo dise\u00f1ado para sus clientes de Latinoam\u00e9rica, ubicado en el Pabell\u00f3n 3, Stand 8A28. Este entorno fue pensado para facilitar el networking de alto nivel en un ambiente profesional y acogedor.<\/p>\n\n\n\n<p>El evento contar\u00e1 con la presencia de Fernando Garc\u00eda Ruiz, CEO de Universal Assistance para Latinoam\u00e9rica y Lourdes Croskey &#8211; directora comercial M\u00e9xico. quienes liderar\u00e1n las jornadas de intercambio con socios estrat\u00e9gicos y representantes del sector.<\/p>\n\n\n\n<figure class=\"wp-block-gallery has-nested-images columns-default is-cropped wp-block-gallery-3 is-layout-flex wp-block-gallery-is-layout-flex\">\n<figure class=\"wp-block-image size-large\"><img decoding=\"async\" width=\"500\" height=\"374\" data-id=\"1102332\" src=\"https:\/\/dimensionturistica.com\/es\/wp-content\/uploads\/2026\/01\/1ASSIS.jpg\" alt=\"\" class=\"wp-image-1102332\" srcset=\"https:\/\/dimensionturistica.com\/es\/wp-content\/uploads\/2026\/01\/1ASSIS.jpg 500w, https:\/\/dimensionturistica.com\/es\/wp-content\/uploads\/2026\/01\/1ASSIS-300x224.jpg 300w\" sizes=\"(max-width: 500px) 100vw, 500px\" \/><\/figure>\n<\/figure>\n\n\n\n<p>\u201cNuestra participaci\u00f3n en esta nueva edici\u00f3n de FITUR refleja la solidez y el liderazgo que hemos construido en la regi\u00f3n.&nbsp;En este 2026, a\u00f1o de expansi\u00f3n para Universal Assistance, nuestra presencia en Madrid busca fortalecer alianzas&nbsp;para seguir ofreciendo soluciones tecnol\u00f3gicas e innovadoras, adapt\u00e1ndonos a un mercado que demanda eficiencia, previsibilidad y asistencia global inmediata\u201d Coment\u00f3 Fernando Garc\u00eda Ruiz, CEO de Universal Assistance.<\/p>\n\n\n\n<p>FITUR es el punto de encuentro global donde profesionales, empresas y destinos exploran oportunidades y marcan la agenda del turismo para el resto del a\u00f1o.<\/p>\n","protected":false},"excerpt":{"rendered":"<p>Universal Assistance, empresa l\u00edder en asistencia al viajero integrante del Grupo Zurich, anuncia su participaci\u00f3n en la 46\u00aa edici\u00f3n de la Feria Internacional de Turismo (FITUR 2026). El evento, consolidado como la cita m\u00e1s influyente del sector tur\u00edstico global, se lleva a cabo del 21 al 25 de enero en el recinto ferial IFEMA de [&hellip;]<\/p>\n","protected":false},"author":1,"featured_media":0,"comment_status":"open","ping_status":"closed","sticky":false,"template":"","format":"standard","meta":{"om_disable_all_campaigns":false,"jnews-multi-image_gallery":[],"jnews_single_post":[],"jnews_primary_category":[],"jnews_social_meta":[],"footnotes":""},"categories":[39],"tags":[],"class_list":["post-1102326","post","type-post","status-publish","format-standard","hentry","category-viajes"],"_links":{"self":[{"href":"https:\/\/dimensionturistica.com\/es\/wp-json\/wp\/v2\/posts\/1102326","targetHints":{"allow":["GET"]}}],"collection":[{"href":"https:\/\/dimensionturistica.com\/es\/wp-json\/wp\/v2\/posts"}],"about":[{"href":"https:\/\/dimensionturistica.com\/es\/wp-json\/wp\/v2\/types\/post"}],"author":[{"embeddable":true,"href":"https:\/\/dimensionturistica.com\/es\/wp-json\/wp\/v2\/users\/1"}],"replies":[{"embeddable":true,"href":"https:\/\/dimensionturistica.com\/es\/wp-json\/wp\/v2\/comments?post=1102326"}],"version-history":[{"count":1,"href":"https:\/\/dimensionturistica.com\/es\/wp-json\/wp\/v2\/posts\/1102326\/revisions"}],"predecessor-version":[{"id":1102333,"href":"https:\/\/dimensionturistica.com\/es\/wp-json\/wp\/v2\/posts\/1102326\/revisions\/1102333"}],"wp:attachment":[{"href":"https:\/\/dimensionturistica.com\/es\/wp-json\/wp\/v2\/media?parent=1102326"}],"wp:term":[{"taxonomy":"category","embeddable":true,"href":"https:\/\/dimensionturistica.com\/es\/wp-json\/wp\/v2\/categories?post=1102326"},{"taxonomy":"post_tag","embeddable":true,"href":"https:\/\/dimensionturistica.com\/es\/wp-json\/wp\/v2\/tags?post=1102326"}],"curies":[{"name":"wp","href":"https:\/\/api.w.org\/{rel}","templated":true}]}}