{"id":1102114,"date":"2026-01-23T09:15:28","date_gmt":"2026-01-23T09:15:28","guid":{"rendered":"https:\/\/dimensionturistica.com\/es\/?p=1102114"},"modified":"2026-01-23T09:15:28","modified_gmt":"2026-01-23T09:15:28","slug":"el-tono-cobalto-pantalones-de-mezclilla-y-camisetas-estilo-urbano-en-la-pasarela-de-moda-masculina-otono-invierno-2026","status":"publish","type":"post","link":"https:\/\/dimensionturistica.com\/es\/el-tono-cobalto-pantalones-de-mezclilla-y-camisetas-estilo-urbano-en-la-pasarela-de-moda-masculina-otono-invierno-2026\/","title":{"rendered":"El tono cobalto, pantalones de mezclilla y camisetas: Estilo urbano en la pasarela de moda masculina Oto\u00f1o-Invierno 2026."},"content":{"rendered":"<h3>Estilo Masculino en Par\u00eds: Lo \u00daltimo de la Semana de la Moda Oto\u00f1o-Invierno 2026<\/h3>\n<p>La capital francesa se convierte en el epicentro del estilo durante la semana de la moda masculina, y este oto\u00f1o-invierno 2026 no ha sido la excepci\u00f3n. Las calles de Par\u00eds vibraron con una exhibici\u00f3n impresionante de moda, donde la individualidad y la creatividad han tomado protagonismo. Los mejores looks que se vieron en esta edici\u00f3n son un claro reflejo de las tendencias que marcar\u00e1n el rumbo de la moda masculina en los pr\u00f3ximos meses.<\/p>\n<h4>La Paleta de Colores<\/h4>\n<p>Una de las tendencias m\u00e1s destacadas fue el uso audaz de colores vibrantes. Los matices terrosos, combinados con toques de ne\u00f3n, aportaron frescura y dinamismo a los conjuntos. Tonos como el mostaza y el azul intenso dominaron entre los asistentes, aportando un aire de sofisticaci\u00f3n y modernidad.<\/p>\n<h4>Siluetas Envolventes<\/h4>\n<p>Las prendas oversize contin\u00faan ganando terreno, ofreciendo comodidad y estilo a partes iguales. Abrigos largos y pantalones holgados se fusionaron con camisas cl\u00e1sicas, creando un balance perfecto entre lo contempor\u00e1neo y lo atemporal. Esta propuesta no solo redefine la masculinidad, sino que invita a experimentar con el volumen y la estructura.<\/p>\n<h4>Accesorios que Hablan<\/h4>\n<p>M\u00e1s all\u00e1 de las prendas, los accesorios fueron fundamentales para elevar los looks. Gorras de visera, bufandas de gran tama\u00f1o y botas de dise\u00f1o fueron los complementos elegidos por muchos. Estos elementos no solo aportaron un toque \u00fanico, sino que tambi\u00e9n reflejaron la personalidad de cada asistente. El uso de complementos se consolid\u00f3 como una declaraci\u00f3n de intenciones en cada outfit.<\/p>\n<h4>La Influencia del Futuro<\/h4>\n<p>El street style de esta temporada tambi\u00e9n hizo \u00e9nfasis en la sostenibilidad y el uso de materiales innovadores. Dise\u00f1os que incorporan textiles reciclados y t\u00e9cnicas de producci\u00f3n \u00e9ticas lograron captar la atenci\u00f3n de los fashionistas. Este enfoque no solo es una respuesta a la demanda de moda consciente, sino que plantea un futuro m\u00e1s responsable y audaz.<\/p>\n<h4>Inspiraci\u00f3n Cultural<\/h4>\n<p>El cruce de culturas fue otro aspecto que destac\u00f3 en los looks de la semana. Influencias de la moda urbana, as\u00ed como gui\u00f1os a tradiciones ancestrales, crearon un mosaico lleno de referencias. Desde estampados llamativos hasta la incorporaci\u00f3n de s\u00edmbolos culturales, cada outfit cont\u00f3 una historia, fusionando tradiciones pasadas con visiones contempor\u00e1neas.<\/p>\n<h4>El Impacto de las Redes Sociales<\/h4>\n<p>Las redes sociales jugaron un papel fundamental en la difusi\u00f3n de estas tendencias. Con cada post, los estilos y looks de los asistentes se compartieron ampliamente, generando conversaciones y debates sobre lo que significa ser elegante en el mundo actual. Este fen\u00f3meno resalta la rapidez con la que la moda masculina evoluciona y se adapta a las nuevas plataformas digitales.<\/p>\n<p>La semana de la moda masculina en Par\u00eds reafirma su estatus como un evento clave en el calendario de la moda. Con un lenguaje visual que inspira y desaf\u00eda, los looks presentados han dejado una huella imborrable que promete influir en las tendencias futuras. As\u00ed, el street style de este a\u00f1o no solo celebra lo est\u00e9tico, sino que tambi\u00e9n invita a una reflexi\u00f3n m\u00e1s profunda sobre el vestuario masculino y su potencial.<\/p>\n<p><em> &#8221; Fuentes www.vogue.mx &#8221; <\/em><\/p>\n","protected":false},"excerpt":{"rendered":"<p>Estilo Masculino en Par\u00eds: Lo \u00daltimo de la Semana de la Moda Oto\u00f1o-Invierno 2026 La capital francesa se convierte en el epicentro del estilo durante la semana de la moda masculina, y este oto\u00f1o-invierno 2026 no ha sido la excepci\u00f3n. Las calles de Par\u00eds vibraron con una exhibici\u00f3n impresionante de moda, donde la individualidad y [&hellip;]<\/p>\n","protected":false},"author":14,"featured_media":1102116,"comment_status":"open","ping_status":"closed","sticky":false,"template":"","format":"standard","meta":{"om_disable_all_campaigns":false,"jnews-multi-image_gallery":[],"jnews_single_post":[],"jnews_primary_category":[],"jnews_social_meta":[],"footnotes":""},"categories":[144872],"tags":[206862,263717,160411,20607,16596,14971,202245,214561,2289,204909,46066],"class_list":["post-1102114","post","type-post","status-publish","format-standard","has-post-thumbnail","hentry","category-fashion","tag-camisas","tag-color-azul","tag-fashion-week","tag-inspiracion","tag-jeans","tag-looks","tag-moda-masculina","tag-otono-invierno-2026","tag-paris","tag-paris-fashion-week","tag-street-style"],"_links":{"self":[{"href":"https:\/\/dimensionturistica.com\/es\/wp-json\/wp\/v2\/posts\/1102114","targetHints":{"allow":["GET"]}}],"collection":[{"href":"https:\/\/dimensionturistica.com\/es\/wp-json\/wp\/v2\/posts"}],"about":[{"href":"https:\/\/dimensionturistica.com\/es\/wp-json\/wp\/v2\/types\/post"}],"author":[{"embeddable":true,"href":"https:\/\/dimensionturistica.com\/es\/wp-json\/wp\/v2\/users\/14"}],"replies":[{"embeddable":true,"href":"https:\/\/dimensionturistica.com\/es\/wp-json\/wp\/v2\/comments?post=1102114"}],"version-history":[{"count":1,"href":"https:\/\/dimensionturistica.com\/es\/wp-json\/wp\/v2\/posts\/1102114\/revisions"}],"predecessor-version":[{"id":1102117,"href":"https:\/\/dimensionturistica.com\/es\/wp-json\/wp\/v2\/posts\/1102114\/revisions\/1102117"}],"wp:featuredmedia":[{"embeddable":true,"href":"https:\/\/dimensionturistica.com\/es\/wp-json\/wp\/v2\/media\/1102116"}],"wp:attachment":[{"href":"https:\/\/dimensionturistica.com\/es\/wp-json\/wp\/v2\/media?parent=1102114"}],"wp:term":[{"taxonomy":"category","embeddable":true,"href":"https:\/\/dimensionturistica.com\/es\/wp-json\/wp\/v2\/categories?post=1102114"},{"taxonomy":"post_tag","embeddable":true,"href":"https:\/\/dimensionturistica.com\/es\/wp-json\/wp\/v2\/tags?post=1102114"}],"curies":[{"name":"wp","href":"https:\/\/api.w.org\/{rel}","templated":true}]}}