{"id":1101814,"date":"2026-01-22T20:38:58","date_gmt":"2026-01-22T20:38:58","guid":{"rendered":"https:\/\/dimensionturistica.com\/es\/?p=1101814"},"modified":"2026-01-22T20:38:58","modified_gmt":"2026-01-22T20:38:58","slug":"ya-conoces-el-hotel-colonial-mas-bonito-de-valladolid","status":"publish","type":"post","link":"https:\/\/dimensionturistica.com\/es\/ya-conoces-el-hotel-colonial-mas-bonito-de-valladolid\/","title":{"rendered":"\u00bfYa conoces el hotel colonial m\u00e1s bonito de Valladolid?"},"content":{"rendered":"\n<figure class=\"wp-block-gallery has-nested-images columns-default is-cropped wp-block-gallery-1 is-layout-flex wp-block-gallery-is-layout-flex\">\n<figure class=\"wp-block-image size-large\"><img decoding=\"async\" width=\"500\" height=\"286\" data-id=\"1101815\" src=\"https:\/\/dimensionturistica.com\/es\/wp-content\/uploads\/2026\/01\/1MARQUES.jpg\" alt=\"\" class=\"wp-image-1101815\" srcset=\"https:\/\/dimensionturistica.com\/es\/wp-content\/uploads\/2026\/01\/1MARQUES.jpg 500w, https:\/\/dimensionturistica.com\/es\/wp-content\/uploads\/2026\/01\/1MARQUES-300x172.jpg 300w\" sizes=\"(max-width: 500px) 100vw, 500px\" \/><\/figure>\n<\/figure>\n\n\n\n<p>Reci\u00e9n empieza el a\u00f1o y con \u00e9l, los planes para los viajes, por lo que, es el momento ideal para dejarte llevar por ese impulso viajero que te pide una pausa, un respiro con historia y un destino que se siente aut\u00e9ntico desde el primer paso. En el coraz\u00f3n de Valladolid, una de las ciudades coloniales m\u00e1s cautivadoras de M\u00e9xico, el Hotel Mes\u00f3n del Marqu\u00e9s se levanta como un guardi\u00e1n del tiempo: elegante, c\u00e1lido y profundamente conectado con la esencia del Mundo Maya.<\/p>\n\n\n\n<figure class=\"wp-block-gallery has-nested-images columns-default is-cropped wp-block-gallery-2 is-layout-flex wp-block-gallery-is-layout-flex\">\n<figure class=\"wp-block-image size-large\"><img decoding=\"async\" width=\"500\" height=\"450\" data-id=\"1101816\" src=\"https:\/\/dimensionturistica.com\/es\/wp-content\/uploads\/2026\/01\/3MARQUES.jpg\" alt=\"\" class=\"wp-image-1101816\" srcset=\"https:\/\/dimensionturistica.com\/es\/wp-content\/uploads\/2026\/01\/3MARQUES.jpg 500w, https:\/\/dimensionturistica.com\/es\/wp-content\/uploads\/2026\/01\/3MARQUES-300x270.jpg 300w\" sizes=\"(max-width: 500px) 100vw, 500px\" \/><\/figure>\n<\/figure>\n\n\n\n<p>Con casi seis d\u00e9cadas de historia, el Mes\u00f3n del Marqu\u00e9s no es solo un hotel: es un testigo privilegiado del crecimiento tur\u00edstico de Valladolid y un anfitri\u00f3n que ha sabido evolucionar sin perder su alma. Su hogar es una casona del siglo XVII cuidadosamente preservada, donde cada arco, cada patio y cada rinc\u00f3n respira tradici\u00f3n. Aqu\u00ed, el pasado no se observa: \u00a1se vive!<\/p>\n\n\n\n<figure class=\"wp-block-gallery has-nested-images columns-default is-cropped wp-block-gallery-3 is-layout-flex wp-block-gallery-is-layout-flex\">\n<figure class=\"wp-block-image size-large\"><img decoding=\"async\" width=\"500\" height=\"280\" data-id=\"1101817\" src=\"https:\/\/dimensionturistica.com\/es\/wp-content\/uploads\/2026\/01\/6MARQUES.jpg\" alt=\"\" class=\"wp-image-1101817\" srcset=\"https:\/\/dimensionturistica.com\/es\/wp-content\/uploads\/2026\/01\/6MARQUES.jpg 500w, https:\/\/dimensionturistica.com\/es\/wp-content\/uploads\/2026\/01\/6MARQUES-300x168.jpg 300w\" sizes=\"(max-width: 500px) 100vw, 500px\" \/><\/figure>\n<\/figure>\n\n\n\n<p>Caminar por sus pasillos es sentir c\u00f3mo la arquitectura colonial abraza al viajero con una mezcla de nostalgia y serenidad. Es ese tipo de lugar donde el tiempo parece moverse distinto, donde la luz entra suave por las ventanas antiguas y donde el silencio tiene un sonido propio.<\/p>\n\n\n\n<figure class=\"wp-block-gallery has-nested-images columns-default is-cropped wp-block-gallery-4 is-layout-flex wp-block-gallery-is-layout-flex\">\n<figure class=\"wp-block-image size-large\"><img decoding=\"async\" width=\"500\" height=\"333\" data-id=\"1101818\" src=\"https:\/\/dimensionturistica.com\/es\/wp-content\/uploads\/2026\/01\/4MARQUES.jpg\" alt=\"\" class=\"wp-image-1101818\" srcset=\"https:\/\/dimensionturistica.com\/es\/wp-content\/uploads\/2026\/01\/4MARQUES.jpg 500w, https:\/\/dimensionturistica.com\/es\/wp-content\/uploads\/2026\/01\/4MARQUES-300x200.jpg 300w\" sizes=\"(max-width: 500px) 100vw, 500px\" \/><\/figure>\n<\/figure>\n\n\n\n<p>Las 85 habitaciones del Mes\u00f3n del Marqu\u00e9s est\u00e1n dise\u00f1adas para quienes buscan m\u00e1s que un lugar donde dormir. Son espacios que invitan a quedarse, a bajar el ritmo, a disfrutar del presente. Cada una combina el encanto colonial con las comodidades modernas que hoy valoramos: descanso profundo, dise\u00f1o c\u00e1lido y detalles que hacen que la estancia se sienta personal.<\/p>\n\n\n\n<figure class=\"wp-block-gallery has-nested-images columns-default is-cropped wp-block-gallery-5 is-layout-flex wp-block-gallery-is-layout-flex\">\n<figure class=\"wp-block-image size-large\"><img decoding=\"async\" width=\"500\" height=\"376\" data-id=\"1101819\" src=\"https:\/\/dimensionturistica.com\/es\/wp-content\/uploads\/2026\/01\/5MESON.jpg\" alt=\"\" class=\"wp-image-1101819\" srcset=\"https:\/\/dimensionturistica.com\/es\/wp-content\/uploads\/2026\/01\/5MESON.jpg 500w, https:\/\/dimensionturistica.com\/es\/wp-content\/uploads\/2026\/01\/5MESON-300x226.jpg 300w\" sizes=\"(max-width: 500px) 100vw, 500px\" \/><\/figure>\n<\/figure>\n\n\n\n<p>Ya sea que viajes en familia, en pareja o por trabajo, aqu\u00ed la experiencia se adapta a tu ritmo. Todo est\u00e1 pensado para que el hu\u00e9sped se sienta parte de la historia, pero con el confort del presente.<\/p>\n\n\n\n<p>Valladolid es un punto de encuentro entre culturas, tiempos y paisajes. Y el Mes\u00f3n del Marqu\u00e9s es, literalmente, la puerta ideal para explorarlo todo.&nbsp; A solo media hora se encuentran Chich\u00e9n Itz\u00e1 y Ek Balam, dos de las zonas arqueol\u00f3gicas m\u00e1s impresionantes del pa\u00eds. Muy cerca tambi\u00e9n esperan cenotes cristalinos, conventos que narran siglos de historia y rutas gastron\u00f3micas que celebran la riqueza del sureste mexicano.<\/p>\n\n\n\n<figure class=\"wp-block-gallery has-nested-images columns-default is-cropped wp-block-gallery-6 is-layout-flex wp-block-gallery-is-layout-flex\">\n<figure class=\"wp-block-image size-large\"><img decoding=\"async\" width=\"500\" height=\"280\" data-id=\"1101820\" src=\"https:\/\/dimensionturistica.com\/es\/wp-content\/uploads\/2026\/01\/7MARQUES.jpg\" alt=\"\" class=\"wp-image-1101820\" srcset=\"https:\/\/dimensionturistica.com\/es\/wp-content\/uploads\/2026\/01\/7MARQUES.jpg 500w, https:\/\/dimensionturistica.com\/es\/wp-content\/uploads\/2026\/01\/7MARQUES-300x168.jpg 300w\" sizes=\"(max-width: 500px) 100vw, 500px\" \/><\/figure>\n<\/figure>\n\n\n\n<p>Desde el hotel, cada aventura comienza con facilidad: basta salir a la calle para sentir c\u00f3mo la ciudad vibra entre diferentes colores, aromas tradicionales y una energ\u00eda que mezcla lo ancestral con lo contempor\u00e1neo.<\/p>\n\n\n\n<p>El hotel tambi\u00e9n es un destino culinario por s\u00ed mismo.<\/p>\n\n\n\n<p>En el Rooftop Don Diablo, los atardeceres se vuelven un espect\u00e1culo \u00edntimo: la vista hacia la iglesia de San Servacio es simplemente inolvidable, y el ambiente contempor\u00e1neo invita a brindar, conversar y dejar que la tarde se convierta en noche sin prisa.<\/p>\n\n\n\n<figure class=\"wp-block-gallery has-nested-images columns-default is-cropped wp-block-gallery-7 is-layout-flex wp-block-gallery-is-layout-flex\">\n<figure class=\"wp-block-image size-large\"><img decoding=\"async\" width=\"1024\" height=\"683\" data-id=\"1101821\" src=\"https:\/\/dimensionturistica.com\/es\/wp-content\/uploads\/2026\/01\/525729853.jpg\" alt=\"\" class=\"wp-image-1101821\" srcset=\"https:\/\/dimensionturistica.com\/es\/wp-content\/uploads\/2026\/01\/525729853.jpg 1024w, https:\/\/dimensionturistica.com\/es\/wp-content\/uploads\/2026\/01\/525729853-300x200.jpg 300w, https:\/\/dimensionturistica.com\/es\/wp-content\/uploads\/2026\/01\/525729853-768x512.jpg 768w, https:\/\/dimensionturistica.com\/es\/wp-content\/uploads\/2026\/01\/525729853-750x500.jpg 750w\" sizes=\"(max-width: 1024px) 100vw, 1024px\" \/><\/figure>\n<\/figure>\n\n\n\n<p>Por otro lado, la Hoster\u00eda del Marqu\u00e9s es un viaje sensorial. Su cocina fusiona sabores locales e internacionales en un entorno lleno de historia. Desde su terraza, el parque Francisco Cant\u00f3n Rosado se convierte en un escenario vivo: familias paseando, colores vibrantes, la vida cotidiana de Valladolid en su m\u00e1xima expresi\u00f3n. Es el tipo de lugar donde una comida se transforma en un recuerdo.<\/p>\n\n\n\n<p>Y si vas con amigos o en pareja, el broche de oro para cerrar la noche, lo encuentras en el Almac\u00e9n del Marqu\u00e9s, un bar speakeasy, que se encuentra escondido entre los muros de este hotel, dando lugar a un espacio donde el dise\u00f1o, la m\u00fasica y la mixolog\u00eda de autor se fusionan para crear una experiencia \u00fanica y exclusiva.<\/p>\n\n\n\n<p>El Mes\u00f3n del Marqu\u00e9s no solo ha resistido el paso del tiempo: lo ha abrazado y ha sabido hacer de \u00e9l un aliado. Con su legado hist\u00f3rico, su visi\u00f3n contempor\u00e1nea y una hospitalidad que honra las ra\u00edces yucatecas, este hotel se reafirma como uno de los grandes anfitriones del sureste mexicano.<\/p>\n\n\n\n<figure class=\"wp-block-gallery has-nested-images columns-default is-cropped wp-block-gallery-8 is-layout-flex wp-block-gallery-is-layout-flex\">\n<figure class=\"wp-block-image size-large\"><img decoding=\"async\" width=\"500\" height=\"334\" data-id=\"1101822\" src=\"https:\/\/dimensionturistica.com\/es\/wp-content\/uploads\/2026\/01\/2MESON.jpg\" alt=\"\" class=\"wp-image-1101822\" srcset=\"https:\/\/dimensionturistica.com\/es\/wp-content\/uploads\/2026\/01\/2MESON.jpg 500w, https:\/\/dimensionturistica.com\/es\/wp-content\/uploads\/2026\/01\/2MESON-300x200.jpg 300w\" sizes=\"(max-width: 500px) 100vw, 500px\" \/><\/figure>\n<\/figure>\n\n\n\n<p>Es un espacio donde el pasado y el presente conviven con armon\u00eda, donde cada estancia se siente \u00fanica y donde el viajero encuentra algo m\u00e1s que descanso: encuentra inspiraci\u00f3n.<\/p>\n\n\n\n<p>Valladolid te espera. Y el Mes\u00f3n del Marqu\u00e9s tambi\u00e9n<\/p>\n\n\n\n<p>Si estabas buscando una se\u00f1al para planear tu pr\u00f3xima escapada, esta es.<\/p>\n\n\n\n<p>Valladolid tiene una magia que conquista, y el Mes\u00f3n del Marqu\u00e9s es el lugar perfecto para vivirla desde adentro. Un refugio colonial que te invita a reconectar, a explorar y a dejarte sorprender por la belleza del Mundo Maya.<\/p>\n","protected":false},"excerpt":{"rendered":"<p>Reci\u00e9n empieza el a\u00f1o y con \u00e9l, los planes para los viajes, por lo que, es el momento ideal para dejarte llevar por ese impulso viajero que te pide una pausa, un respiro con historia y un destino que se siente aut\u00e9ntico desde el primer paso. En el coraz\u00f3n de Valladolid, una de las ciudades [&hellip;]<\/p>\n","protected":false},"author":1,"featured_media":0,"comment_status":"open","ping_status":"closed","sticky":false,"template":"","format":"standard","meta":{"om_disable_all_campaigns":false,"jnews-multi-image_gallery":[],"jnews_single_post":[],"jnews_primary_category":[],"jnews_social_meta":[],"footnotes":""},"categories":[39],"tags":[],"class_list":["post-1101814","post","type-post","status-publish","format-standard","hentry","category-viajes"],"_links":{"self":[{"href":"https:\/\/dimensionturistica.com\/es\/wp-json\/wp\/v2\/posts\/1101814","targetHints":{"allow":["GET"]}}],"collection":[{"href":"https:\/\/dimensionturistica.com\/es\/wp-json\/wp\/v2\/posts"}],"about":[{"href":"https:\/\/dimensionturistica.com\/es\/wp-json\/wp\/v2\/types\/post"}],"author":[{"embeddable":true,"href":"https:\/\/dimensionturistica.com\/es\/wp-json\/wp\/v2\/users\/1"}],"replies":[{"embeddable":true,"href":"https:\/\/dimensionturistica.com\/es\/wp-json\/wp\/v2\/comments?post=1101814"}],"version-history":[{"count":1,"href":"https:\/\/dimensionturistica.com\/es\/wp-json\/wp\/v2\/posts\/1101814\/revisions"}],"predecessor-version":[{"id":1101824,"href":"https:\/\/dimensionturistica.com\/es\/wp-json\/wp\/v2\/posts\/1101814\/revisions\/1101824"}],"wp:attachment":[{"href":"https:\/\/dimensionturistica.com\/es\/wp-json\/wp\/v2\/media?parent=1101814"}],"wp:term":[{"taxonomy":"category","embeddable":true,"href":"https:\/\/dimensionturistica.com\/es\/wp-json\/wp\/v2\/categories?post=1101814"},{"taxonomy":"post_tag","embeddable":true,"href":"https:\/\/dimensionturistica.com\/es\/wp-json\/wp\/v2\/tags?post=1101814"}],"curies":[{"name":"wp","href":"https:\/\/api.w.org\/{rel}","templated":true}]}}