{"id":1101746,"date":"2026-01-22T18:44:19","date_gmt":"2026-01-22T18:44:19","guid":{"rendered":"https:\/\/dimensionturistica.com\/es\/?p=1101746"},"modified":"2026-01-22T18:44:19","modified_gmt":"2026-01-22T18:44:19","slug":"propositos-para-el-2026-construir-una-rutina-de-skincare-infalible-para-el-rostro","status":"publish","type":"post","link":"https:\/\/dimensionturistica.com\/es\/propositos-para-el-2026-construir-una-rutina-de-skincare-infalible-para-el-rostro\/","title":{"rendered":"Prop\u00f3sitos para el 2026, construir una rutina de Skincare Infalible para el rostro"},"content":{"rendered":"\n<figure class=\"wp-block-gallery has-nested-images columns-default is-cropped wp-block-gallery-1 is-layout-flex wp-block-gallery-is-layout-flex\">\n<figure class=\"wp-block-image size-large\"><img decoding=\"async\" width=\"500\" height=\"279\" data-id=\"1101747\" src=\"https:\/\/dimensionturistica.com\/es\/wp-content\/uploads\/2026\/01\/7PIEL.jpg\" alt=\"\" class=\"wp-image-1101747\" srcset=\"https:\/\/dimensionturistica.com\/es\/wp-content\/uploads\/2026\/01\/7PIEL.jpg 500w, https:\/\/dimensionturistica.com\/es\/wp-content\/uploads\/2026\/01\/7PIEL-300x167.jpg 300w\" sizes=\"(max-width: 500px) 100vw, 500px\" \/><\/figure>\n<\/figure>\n\n\n\n<p>El inicio de un nuevo a\u00f1o suele venir acompa\u00f1ado de prop\u00f3sitos ligados al bienestar: comer mejor, movernos m\u00e1s, cuidar la salud mental\u2026 y, cada vez con mayor conciencia, cuidar la piel del rostro. Lejos de ser una tendencia superficial, el skincare se ha consolidado como una pr\u00e1ctica de autocuidado que impacta directamente en la salud cut\u00e1nea a largo plazo.<\/p>\n\n\n\n<figure class=\"wp-block-gallery has-nested-images columns-default is-cropped wp-block-gallery-2 is-layout-flex wp-block-gallery-is-layout-flex\">\n<figure class=\"wp-block-image size-large\"><img decoding=\"async\" width=\"600\" height=\"600\" data-id=\"1101748\" src=\"https:\/\/dimensionturistica.com\/es\/wp-content\/uploads\/2026\/01\/1675264737683.jpeg\" alt=\"\" class=\"wp-image-1101748\" srcset=\"https:\/\/dimensionturistica.com\/es\/wp-content\/uploads\/2026\/01\/1675264737683.jpeg 600w, https:\/\/dimensionturistica.com\/es\/wp-content\/uploads\/2026\/01\/1675264737683-300x300.jpeg 300w, https:\/\/dimensionturistica.com\/es\/wp-content\/uploads\/2026\/01\/1675264737683-150x150.jpeg 150w, https:\/\/dimensionturistica.com\/es\/wp-content\/uploads\/2026\/01\/1675264737683-75x75.jpeg 75w, https:\/\/dimensionturistica.com\/es\/wp-content\/uploads\/2026\/01\/1675264737683-350x350.jpeg 350w\" sizes=\"(max-width: 600px) 100vw, 600px\" \/><\/figure>\n<\/figure>\n\n\n\n<p>La piel del rostro est\u00e1 expuesta diariamente a factores que aceleran su envejecimiento: la radiaci\u00f3n solar sin protecci\u00f3n, la contaminaci\u00f3n ambiental, el tabaquismo, el estr\u00e9s cr\u00f3nico y el uso de f\u00f3rmulas inadecuadas que alteran la barrera cut\u00e1nea.<\/p>\n\n\n\n<p>Estos elementos debilitan su equilibrio natural, favorecen la deshidrataci\u00f3n, la irritaci\u00f3n y la aparici\u00f3n prematura de l\u00edneas de expresi\u00f3n.<\/p>\n\n\n\n<figure class=\"wp-block-gallery has-nested-images columns-default is-cropped wp-block-gallery-3 is-layout-flex wp-block-gallery-is-layout-flex\">\n<figure class=\"wp-block-image size-large\"><img decoding=\"async\" width=\"500\" height=\"888\" data-id=\"1101749\" src=\"https:\/\/dimensionturistica.com\/es\/wp-content\/uploads\/2026\/01\/3PIEL-1.jpg\" alt=\"\" class=\"wp-image-1101749\" srcset=\"https:\/\/dimensionturistica.com\/es\/wp-content\/uploads\/2026\/01\/3PIEL-1.jpg 500w, https:\/\/dimensionturistica.com\/es\/wp-content\/uploads\/2026\/01\/3PIEL-1-169x300.jpg 169w\" sizes=\"(max-width: 500px) 100vw, 500px\" \/><\/figure>\n<\/figure>\n\n\n\n<p>En ese sentido, los expertos coinciden en que una rutina efectiva no necesita ser compleja, sino constante, bien formulada y respaldada por ingredientes que respeten la fisiolog\u00eda de la piel. Apostar por productos desarrollados con bases dermatol\u00f3gicas y activos probados \u2014como los de Mario Badescu\u2014 es un primer paso para transformar el cuidado facial en un h\u00e1bito sostenible.<\/p>\n\n\n\n<p>El Skincare como prop\u00f3sito realista<\/p>\n\n\n\n<p>Comenzar el a\u00f1o con una rutina simple, enfocada en limpiar, hidratar y fortalecer la<\/p>\n\n\n\n<p>barrera cut\u00e1nea, permite que la piel se mantenga equilibrada y funcional. Una piel sana no solo se ve mejor, tambi\u00e9n responde mejor al paso del tiempo y a las agresiones externas.<\/p>\n\n\n\n<p>Ingredientes que marcan la diferencia<\/p>\n\n\n\n<p>Dentro del portafolio de Mario Badescu destacan activos clave que responden a necesidades reales de la piel:<\/p>\n\n\n\n<p>\u00c1cido hipocloroso: reconocido por sus propiedades calmantes y purificantes. Ayuda a reducir la irritaci\u00f3n, fortalecer la barrera cut\u00e1nea y mantener el equilibrio de la piel,<\/p>\n\n\n\n<figure class=\"wp-block-gallery has-nested-images columns-default is-cropped wp-block-gallery-4 is-layout-flex wp-block-gallery-is-layout-flex\">\n<figure class=\"wp-block-image size-large\"><img decoding=\"async\" width=\"500\" height=\"266\" data-id=\"1101750\" src=\"https:\/\/dimensionturistica.com\/es\/wp-content\/uploads\/2026\/01\/1PIEL-1.jpg\" alt=\"\" class=\"wp-image-1101750\" srcset=\"https:\/\/dimensionturistica.com\/es\/wp-content\/uploads\/2026\/01\/1PIEL-1.jpg 500w, https:\/\/dimensionturistica.com\/es\/wp-content\/uploads\/2026\/01\/1PIEL-1-300x160.jpg 300w\" sizes=\"(max-width: 500px) 100vw, 500px\" \/><\/figure>\n<\/figure>\n\n\n\n<p>incluso en pieles sensibles o reactivas.<\/p>\n\n\n\n<p>P\u00e9ptidos: aliados fundamentales para mejorar la elasticidad y firmeza, suavizar la textura y apoyar una apariencia m\u00e1s revitalizada y uniforme.<\/p>\n\n\n\n<p>Piel impecable durante todo el 2026<\/p>\n\n\n\n<p>Como parte de este prop\u00f3sito de bienestar, Mario Badescu recomienda integrar a la<\/p>\n\n\n\n<p>rutina diaria productos dise\u00f1ados para acompa\u00f1ar a la piel en cada etapa:<\/p>\n\n\n\n<p>Rapairing Facial Spray with Hypochlorous Acid: un spray facial multiusos de textura<\/p>\n\n\n\n<p>ligera que limpia, calma el enrojecimiento, reduce la hinchaz\u00f3n y refuerza la barrera<\/p>\n\n\n\n<p>cut\u00e1nea, dejando una sensaci\u00f3n inmediata de frescura e hidrataci\u00f3n.<\/p>\n\n\n\n<figure class=\"wp-block-gallery has-nested-images columns-default is-cropped wp-block-gallery-5 is-layout-flex wp-block-gallery-is-layout-flex\">\n<figure class=\"wp-block-image size-large\"><img decoding=\"async\" width=\"500\" height=\"551\" data-id=\"1101751\" src=\"https:\/\/dimensionturistica.com\/es\/wp-content\/uploads\/2026\/01\/4PIEL.jpg\" alt=\"\" class=\"wp-image-1101751\" srcset=\"https:\/\/dimensionturistica.com\/es\/wp-content\/uploads\/2026\/01\/4PIEL.jpg 500w, https:\/\/dimensionturistica.com\/es\/wp-content\/uploads\/2026\/01\/4PIEL-272x300.jpg 272w\" sizes=\"(max-width: 500px) 100vw, 500px\" \/><\/figure>\n<\/figure>\n\n\n\n<p>Super Peptide Serum: un suero ligero formulado con p\u00e9ptidos y complejo de hialuronato de sodio, dise\u00f1ado para ayudar a disminuir y prevenir los signos visibles del envejecimiento, aportando suavidad e hidrataci\u00f3n profunda.<\/p>\n\n\n\n<p>\u201cEl inicio de un nuevo a\u00f1o es el momento ideal para adoptar una rutina de cuidado de la piel con f\u00f3rmulas efectivas que ayuden a mantenerla hidratada, equilibrada y protegida todos los d\u00edas\u201d, comenta <strong>Jimena Sarmiento Marcial<\/strong>, International Sales Manager LATAM de Mario Badescu M\u00e9xico.<\/p>\n\n\n\n<p>Este 2026, el cuidado del rostro deja de ser un deseo pendiente para convertirse en un prop\u00f3sito alcanzable, informado y consciente.<\/p>\n\n\n\n<p>#MarioBadescu<\/p>\n","protected":false},"excerpt":{"rendered":"<p>El inicio de un nuevo a\u00f1o suele venir acompa\u00f1ado de prop\u00f3sitos ligados al bienestar: comer mejor, movernos m\u00e1s, cuidar la salud mental\u2026 y, cada vez con mayor conciencia, cuidar la piel del rostro. Lejos de ser una tendencia superficial, el skincare se ha consolidado como una pr\u00e1ctica de autocuidado que impacta directamente en la salud [&hellip;]<\/p>\n","protected":false},"author":1,"featured_media":0,"comment_status":"open","ping_status":"closed","sticky":false,"template":"","format":"standard","meta":{"om_disable_all_campaigns":false,"jnews-multi-image_gallery":[],"jnews_single_post":[],"jnews_primary_category":[],"jnews_social_meta":[],"footnotes":""},"categories":[144872],"tags":[],"class_list":["post-1101746","post","type-post","status-publish","format-standard","hentry","category-fashion"],"_links":{"self":[{"href":"https:\/\/dimensionturistica.com\/es\/wp-json\/wp\/v2\/posts\/1101746","targetHints":{"allow":["GET"]}}],"collection":[{"href":"https:\/\/dimensionturistica.com\/es\/wp-json\/wp\/v2\/posts"}],"about":[{"href":"https:\/\/dimensionturistica.com\/es\/wp-json\/wp\/v2\/types\/post"}],"author":[{"embeddable":true,"href":"https:\/\/dimensionturistica.com\/es\/wp-json\/wp\/v2\/users\/1"}],"replies":[{"embeddable":true,"href":"https:\/\/dimensionturistica.com\/es\/wp-json\/wp\/v2\/comments?post=1101746"}],"version-history":[{"count":1,"href":"https:\/\/dimensionturistica.com\/es\/wp-json\/wp\/v2\/posts\/1101746\/revisions"}],"predecessor-version":[{"id":1101753,"href":"https:\/\/dimensionturistica.com\/es\/wp-json\/wp\/v2\/posts\/1101746\/revisions\/1101753"}],"wp:attachment":[{"href":"https:\/\/dimensionturistica.com\/es\/wp-json\/wp\/v2\/media?parent=1101746"}],"wp:term":[{"taxonomy":"category","embeddable":true,"href":"https:\/\/dimensionturistica.com\/es\/wp-json\/wp\/v2\/categories?post=1101746"},{"taxonomy":"post_tag","embeddable":true,"href":"https:\/\/dimensionturistica.com\/es\/wp-json\/wp\/v2\/tags?post=1101746"}],"curies":[{"name":"wp","href":"https:\/\/api.w.org\/{rel}","templated":true}]}}