{"id":1101706,"date":"2026-01-22T17:35:07","date_gmt":"2026-01-22T17:35:07","guid":{"rendered":"https:\/\/dimensionturistica.com\/es\/?p=1101706"},"modified":"2026-01-22T17:35:07","modified_gmt":"2026-01-22T17:35:07","slug":"1101706-2","status":"publish","type":"post","link":"https:\/\/dimensionturistica.com\/es\/1101706-2\/","title":{"rendered":""},"content":{"rendered":"\n<p><\/p>\n\n\n\n<figure class=\"wp-block-gallery has-nested-images columns-default is-cropped wp-block-gallery-1 is-layout-flex wp-block-gallery-is-layout-flex\">\n<figure class=\"wp-block-image size-large\"><img decoding=\"async\" width=\"500\" height=\"392\" data-id=\"1101707\" src=\"https:\/\/dimensionturistica.com\/es\/wp-content\/uploads\/2026\/01\/1PALOMA.jpg\" alt=\"\" class=\"wp-image-1101707\" srcset=\"https:\/\/dimensionturistica.com\/es\/wp-content\/uploads\/2026\/01\/1PALOMA.jpg 500w, https:\/\/dimensionturistica.com\/es\/wp-content\/uploads\/2026\/01\/1PALOMA-300x235.jpg 300w\" sizes=\"(max-width: 500px) 100vw, 500px\" \/><\/figure>\n<\/figure>\n\n\n\n<p><strong>Un \u00a1POP! Que une generaciones. Grupo Diniz festeja \u201cEl d\u00eda de la Palomita\u201d<\/strong><\/p>\n\n\n\n<figure class=\"wp-block-gallery has-nested-images columns-default is-cropped wp-block-gallery-2 is-layout-flex wp-block-gallery-is-layout-flex\">\n<figure class=\"wp-block-image size-large\"><img decoding=\"async\" width=\"500\" height=\"772\" data-id=\"1101708\" src=\"https:\/\/dimensionturistica.com\/es\/wp-content\/uploads\/2026\/01\/4PALOMA.jpg\" alt=\"\" class=\"wp-image-1101708\" srcset=\"https:\/\/dimensionturistica.com\/es\/wp-content\/uploads\/2026\/01\/4PALOMA.jpg 500w, https:\/\/dimensionturistica.com\/es\/wp-content\/uploads\/2026\/01\/4PALOMA-194x300.jpg 194w\" sizes=\"(max-width: 500px) 100vw, 500px\" \/><\/figure>\n<\/figure>\n\n\n\n<p>Todo empez\u00f3 con el \u00a1pop! de una palomita. Ese sonido que hoy acompa\u00f1a momentos de diversi\u00f3n, risas y convivencia familiar fue tambi\u00e9n el inicio de lo que hoy es Grupo<\/p>\n\n\n\n<p>Diniz, la empresa l\u00edder en entretenimiento familiar en M\u00e9xico, con m\u00e1s de 35 a\u00f1os creando experiencias innovadoras, accesibles y seguras para las familias.<\/p>\n\n\n\n<p>En el marco del D\u00eda Internacional de la Palomita de Ma\u00edz, que se celebra este 19 de enero, Grupo Diniz se suma a esta fecha con promociones especiales en \u00a1Rec\u00f3rcholis!, \u00a1KATAPLUM! y UPA, invitando a chicos y grandes a celebrar con uno de los snacks m\u00e1s ic\u00f3nicos del entretenimiento.<\/p>\n\n\n\n<p>\u00danicamente durante ese d\u00eda, los invitados que adquieran uno de los combos B\u00e1sico, Plus, Pro, Premium o M\u00e1ster recibir\u00e1n palomitas gratis en cualquiera de las 51 sucursales participantes de \u00a1Rec\u00f3rcholis! a nivel nacional; en UPA ser\u00e1 aplicable para quienes compren su acceso a trampolines, mientras que en \u00a1KATAPLUM!, podr\u00e1n disfrutarlas al comprar un refresco.<\/p>\n\n\n\n<p>El D\u00eda Internacional de la Palomita conmemora el legado que transform\u00f3 a las palomitas en un s\u00edmbolo universal de diversi\u00f3n y momentos compartidos desde 1893, cuando Charles Cretors invent\u00f3 en Estados Unidos la primera m\u00e1quina comercial para prepararlas, facilitando as\u00ed su consumo masivo. D\u00e9cadas despu\u00e9s, en 1931, Julia Braden impuls\u00f3 su venta dentro de los cines, consolidando el ritual que hasta hoy acompa\u00f1a la experiencia cinematogr\u00e1fica: palomitas y pel\u00edcula.<\/p>\n\n\n\n<p>Con esta iniciativa, Grupo Diniz reafirma su compromiso de seguir creando experiencias memorables, recordando que, a veces, las mejores historias comienzan con algo tan simple como el \u00a1pop! de una palomita.<\/p>\n","protected":false},"excerpt":{"rendered":"<p>Un \u00a1POP! Que une generaciones. Grupo Diniz festeja \u201cEl d\u00eda de la Palomita\u201d Todo empez\u00f3 con el \u00a1pop! de una palomita. Ese sonido que hoy acompa\u00f1a momentos de diversi\u00f3n, risas y convivencia familiar fue tambi\u00e9n el inicio de lo que hoy es Grupo Diniz, la empresa l\u00edder en entretenimiento familiar en M\u00e9xico, con m\u00e1s de [&hellip;]<\/p>\n","protected":false},"author":1,"featured_media":0,"comment_status":"open","ping_status":"closed","sticky":false,"template":"","format":"standard","meta":{"om_disable_all_campaigns":false,"jnews-multi-image_gallery":[],"jnews_single_post":[],"jnews_primary_category":[],"jnews_social_meta":[],"footnotes":""},"categories":[43],"tags":[],"class_list":["post-1101706","post","type-post","status-publish","format-standard","hentry","category-gourmet"],"_links":{"self":[{"href":"https:\/\/dimensionturistica.com\/es\/wp-json\/wp\/v2\/posts\/1101706","targetHints":{"allow":["GET"]}}],"collection":[{"href":"https:\/\/dimensionturistica.com\/es\/wp-json\/wp\/v2\/posts"}],"about":[{"href":"https:\/\/dimensionturistica.com\/es\/wp-json\/wp\/v2\/types\/post"}],"author":[{"embeddable":true,"href":"https:\/\/dimensionturistica.com\/es\/wp-json\/wp\/v2\/users\/1"}],"replies":[{"embeddable":true,"href":"https:\/\/dimensionturistica.com\/es\/wp-json\/wp\/v2\/comments?post=1101706"}],"version-history":[{"count":1,"href":"https:\/\/dimensionturistica.com\/es\/wp-json\/wp\/v2\/posts\/1101706\/revisions"}],"predecessor-version":[{"id":1101709,"href":"https:\/\/dimensionturistica.com\/es\/wp-json\/wp\/v2\/posts\/1101706\/revisions\/1101709"}],"wp:attachment":[{"href":"https:\/\/dimensionturistica.com\/es\/wp-json\/wp\/v2\/media?parent=1101706"}],"wp:term":[{"taxonomy":"category","embeddable":true,"href":"https:\/\/dimensionturistica.com\/es\/wp-json\/wp\/v2\/categories?post=1101706"},{"taxonomy":"post_tag","embeddable":true,"href":"https:\/\/dimensionturistica.com\/es\/wp-json\/wp\/v2\/tags?post=1101706"}],"curies":[{"name":"wp","href":"https:\/\/api.w.org\/{rel}","templated":true}]}}