{"id":1101225,"date":"2026-01-21T22:19:27","date_gmt":"2026-01-21T22:19:27","guid":{"rendered":"https:\/\/dimensionturistica.com\/es\/?p=1101225"},"modified":"2026-01-21T22:19:27","modified_gmt":"2026-01-21T22:19:27","slug":"lo-que-tu-piel-necesita-para-estar-radiante-este-2026","status":"publish","type":"post","link":"https:\/\/dimensionturistica.com\/es\/lo-que-tu-piel-necesita-para-estar-radiante-este-2026\/","title":{"rendered":"Lo que tu piel necesita para estar radiante este 2026"},"content":{"rendered":"\n<figure class=\"wp-block-gallery has-nested-images columns-default is-cropped wp-block-gallery-1 is-layout-flex wp-block-gallery-is-layout-flex\">\n<figure class=\"wp-block-image size-large\"><img decoding=\"async\" width=\"500\" height=\"328\" data-id=\"1101226\" src=\"https:\/\/dimensionturistica.com\/es\/wp-content\/uploads\/2026\/01\/1QUIN.jpg\" alt=\"\" class=\"wp-image-1101226\" srcset=\"https:\/\/dimensionturistica.com\/es\/wp-content\/uploads\/2026\/01\/1QUIN.jpg 500w, https:\/\/dimensionturistica.com\/es\/wp-content\/uploads\/2026\/01\/1QUIN-300x197.jpg 300w\" sizes=\"(max-width: 500px) 100vw, 500px\" \/><\/figure>\n<\/figure>\n\n\n\n<p><strong>Iliana Loza,<\/strong> CEO y cofundadora de Quiin, nos cuenta \u201cen Quiin creemos que una piel radiante no se construye con exceso, sino con decisiones conscientes. No se trata de seguir todas las tendencias, sino de escuchar a tu piel y darle solo lo que realmente necesita para estar sana, equilibrada y fuerte. Nuestro enfoque es acompa\u00f1arla, no forzarla\u201d.<\/p>\n\n\n\n<p>Para entrar en materia, en este primer volumen, te hablaremos de los probi\u00f3ticos.<\/p>\n\n\n\n<figure class=\"wp-block-gallery has-nested-images columns-default is-cropped wp-block-gallery-2 is-layout-flex wp-block-gallery-is-layout-flex\">\n<figure class=\"wp-block-image size-large\"><img decoding=\"async\" width=\"500\" height=\"635\" data-id=\"1101227\" src=\"https:\/\/dimensionturistica.com\/es\/wp-content\/uploads\/2026\/01\/5QUIN.jpg\" alt=\"\" class=\"wp-image-1101227\" srcset=\"https:\/\/dimensionturistica.com\/es\/wp-content\/uploads\/2026\/01\/5QUIN.jpg 500w, https:\/\/dimensionturistica.com\/es\/wp-content\/uploads\/2026\/01\/5QUIN-236x300.jpg 236w\" sizes=\"(max-width: 500px) 100vw, 500px\" \/><\/figure>\n<\/figure>\n\n\n\n<p>La Niacinamida y el \u00c1cido Hialur\u00f3nico de Origen Vegetal.&nbsp; \u00bflista? \u00a1aqu\u00ed vamos!<\/p>\n\n\n\n<p><strong>Probi\u00f3ticos<\/strong><\/p>\n\n\n\n<p>Las bacterias buenas de tu piel<\/p>\n\n\n\n<figure class=\"wp-block-gallery has-nested-images columns-default is-cropped wp-block-gallery-3 is-layout-flex wp-block-gallery-is-layout-flex\">\n<figure class=\"wp-block-image size-large\"><img decoding=\"async\" width=\"500\" height=\"750\" data-id=\"1101228\" src=\"https:\/\/dimensionturistica.com\/es\/wp-content\/uploads\/2026\/01\/4QUIN.jpg\" alt=\"\" class=\"wp-image-1101228\" srcset=\"https:\/\/dimensionturistica.com\/es\/wp-content\/uploads\/2026\/01\/4QUIN.jpg 500w, https:\/\/dimensionturistica.com\/es\/wp-content\/uploads\/2026\/01\/4QUIN-200x300.jpg 200w\" sizes=\"(max-width: 500px) 100vw, 500px\" \/><\/figure>\n<\/figure>\n\n\n\n<p>Los probi\u00f3ticos son los aliados clave para una piel sana: trabajan fortaleciendo el microbioma cut\u00e1neo \u2014esas bacterias buenas que protegen tu piel todos los d\u00edas\u2014 y ayudan a mantener su equilibrio natural.<\/p>\n\n\n\n<p>Cuando este balance existe, la piel se defiende mejor del clima, la contaminaci\u00f3n y la irritaci\u00f3n, es decir, se siente m\u00e1s calmada y menos reactiva; en el skincare, los probi\u00f3ticos no corrigen a la piel: la acompa\u00f1an, por eso son ideales para pieles j\u00f3venes, sensibles o que est\u00e1n empezando una rutina consciente.<\/p>\n\n\n\n<figure class=\"wp-block-gallery has-nested-images columns-default is-cropped wp-block-gallery-4 is-layout-flex wp-block-gallery-is-layout-flex\">\n<figure class=\"wp-block-image size-large\"><img decoding=\"async\" width=\"500\" height=\"489\" data-id=\"1101229\" src=\"https:\/\/dimensionturistica.com\/es\/wp-content\/uploads\/2026\/01\/7QUIN.jpg\" alt=\"\" class=\"wp-image-1101229\" srcset=\"https:\/\/dimensionturistica.com\/es\/wp-content\/uploads\/2026\/01\/7QUIN.jpg 500w, https:\/\/dimensionturistica.com\/es\/wp-content\/uploads\/2026\/01\/7QUIN-300x293.jpg 300w\" sizes=\"(max-width: 500px) 100vw, 500px\" \/><\/figure>\n<\/figure>\n\n\n\n<p>Encuentra este ingrediente en:<\/p>\n\n\n\n<p>Hyaluronic Probiotic Serum, Smooth Probiotic Body Wash, Smooth Probiotic Body Lotion, Soothing Probiotic Foam<\/p>\n\n\n\n<p><strong>Acido Hialur\u00f3nico de Origen Vegetal<\/strong><\/p>\n\n\n\n<p>Hidrataci\u00f3n que respira<\/p>\n\n\n\n<p>El \u00e1cido hialur\u00f3nico no todo lo que es tendencia es ideal para ti; empieza a cuidar tu piel con Quiin, enfocando en lo que realmente necesitas. Aqu\u00ed te decimos c\u00f3mo.<\/p>\n\n\n\n<figure class=\"wp-block-gallery has-nested-images columns-default is-cropped wp-block-gallery-5 is-layout-flex wp-block-gallery-is-layout-flex\">\n<figure class=\"wp-block-image size-large\"><img decoding=\"async\" width=\"500\" height=\"750\" data-id=\"1101231\" src=\"https:\/\/dimensionturistica.com\/es\/wp-content\/uploads\/2026\/01\/3QUIN.jpg\" alt=\"\" class=\"wp-image-1101231\" srcset=\"https:\/\/dimensionturistica.com\/es\/wp-content\/uploads\/2026\/01\/3QUIN.jpg 500w, https:\/\/dimensionturistica.com\/es\/wp-content\/uploads\/2026\/01\/3QUIN-200x300.jpg 200w\" sizes=\"(max-width: 500px) 100vw, 500px\" \/><\/figure>\n<\/figure>\n\n\n\n<p>En estos tiempos, donde las redes sociales nos bombardean de informaci\u00f3n, donde todas somos expertas en un mont\u00f3n de temas y cada producto se vuelve un salvavidas para nuestras necesidades, es importante tener claro que en la mayor\u00eda de los caos, pero sobre todo cuando de skincare se trata, no todo lo que es tendencia es ideal para nuestra piel.<\/p>\n\n\n\n<p>Y es que el boom del skincare ha normalizado el exceso, incluso en pieles que no lo necesitan; se ha enfocado en empaques bonitos, nombres extra\u00f1os, rutinas de m\u00e1s de 6 pasos\u2026 que en medio de tanta informaci\u00f3n \u2014y desinformaci\u00f3n\u2014, Quiin surge como un acto de conciencia: cambiar el consumo impulsivo por decisiones informadas.<\/p>\n\n\n\n<p>Pero \u00bfQu\u00e9 hace a Quiin diferente?<\/p>\n\n\n\n<p>Su filosof\u00eda: frente a f\u00f3rmulas agresivas y promesas exageradas, Quiin regresa a lo que s\u00ed importa: ingredientes suaves, biocompatibles y cl\u00ednicamente seguros para acompa\u00f1ar tu piel; compuestos que hidratan, calman y protegen la piel de forma inteligente, respetando su equilibrio natural desde el primer uso.<\/p>\n\n\n\n<figure class=\"wp-block-gallery has-nested-images columns-default is-cropped wp-block-gallery-6 is-layout-flex wp-block-gallery-is-layout-flex\">\n<figure class=\"wp-block-image size-large\"><img decoding=\"async\" width=\"500\" height=\"281\" data-id=\"1101232\" src=\"https:\/\/dimensionturistica.com\/es\/wp-content\/uploads\/2026\/01\/9QUIN.jpg\" alt=\"\" class=\"wp-image-1101232\" srcset=\"https:\/\/dimensionturistica.com\/es\/wp-content\/uploads\/2026\/01\/9QUIN.jpg 500w, https:\/\/dimensionturistica.com\/es\/wp-content\/uploads\/2026\/01\/9QUIN-300x169.jpg 300w\" sizes=\"(max-width: 500px) 100vw, 500px\" \/><\/figure>\n<\/figure>\n\n\n\n<p>Es un ingrediente estrella cuando se trata de hidrataci\u00f3n. Su funci\u00f3n principal es atraer y retener la humedad, actuando como una esponja natural dentro de la piel. Su versi\u00f3n de origen vegetal ofrece la misma efectividad hidratante, pero con una sensaci\u00f3n m\u00e1s ligera y respetuosa con la piel sensible: no tapa poros, no se siente pesada y deja un acabado fresco y glowy a la vez que ayuda a mejorar la elasticidad, suavizar l\u00edneas finas y mantener la piel flexible durante todo el d\u00eda.<\/p>\n\n\n\n<p>Perfecto para quienes buscan hidrataci\u00f3n sin complicaciones.<\/p>\n\n\n\n<p>Encuentra este ingrediente en:<\/p>\n\n\n\n<p>Soothing Probiotic Foam, Hyaluronic Probiotic Serum<\/p>\n\n\n\n<p><strong>Niacinamida<\/strong><\/p>\n\n\n\n<p>El ingrediente multitasker<\/p>\n\n\n\n<p>Esta forma de vitamina B3, con su uso constante, ayuda a equilibrar la producci\u00f3n de grasa, mejorar la textura de la piel y unificar el tono; al mismo tiempo fortalece la barrera la natural, haci\u00e9ndola m\u00e1s resistente frente a los factores externos.<\/p>\n\n\n\n<p>El resultado es una piel que se ve m\u00e1s uniforme, luminosa y saludable: ideal para pieles j\u00f3venes que buscan eliminar la irritaci\u00f3n a la vez que logran un glow natural.<\/p>\n\n\n\n<p>Encuentra este ingrediente en:<\/p>\n\n\n\n<p>Niacinamide Glow Cream<\/p>\n\n\n\n<p>Y despu\u00e9s de todo esto \u00bfQu\u00e9 es lo que yo necesito?<\/p>\n\n\n\n<p>Respirar\u2026 Iliana Loza y Denise Ramonfaur, fundadoras de Quiin, transforman la narrativa del skincare sac\u00e1ndolo de las complicaciones: el cuidado personal temen m\u00e1s qu\u00e9 ver con el amor propio, con escucharte, informarte y darle a tu piel lo que realmente necesita.<\/p>\n\n\n\n<p>Te dejamos por aqu\u00ed el enlace directo a su p\u00e1gina donde puedes encontrar toda su linea as\u00ed como detalles espec\u00edficos sobre los compuestos de cada producto y su utilidad.<\/p>\n","protected":false},"excerpt":{"rendered":"<p>Iliana Loza, CEO y cofundadora de Quiin, nos cuenta \u201cen Quiin creemos que una piel radiante no se construye con exceso, sino con decisiones conscientes. No se trata de seguir todas las tendencias, sino de escuchar a tu piel y darle solo lo que realmente necesita para estar sana, equilibrada y fuerte. Nuestro enfoque es [&hellip;]<\/p>\n","protected":false},"author":1,"featured_media":0,"comment_status":"open","ping_status":"closed","sticky":false,"template":"","format":"standard","meta":{"om_disable_all_campaigns":false,"jnews-multi-image_gallery":[],"jnews_single_post":[],"jnews_primary_category":[],"jnews_social_meta":[],"footnotes":""},"categories":[144872],"tags":[],"class_list":["post-1101225","post","type-post","status-publish","format-standard","hentry","category-fashion"],"_links":{"self":[{"href":"https:\/\/dimensionturistica.com\/es\/wp-json\/wp\/v2\/posts\/1101225","targetHints":{"allow":["GET"]}}],"collection":[{"href":"https:\/\/dimensionturistica.com\/es\/wp-json\/wp\/v2\/posts"}],"about":[{"href":"https:\/\/dimensionturistica.com\/es\/wp-json\/wp\/v2\/types\/post"}],"author":[{"embeddable":true,"href":"https:\/\/dimensionturistica.com\/es\/wp-json\/wp\/v2\/users\/1"}],"replies":[{"embeddable":true,"href":"https:\/\/dimensionturistica.com\/es\/wp-json\/wp\/v2\/comments?post=1101225"}],"version-history":[{"count":1,"href":"https:\/\/dimensionturistica.com\/es\/wp-json\/wp\/v2\/posts\/1101225\/revisions"}],"predecessor-version":[{"id":1101233,"href":"https:\/\/dimensionturistica.com\/es\/wp-json\/wp\/v2\/posts\/1101225\/revisions\/1101233"}],"wp:attachment":[{"href":"https:\/\/dimensionturistica.com\/es\/wp-json\/wp\/v2\/media?parent=1101225"}],"wp:term":[{"taxonomy":"category","embeddable":true,"href":"https:\/\/dimensionturistica.com\/es\/wp-json\/wp\/v2\/categories?post=1101225"},{"taxonomy":"post_tag","embeddable":true,"href":"https:\/\/dimensionturistica.com\/es\/wp-json\/wp\/v2\/tags?post=1101225"}],"curies":[{"name":"wp","href":"https:\/\/api.w.org\/{rel}","templated":true}]}}