{"id":1101193,"date":"2026-01-21T21:21:26","date_gmt":"2026-01-21T21:21:26","guid":{"rendered":"https:\/\/dimensionturistica.com\/es\/?p=1101193"},"modified":"2026-01-21T21:21:26","modified_gmt":"2026-01-21T21:21:26","slug":"pricetravel-holding-participara-en-la-feria-internacional-de-fitur-2026-con-algunas-alianzas-estrategicas-y-de-expansion-internacional","status":"publish","type":"post","link":"https:\/\/dimensionturistica.com\/es\/pricetravel-holding-participara-en-la-feria-internacional-de-fitur-2026-con-algunas-alianzas-estrategicas-y-de-expansion-internacional\/","title":{"rendered":"Pricetravel Holding participara en la Feria Internacional de FITUR 2026 con algunas alianzas Estrat\u00e9gicas y de Expansi\u00f3n\u00a0Internacional"},"content":{"rendered":"\n<figure class=\"wp-block-gallery has-nested-images columns-default is-cropped wp-block-gallery-1 is-layout-flex wp-block-gallery-is-layout-flex\">\n<figure class=\"wp-block-image size-large\"><img decoding=\"async\" width=\"500\" height=\"220\" data-id=\"1101194\" src=\"https:\/\/dimensionturistica.com\/es\/wp-content\/uploads\/2026\/01\/5PRICE.jpg\" alt=\"\" class=\"wp-image-1101194\" srcset=\"https:\/\/dimensionturistica.com\/es\/wp-content\/uploads\/2026\/01\/5PRICE.jpg 500w, https:\/\/dimensionturistica.com\/es\/wp-content\/uploads\/2026\/01\/5PRICE-300x132.jpg 300w\" sizes=\"(max-width: 500px) 100vw, 500px\" \/><\/figure>\n<\/figure>\n\n\n\n<p>PriceTravel Holding, grupo tur\u00edstico especializado en distribuci\u00f3n de viajes, participar\u00e1 en la Feria Internacional de Turismo (FITUR) 2026, que se celebrar\u00e1 del 21 al 25 de enero en Madrid, con una agenda centrada en el fortalecimiento de alianzas estrat\u00e9gicas y la generaci\u00f3n de nuevas oportunidades de negocio en mercados internacionales.<\/p>\n\n\n\n<p>La presencia de la compa\u00f1\u00eda, tendr\u00e1 lugar en el marco de la 46\u00aa edici\u00f3n de FITUR, uno de los principales encuentros globales del sector tur\u00edstico, que reunir\u00e1 a m\u00e1s de 250.000 profesionales de m\u00e1s de 150 pa\u00edses, seg\u00fan datos de la organizaci\u00f3n.<\/p>\n\n\n\n<p>Durante la feria, PriceTravel Holding contar\u00e1 con la participaci\u00f3n de m\u00e1s de diez ejecutivos de sus distintas unidades de negocio, quienes mantendr\u00e1n m\u00e1s de 300 reuniones de trabajo con representantes de cadenas hoteleras, hoteles independientes, aerol\u00edneas, agencias de viajes, mayoristas y oficinas de turismo. La agenda incluir\u00e1 encuentros con organismos de promoci\u00f3n de destinos europeos, con especial foco en Espa\u00f1a, as\u00ed como reuniones orientadas a la contrataci\u00f3n hotelera y al fortalecimiento de su ecosistema de distribuci\u00f3n B2B wholesale.<\/p>\n\n\n\n<figure class=\"wp-block-gallery has-nested-images columns-default is-cropped wp-block-gallery-2 is-layout-flex wp-block-gallery-is-layout-flex\">\n<figure class=\"wp-block-image size-large\"><img decoding=\"async\" width=\"500\" height=\"281\" data-id=\"1101195\" src=\"https:\/\/dimensionturistica.com\/es\/wp-content\/uploads\/2026\/01\/1PRICE.jpg\" alt=\"\" class=\"wp-image-1101195\" srcset=\"https:\/\/dimensionturistica.com\/es\/wp-content\/uploads\/2026\/01\/1PRICE.jpg 500w, https:\/\/dimensionturistica.com\/es\/wp-content\/uploads\/2026\/01\/1PRICE-300x169.jpg 300w\" sizes=\"(max-width: 500px) 100vw, 500px\" \/><\/figure>\n<\/figure>\n\n\n\n<p>La participaci\u00f3n en FITUR se produce tras un 2025 de crecimiento sostenido para el grupo, impulsado por la expansi\u00f3n de su presencia internacional y el fortalecimiento de su propuesta de valor.<\/p>\n\n\n\n<p>De forma paralela, PriceTravel Holding avanz\u00f3 en el desarrollo de su infraestructura tecnol\u00f3gica y en la ampliaci\u00f3n de su portafolio de producto mediante acuerdos con actores relevantes del sector tur\u00edstico, con el objetivo de mejorar la eficiencia en la distribuci\u00f3n y la experiencia de compra.<\/p>\n\n\n\n<p>\u201cFITUR es un espacio clave para fortalecer relaciones comerciales y avanzar en nuestra estrategia de crecimiento internacional\u201d, se\u00f1al\u00f3 Rafael Durand, COO de PriceTravel Holding. \u201cNuestra prioridad es la evoluci\u00f3n continua de la estrategia de distribuci\u00f3n del grupo, mediante inversi\u00f3n sostenida en tecnolog\u00eda, con el objetivo de ofrecer soluciones robustas y alineadas con las necesidades del mercado global\u201d.<\/p>\n\n\n\n<p>Con m\u00e1s de 25 a\u00f1os de trayectoria, PriceTravel Holding opera un modelo de distribuci\u00f3n completo, que integra canales B2C, B2B retail con m\u00e1s de 28,000 agentes de viajes vendiendo, canal B2B wholesale y canal B2B2C con m\u00e1s de 300 empresas afiliadas. Actualmente, el grupo comercializa m\u00e1s de 500,000 productos tur\u00edsticos y distribuye su oferta en m\u00e1s de 190 mercados de origen, y con fuerte presencia en Latinoam\u00e9rica, el Caribe, Estados Unidos y Europa.<\/p>\n\n\n\n<p>Con su participaci\u00f3n en FITUR 2026, PriceTravel Holding da continuidad a su estrategia de desarrollo y fortalecimiento de sus capacidades de distribuci\u00f3n, mediante la inversi\u00f3n en tecnolog\u00eda y automatizaci\u00f3n, orientada a la creaci\u00f3n de soluciones escalables y eficientes para los distintos actores de la industria tur\u00edstica en los mercados donde opera.<\/p>\n","protected":false},"excerpt":{"rendered":"<p>PriceTravel Holding, grupo tur\u00edstico especializado en distribuci\u00f3n de viajes, participar\u00e1 en la Feria Internacional de Turismo (FITUR) 2026, que se celebrar\u00e1 del 21 al 25 de enero en Madrid, con una agenda centrada en el fortalecimiento de alianzas estrat\u00e9gicas y la generaci\u00f3n de nuevas oportunidades de negocio en mercados internacionales. La presencia de la compa\u00f1\u00eda, [&hellip;]<\/p>\n","protected":false},"author":1,"featured_media":0,"comment_status":"open","ping_status":"closed","sticky":false,"template":"","format":"standard","meta":{"om_disable_all_campaigns":false,"jnews-multi-image_gallery":[],"jnews_single_post":[],"jnews_primary_category":[],"jnews_social_meta":[],"footnotes":""},"categories":[39],"tags":[],"class_list":["post-1101193","post","type-post","status-publish","format-standard","hentry","category-viajes"],"_links":{"self":[{"href":"https:\/\/dimensionturistica.com\/es\/wp-json\/wp\/v2\/posts\/1101193","targetHints":{"allow":["GET"]}}],"collection":[{"href":"https:\/\/dimensionturistica.com\/es\/wp-json\/wp\/v2\/posts"}],"about":[{"href":"https:\/\/dimensionturistica.com\/es\/wp-json\/wp\/v2\/types\/post"}],"author":[{"embeddable":true,"href":"https:\/\/dimensionturistica.com\/es\/wp-json\/wp\/v2\/users\/1"}],"replies":[{"embeddable":true,"href":"https:\/\/dimensionturistica.com\/es\/wp-json\/wp\/v2\/comments?post=1101193"}],"version-history":[{"count":1,"href":"https:\/\/dimensionturistica.com\/es\/wp-json\/wp\/v2\/posts\/1101193\/revisions"}],"predecessor-version":[{"id":1101196,"href":"https:\/\/dimensionturistica.com\/es\/wp-json\/wp\/v2\/posts\/1101193\/revisions\/1101196"}],"wp:attachment":[{"href":"https:\/\/dimensionturistica.com\/es\/wp-json\/wp\/v2\/media?parent=1101193"}],"wp:term":[{"taxonomy":"category","embeddable":true,"href":"https:\/\/dimensionturistica.com\/es\/wp-json\/wp\/v2\/categories?post=1101193"},{"taxonomy":"post_tag","embeddable":true,"href":"https:\/\/dimensionturistica.com\/es\/wp-json\/wp\/v2\/tags?post=1101193"}],"curies":[{"name":"wp","href":"https:\/\/api.w.org\/{rel}","templated":true}]}}