{"id":1101159,"date":"2026-01-21T20:27:18","date_gmt":"2026-01-21T20:27:18","guid":{"rendered":"https:\/\/dimensionturistica.com\/es\/?p=1101159"},"modified":"2026-01-21T20:27:18","modified_gmt":"2026-01-21T20:27:18","slug":"ofech-anuncia-el-inicio-de-su-temporada-de-invierno-2026","status":"publish","type":"post","link":"https:\/\/dimensionturistica.com\/es\/ofech-anuncia-el-inicio-de-su-temporada-de-invierno-2026\/","title":{"rendered":"Ofech anuncia el inicio de su temporada de invierno 2026"},"content":{"rendered":"\n<figure class=\"wp-block-gallery has-nested-images columns-default is-cropped wp-block-gallery-1 is-layout-flex wp-block-gallery-is-layout-flex\">\n<figure class=\"wp-block-image size-large\"><img decoding=\"async\" width=\"500\" height=\"334\" data-id=\"1101160\" src=\"https:\/\/dimensionturistica.com\/es\/wp-content\/uploads\/2026\/01\/1CHI.jpg\" alt=\"\" class=\"wp-image-1101160\" srcset=\"https:\/\/dimensionturistica.com\/es\/wp-content\/uploads\/2026\/01\/1CHI.jpg 500w, https:\/\/dimensionturistica.com\/es\/wp-content\/uploads\/2026\/01\/1CHI-300x200.jpg 300w\" sizes=\"(max-width: 500px) 100vw, 500px\" \/><\/figure>\n<\/figure>\n\n\n\n<p>La Orquesta Filarm\u00f3nica del Estado de Chihuahua (Ofech) anunci\u00f3 el inicio de su temporada de invierno 2026, que contempla presentaciones durante los meses de enero, febrero y marzo en distintos recintos de la ciudad de Chihuahua.<\/p>\n\n\n\n<p>El arranque formal es el 29 de enero a las 8:00 de la noche en el Teatro de los H\u00e9roes con el recital, Carlo Maria Von Weber \u201c240 Aniversario: El Primer Rom\u00e1ntico\u201d, en el que interpretar\u00e1 piezas de este compositor alem\u00e1n.<\/p>\n\n\n\n<p>El recital \u201c150 Aniversario: Los Jardines de Espa\u00f1a\u201d, en honor al compositor espa\u00f1ol Manuel de Falla, se presentar\u00e1 el 13 de febrero en el Teatro de C\u00e1mara \u201cFernando Saavedra\u201d y el 26 del mismo mes en el Teatro de los H\u00e9roes.<\/p>\n\n\n\n<figure class=\"wp-block-gallery has-nested-images columns-default is-cropped wp-block-gallery-2 is-layout-flex wp-block-gallery-is-layout-flex\">\n<figure class=\"wp-block-image size-large\"><img decoding=\"async\" width=\"500\" height=\"332\" data-id=\"1101162\" src=\"https:\/\/dimensionturistica.com\/es\/wp-content\/uploads\/2026\/01\/3CHI.jpg\" alt=\"\" class=\"wp-image-1101162\" srcset=\"https:\/\/dimensionturistica.com\/es\/wp-content\/uploads\/2026\/01\/3CHI.jpg 500w, https:\/\/dimensionturistica.com\/es\/wp-content\/uploads\/2026\/01\/3CHI-300x199.jpg 300w\" sizes=\"(max-width: 500px) 100vw, 500px\" \/><\/figure>\n<\/figure>\n\n\n\n<p>En 12 de marzo a las 8 de la noche la Orquesta reaparecer\u00e1 con el concierto Colosos de Europa y el 27 de marzo a la misma hora, estar\u00e1 en la celebraci\u00f3n del Festival de Guitarra.<\/p>\n\n\n\n<p>La Secretar\u00eda de&nbsp; Cultura invita a los chihuahuenses a disfrutar de estas presentaciones, adem\u00e1s&nbsp; de mantenerse informada sobre costos de boletos, descuentos para grupos&nbsp; espec\u00edficos y sedes, que se revelar\u00e1n a trav\u00e9s de las redes sociales de la&nbsp; dependencia, de la Ofech y en el sitio www.culturachihuahua.com<\/p>\n","protected":false},"excerpt":{"rendered":"<p>La Orquesta Filarm\u00f3nica del Estado de Chihuahua (Ofech) anunci\u00f3 el inicio de su temporada de invierno 2026, que contempla presentaciones durante los meses de enero, febrero y marzo en distintos recintos de la ciudad de Chihuahua. El arranque formal es el 29 de enero a las 8:00 de la noche en el Teatro de los [&hellip;]<\/p>\n","protected":false},"author":1,"featured_media":0,"comment_status":"open","ping_status":"closed","sticky":false,"template":"","format":"standard","meta":{"om_disable_all_campaigns":false,"jnews-multi-image_gallery":[],"jnews_single_post":{"format":"standard"},"jnews_primary_category":[],"jnews_social_meta":[],"footnotes":""},"categories":[39],"tags":[],"class_list":["post-1101159","post","type-post","status-publish","format-standard","hentry","category-viajes"],"_links":{"self":[{"href":"https:\/\/dimensionturistica.com\/es\/wp-json\/wp\/v2\/posts\/1101159","targetHints":{"allow":["GET"]}}],"collection":[{"href":"https:\/\/dimensionturistica.com\/es\/wp-json\/wp\/v2\/posts"}],"about":[{"href":"https:\/\/dimensionturistica.com\/es\/wp-json\/wp\/v2\/types\/post"}],"author":[{"embeddable":true,"href":"https:\/\/dimensionturistica.com\/es\/wp-json\/wp\/v2\/users\/1"}],"replies":[{"embeddable":true,"href":"https:\/\/dimensionturistica.com\/es\/wp-json\/wp\/v2\/comments?post=1101159"}],"version-history":[{"count":1,"href":"https:\/\/dimensionturistica.com\/es\/wp-json\/wp\/v2\/posts\/1101159\/revisions"}],"predecessor-version":[{"id":1101164,"href":"https:\/\/dimensionturistica.com\/es\/wp-json\/wp\/v2\/posts\/1101159\/revisions\/1101164"}],"wp:attachment":[{"href":"https:\/\/dimensionturistica.com\/es\/wp-json\/wp\/v2\/media?parent=1101159"}],"wp:term":[{"taxonomy":"category","embeddable":true,"href":"https:\/\/dimensionturistica.com\/es\/wp-json\/wp\/v2\/categories?post=1101159"},{"taxonomy":"post_tag","embeddable":true,"href":"https:\/\/dimensionturistica.com\/es\/wp-json\/wp\/v2\/tags?post=1101159"}],"curies":[{"name":"wp","href":"https:\/\/api.w.org\/{rel}","templated":true}]}}