{"id":1101121,"date":"2026-01-21T19:40:22","date_gmt":"2026-01-21T19:40:22","guid":{"rendered":"https:\/\/dimensionturistica.com\/es\/?p=1101121"},"modified":"2026-01-21T19:40:22","modified_gmt":"2026-01-21T19:40:22","slug":"bajaj-lleva-a-los-reyes-magos-a-la-fundacion-paidi","status":"publish","type":"post","link":"https:\/\/dimensionturistica.com\/es\/bajaj-lleva-a-los-reyes-magos-a-la-fundacion-paidi\/","title":{"rendered":"BAJAJ lleva a los Reyes Magos a la Fundaci\u00f3n PAIDI"},"content":{"rendered":"\n<p><\/p>\n\n\n\n<figure class=\"wp-block-gallery has-nested-images columns-default is-cropped wp-block-gallery-1 is-layout-flex wp-block-gallery-is-layout-flex\">\n<figure class=\"wp-block-image size-large\"><img decoding=\"async\" width=\"500\" height=\"279\" data-id=\"1101122\" src=\"https:\/\/dimensionturistica.com\/es\/wp-content\/uploads\/2026\/01\/1BAJA-1.jpg\" alt=\"\" class=\"wp-image-1101122\" srcset=\"https:\/\/dimensionturistica.com\/es\/wp-content\/uploads\/2026\/01\/1BAJA-1.jpg 500w, https:\/\/dimensionturistica.com\/es\/wp-content\/uploads\/2026\/01\/1BAJA-1-300x167.jpg 300w\" sizes=\"(max-width: 500px) 100vw, 500px\" \/><\/figure>\n<\/figure>\n\n\n\n<p>El pasado 09 de enero, la Fundaci\u00f3n PAIDI, recibi\u00f3 la visita de un grupo de \u2018Bikers con causa\u2019, mismos que formaron parte de la rodada con causa organizada por BAJAJ, esto con la finalidad de llevar un momento de diversi\u00f3n y magia a los peque\u00f1os y adolescentes de la fundaci\u00f3n.<\/p>\n\n\n\n<figure class=\"wp-block-gallery has-nested-images columns-default is-cropped wp-block-gallery-2 is-layout-flex wp-block-gallery-is-layout-flex\">\n<figure class=\"wp-block-image size-large\"><img decoding=\"async\" width=\"500\" height=\"281\" data-id=\"1101123\" src=\"https:\/\/dimensionturistica.com\/es\/wp-content\/uploads\/2026\/01\/4BAJA.jpg\" alt=\"\" class=\"wp-image-1101123\" srcset=\"https:\/\/dimensionturistica.com\/es\/wp-content\/uploads\/2026\/01\/4BAJA.jpg 500w, https:\/\/dimensionturistica.com\/es\/wp-content\/uploads\/2026\/01\/4BAJA-300x169.jpg 300w\" sizes=\"(max-width: 500px) 100vw, 500px\" \/><\/figure>\n<\/figure>\n\n\n\n<p>La cita fue en las instalaciones de la marca ubicada en la colonia Doctores en la Ciudad de M\u00e9xico, donde varios motociclistas con toda la actitud llegaron a recoger los juegos de mesa, mu\u00f1ecas, balones, entre muchos otros juguetes que recolect\u00f3 y don\u00f3 BAJAJ a esta noble causa. &nbsp;<\/p>\n\n\n\n<p>Pero esta rodada no solo inclu\u00eda bikers, tambi\u00e9n a tres Reyes Magos, montados en caballos de dos ruedas: Pulsar, Avenger y Dominar, mismos que recorrieron las calles de la Ciudad para llegar a su destino, la Fundaci\u00f3n PAIDI que est\u00e1 en la alcald\u00eda Azcapotzalco, en donde entregaron todos los juguetes<\/p>\n\n\n\n<p>recolectados. Sandra Vences, Coordinadora de la Fundaci\u00f3n PAIDI, fue la encargada de recibir los juguetes.&nbsp;<\/p>\n\n\n\n<p>Fundaci\u00f3n PAIDI, se dedica a brindar acompa\u00f1amiento integral y personalizado a infancias y adolescencias de bajos recursos, v\u00edctimas de violencia y sin cuidados parentales.<\/p>\n\n\n\n<figure class=\"wp-block-gallery has-nested-images columns-default is-cropped wp-block-gallery-3 is-layout-flex wp-block-gallery-is-layout-flex\">\n<figure class=\"wp-block-image size-large\"><img decoding=\"async\" width=\"500\" height=\"545\" data-id=\"1101124\" src=\"https:\/\/dimensionturistica.com\/es\/wp-content\/uploads\/2026\/01\/3BAJA-1.jpg\" alt=\"\" class=\"wp-image-1101124\" srcset=\"https:\/\/dimensionturistica.com\/es\/wp-content\/uploads\/2026\/01\/3BAJA-1.jpg 500w, https:\/\/dimensionturistica.com\/es\/wp-content\/uploads\/2026\/01\/3BAJA-1-275x300.jpg 275w\" sizes=\"(max-width: 500px) 100vw, 500px\" \/><\/figure>\n<\/figure>\n\n\n\n<p>En esta actividad los ni\u00f1os compartieron sonrisas con los Reyes Magos y los \u2018Bikers con causa\u2019 de Bajaj y se tomaron unas fotos en las motos. Sin duda, con este tipo de acciones BAJAJ sigue trazando la ruta del mejor camino para rodar.<\/p>\n","protected":false},"excerpt":{"rendered":"<p>El pasado 09 de enero, la Fundaci\u00f3n PAIDI, recibi\u00f3 la visita de un grupo de \u2018Bikers con causa\u2019, mismos que formaron parte de la rodada con causa organizada por BAJAJ, esto con la finalidad de llevar un momento de diversi\u00f3n y magia a los peque\u00f1os y adolescentes de la fundaci\u00f3n. La cita fue en las [&hellip;]<\/p>\n","protected":false},"author":1,"featured_media":0,"comment_status":"open","ping_status":"closed","sticky":false,"template":"","format":"standard","meta":{"om_disable_all_campaigns":false,"jnews-multi-image_gallery":[],"jnews_single_post":[],"jnews_primary_category":[],"jnews_social_meta":[],"footnotes":""},"categories":[40],"tags":[],"class_list":["post-1101121","post","type-post","status-publish","format-standard","hentry","category-industria"],"_links":{"self":[{"href":"https:\/\/dimensionturistica.com\/es\/wp-json\/wp\/v2\/posts\/1101121","targetHints":{"allow":["GET"]}}],"collection":[{"href":"https:\/\/dimensionturistica.com\/es\/wp-json\/wp\/v2\/posts"}],"about":[{"href":"https:\/\/dimensionturistica.com\/es\/wp-json\/wp\/v2\/types\/post"}],"author":[{"embeddable":true,"href":"https:\/\/dimensionturistica.com\/es\/wp-json\/wp\/v2\/users\/1"}],"replies":[{"embeddable":true,"href":"https:\/\/dimensionturistica.com\/es\/wp-json\/wp\/v2\/comments?post=1101121"}],"version-history":[{"count":1,"href":"https:\/\/dimensionturistica.com\/es\/wp-json\/wp\/v2\/posts\/1101121\/revisions"}],"predecessor-version":[{"id":1101125,"href":"https:\/\/dimensionturistica.com\/es\/wp-json\/wp\/v2\/posts\/1101121\/revisions\/1101125"}],"wp:attachment":[{"href":"https:\/\/dimensionturistica.com\/es\/wp-json\/wp\/v2\/media?parent=1101121"}],"wp:term":[{"taxonomy":"category","embeddable":true,"href":"https:\/\/dimensionturistica.com\/es\/wp-json\/wp\/v2\/categories?post=1101121"},{"taxonomy":"post_tag","embeddable":true,"href":"https:\/\/dimensionturistica.com\/es\/wp-json\/wp\/v2\/tags?post=1101121"}],"curies":[{"name":"wp","href":"https:\/\/api.w.org\/{rel}","templated":true}]}}