{"id":1101106,"date":"2026-01-21T19:25:13","date_gmt":"2026-01-21T19:25:13","guid":{"rendered":"https:\/\/dimensionturistica.com\/es\/?p=1101106"},"modified":"2026-01-21T19:25:13","modified_gmt":"2026-01-21T19:25:13","slug":"jbl-se-prepara-para-hacer-sonar-la-pasion-de-la-seleccion-nacional-de-mexico-rumbo-al-2026","status":"publish","type":"post","link":"https:\/\/dimensionturistica.com\/es\/jbl-se-prepara-para-hacer-sonar-la-pasion-de-la-seleccion-nacional-de-mexico-rumbo-al-2026\/","title":{"rendered":"JBL se prepara para hacer sonar la pasi\u00f3n de la Selecci\u00f3n Nacional de M\u00e9xico rumbo al 2026"},"content":{"rendered":"\n<figure class=\"wp-block-gallery has-nested-images columns-default is-cropped wp-block-gallery-1 is-layout-flex wp-block-gallery-is-layout-flex\">\n<figure class=\"wp-block-image size-large\"><img decoding=\"async\" width=\"500\" height=\"292\" data-id=\"1101108\" src=\"https:\/\/dimensionturistica.com\/es\/wp-content\/uploads\/2026\/01\/3JBL.jpg\" alt=\"\" class=\"wp-image-1101108\" srcset=\"https:\/\/dimensionturistica.com\/es\/wp-content\/uploads\/2026\/01\/3JBL.jpg 500w, https:\/\/dimensionturistica.com\/es\/wp-content\/uploads\/2026\/01\/3JBL-300x175.jpg 300w\" sizes=\"(max-width: 500px) 100vw, 500px\" \/><\/figure>\n<\/figure>\n\n\n\n<p>Faltan menos de seis meses para que arranque el torneo de selecciones m\u00e1s importante del mundo y JBL, Audio Oficial de la Selecci\u00f3n Nacional de M\u00e9xico, ya tiene todo listo para que la afici\u00f3n viva cada partido con una intensidad que se escuche, se sienta y se comparta. La marca se prepara para acompa\u00f1ar a millones de fans en uno de los momentos m\u00e1s emocionantes del futbol rumbo a 2026.<\/p>\n\n\n\n<p>Hace cuatro a\u00f1os, durante el torneo, se generaron m\u00e1s de 93 millones de publicaciones en redes sociales y m\u00e1s de 260 mil millones de impresiones a nivel global, confirmando que el futbol ya no solo se ve: se comparte, se comenta y se vive en tiempo real.<\/p>\n\n\n\n<p>Hoy, m\u00e1s del 50% de la Generaci\u00f3n Z consume contenido deportivo a trav\u00e9s de formatos de audio como podcasts, streaming o clips cortos, mientras que m\u00e1s del 40% utiliza activamente redes sociales durante los partidos para seguir reacciones, jugadas destacadas y momentos clave. En este nuevo ecosistema, el sonido se vuelve protagonista y JBL se posiciona como el aliado natural para amplificar la pasi\u00f3n por la Selecci\u00f3n Nacional de M\u00e9xico.<\/p>\n\n\n\n<p>Bajo el concepto \u201cMi selecci\u00f3n es JBL\u201d, la marca invita a la afici\u00f3n a expresarse, compartir su pasi\u00f3n y formar parte de una conversaci\u00f3n que ir\u00e1 creciendo en los pr\u00f3ximos meses. Los fans podr\u00e1n sumarse utilizando el slogan y compartiendo su apoyo a la Selecci\u00f3n Nacional de M\u00e9xico en redes sociales, etiquetando a @jbl_mx, donde la marca estar\u00e1 revelando din\u00e1micas, experiencias y sorpresas especiales rumbo al inicio del torneo. Adem\u00e1s, JBL invita a seguir su cuenta oficial para no perderse ning\u00fan anuncio y ser parte de todo lo que viene.<\/p>\n\n\n\n<p>De cara a los pr\u00f3ximos meses, JBL desplegar\u00e1 una serie de experiencias dise\u00f1adas para encender la emoci\u00f3n rumbo al 11 de junio, fecha en la que M\u00e9xico debutar\u00e1 frente a Sud\u00e1frica. Adem\u00e1s de activaciones especiales en partidos clave de preparaci\u00f3n \u2014como el esperado encuentro frente a Portugal\u2014, la marca comenzar\u00e1 a generar expectativa en torno a una promoci\u00f3n exclusiva ligada a la compra de productos JBL, que brindar\u00e1 a los fans la oportunidad de vivir el Mundial de una forma \u00fanica.<\/p>\n\n\n\n<p>\u201cEn JBL creemos que el sonido tiene el poder de unir a las personas y de intensificar las emociones. Ser parte del camino de la Selecci\u00f3n Nacional de M\u00e9xico nos permite conectar con una afici\u00f3n que vive el futbol con el coraz\u00f3n\u201d, coment\u00f3 Diego Ocaranza, Regional Marketing Manager de JBL. \u201cQueremos que cada gol, cada reacci\u00f3n y cada momento clave se escuche con la fuerza que merece. Por eso, invitamos a todos a sumarse a Mi selecci\u00f3n es JBL y estar atentos a lo que viene\u201d, concluy\u00f3.<\/p>\n\n\n\n<figure class=\"wp-block-gallery has-nested-images columns-default is-cropped wp-block-gallery-2 is-layout-flex wp-block-gallery-is-layout-flex\">\n<figure class=\"wp-block-image size-large\"><img decoding=\"async\" width=\"500\" height=\"625\" data-id=\"1101111\" src=\"https:\/\/dimensionturistica.com\/es\/wp-content\/uploads\/2026\/01\/1JBL.jpg\" alt=\"\" class=\"wp-image-1101111\" srcset=\"https:\/\/dimensionturistica.com\/es\/wp-content\/uploads\/2026\/01\/1JBL.jpg 500w, https:\/\/dimensionturistica.com\/es\/wp-content\/uploads\/2026\/01\/1JBL-240x300.jpg 240w\" sizes=\"(max-width: 500px) 100vw, 500px\" \/><\/figure>\n<\/figure>\n\n\n\n<p>La alianza de JBL como Audio Oficial de la Selecci\u00f3n Nacional de M\u00e9xico se dio a conocer en 2025 y abarca todas las categor\u00edas: varonil, femenil y juveniles. Con esta colaboraci\u00f3n, JBL reafirma su compromiso de estar presente en los momentos que m\u00e1s importan para los mexicanos, acompa\u00f1ando cada paso del camino rumbo a la m\u00e1xima cita del futbol mundial, porque cada emoci\u00f3n cuenta y cada emoci\u00f3n merece sonar como nunca antes.<\/p>\n","protected":false},"excerpt":{"rendered":"<p>Faltan menos de seis meses para que arranque el torneo de selecciones m\u00e1s importante del mundo y JBL, Audio Oficial de la Selecci\u00f3n Nacional de M\u00e9xico, ya tiene todo listo para que la afici\u00f3n viva cada partido con una intensidad que se escuche, se sienta y se comparta. La marca se prepara para acompa\u00f1ar a [&hellip;]<\/p>\n","protected":false},"author":1,"featured_media":0,"comment_status":"open","ping_status":"closed","sticky":false,"template":"","format":"standard","meta":{"om_disable_all_campaigns":false,"jnews-multi-image_gallery":[],"jnews_single_post":[],"jnews_primary_category":[],"jnews_social_meta":[],"footnotes":""},"categories":[40],"tags":[],"class_list":["post-1101106","post","type-post","status-publish","format-standard","hentry","category-industria"],"_links":{"self":[{"href":"https:\/\/dimensionturistica.com\/es\/wp-json\/wp\/v2\/posts\/1101106","targetHints":{"allow":["GET"]}}],"collection":[{"href":"https:\/\/dimensionturistica.com\/es\/wp-json\/wp\/v2\/posts"}],"about":[{"href":"https:\/\/dimensionturistica.com\/es\/wp-json\/wp\/v2\/types\/post"}],"author":[{"embeddable":true,"href":"https:\/\/dimensionturistica.com\/es\/wp-json\/wp\/v2\/users\/1"}],"replies":[{"embeddable":true,"href":"https:\/\/dimensionturistica.com\/es\/wp-json\/wp\/v2\/comments?post=1101106"}],"version-history":[{"count":1,"href":"https:\/\/dimensionturistica.com\/es\/wp-json\/wp\/v2\/posts\/1101106\/revisions"}],"predecessor-version":[{"id":1101112,"href":"https:\/\/dimensionturistica.com\/es\/wp-json\/wp\/v2\/posts\/1101106\/revisions\/1101112"}],"wp:attachment":[{"href":"https:\/\/dimensionturistica.com\/es\/wp-json\/wp\/v2\/media?parent=1101106"}],"wp:term":[{"taxonomy":"category","embeddable":true,"href":"https:\/\/dimensionturistica.com\/es\/wp-json\/wp\/v2\/categories?post=1101106"},{"taxonomy":"post_tag","embeddable":true,"href":"https:\/\/dimensionturistica.com\/es\/wp-json\/wp\/v2\/tags?post=1101106"}],"curies":[{"name":"wp","href":"https:\/\/api.w.org\/{rel}","templated":true}]}}