{"id":1101092,"date":"2026-01-21T19:07:14","date_gmt":"2026-01-21T19:07:14","guid":{"rendered":"https:\/\/dimensionturistica.com\/es\/?p=1101092"},"modified":"2026-01-21T19:07:14","modified_gmt":"2026-01-21T19:07:14","slug":"la-confianza-es-el-cimiento-del-sector-inmobiliario-responsable-mexicana-de-profesionales-inmobiliarios-a-c-ampi-refrenda-su-liderazgo-a-70-anos-de-su-fundacion","status":"publish","type":"post","link":"https:\/\/dimensionturistica.com\/es\/la-confianza-es-el-cimiento-del-sector-inmobiliario-responsable-mexicana-de-profesionales-inmobiliarios-a-c-ampi-refrenda-su-liderazgo-a-70-anos-de-su-fundacion\/","title":{"rendered":"La confianza es el cimiento del sector inmobiliario responsable, Mexicana de Profesionales Inmobiliarios A.C. (AMPI) refrenda su liderazgo a 70 a\u00f1os de su fundaci\u00f3n"},"content":{"rendered":"\n<figure class=\"wp-block-gallery has-nested-images columns-default is-cropped wp-block-gallery-1 is-layout-flex wp-block-gallery-is-layout-flex\">\n<figure class=\"wp-block-image size-large\"><img decoding=\"async\" width=\"444\" height=\"140\" data-id=\"1101095\" src=\"https:\/\/dimensionturistica.com\/es\/wp-content\/uploads\/2026\/01\/LOGO.jpg\" alt=\"\" class=\"wp-image-1101095\" srcset=\"https:\/\/dimensionturistica.com\/es\/wp-content\/uploads\/2026\/01\/LOGO.jpg 444w, https:\/\/dimensionturistica.com\/es\/wp-content\/uploads\/2026\/01\/LOGO-300x95.jpg 300w\" sizes=\"(max-width: 444px) 100vw, 444px\" \/><\/figure>\n<\/figure>\n\n\n\n<p>AMPI, la Asociaci\u00f3n Mexicana de Profesionales Inmobiliarios A.C. en el marco de sus 70 a\u00f1os de su fundaci\u00f3n ofreci\u00f3 una conferencia de prensa y present\u00f3 ante los medios de comunicaci\u00f3n a Jenny Althair Rivas Padilla, como presidenta nacional y vocera de la asociaci\u00f3n, as\u00ed como al nuevo Consejo Nacional de Directores, reafirmando su compromiso con la construcci\u00f3n de un sector inmobiliario m\u00e1s confiable, profesional y responsable.<\/p>\n\n\n\n<p>Durante este primer encuentro con medios, AMPI destac\u00f3 que uno de los principales retos que enfrenta hoy el mercado inmobiliario en M\u00e9xico es la desconfianza, una problem\u00e1tica que impacta directamente a las familias, a los inversionistas y al desarrollo ordenado de las ciudades,<\/p>\n\n\n\n<figure class=\"wp-block-gallery has-nested-images columns-default is-cropped wp-block-gallery-2 is-layout-flex wp-block-gallery-is-layout-flex\">\n<figure class=\"wp-block-image size-large\"><img decoding=\"async\" width=\"800\" height=\"1024\" data-id=\"1101096\" src=\"https:\/\/dimensionturistica.com\/es\/wp-content\/uploads\/2026\/01\/IMG_20260120_1026330902-800x1024.jpg\" alt=\"\" class=\"wp-image-1101096\" srcset=\"https:\/\/dimensionturistica.com\/es\/wp-content\/uploads\/2026\/01\/IMG_20260120_1026330902-800x1024.jpg 800w, https:\/\/dimensionturistica.com\/es\/wp-content\/uploads\/2026\/01\/IMG_20260120_1026330902-235x300.jpg 235w, https:\/\/dimensionturistica.com\/es\/wp-content\/uploads\/2026\/01\/IMG_20260120_1026330902-768x983.jpg 768w, https:\/\/dimensionturistica.com\/es\/wp-content\/uploads\/2026\/01\/IMG_20260120_1026330902-1201x1536.jpg 1201w, https:\/\/dimensionturistica.com\/es\/wp-content\/uploads\/2026\/01\/IMG_20260120_1026330902-750x959.jpg 750w, https:\/\/dimensionturistica.com\/es\/wp-content\/uploads\/2026\/01\/IMG_20260120_1026330902-1140x1458.jpg 1140w, https:\/\/dimensionturistica.com\/es\/wp-content\/uploads\/2026\/01\/IMG_20260120_1026330902.jpg 1425w\" sizes=\"(max-width: 800px) 100vw, 800px\" \/><figcaption class=\"wp-element-caption\">ai<\/figcaption><\/figure>\n<\/figure>\n\n\n\n<p>y que solo puede atenderse con reglas claras, legalidad y profesionales mejor preparados.<\/p>\n\n\n\n<p>\u201cNo se puede transformar un pa\u00eds si antes no transformamos a las personas que lo construyen.<\/p>\n\n\n\n<p>En el sector inmobiliario, esa transformaci\u00f3n pasa por prepararnos mejor, entender nuestra responsabilidad y profesionalizarnos\u201d, se\u00f1al\u00f3 Jenny Althair Rivas Padilla, presidenta nacional de AMPI.<\/p>\n\n\n\n<figure class=\"wp-block-gallery has-nested-images columns-default is-cropped wp-block-gallery-3 is-layout-flex wp-block-gallery-is-layout-flex\">\n<figure class=\"wp-block-image size-large\"><img decoding=\"async\" width=\"500\" height=\"668\" data-id=\"1101097\" src=\"https:\/\/dimensionturistica.com\/es\/wp-content\/uploads\/2026\/01\/1AMPI.jpg\" alt=\"\" class=\"wp-image-1101097\" srcset=\"https:\/\/dimensionturistica.com\/es\/wp-content\/uploads\/2026\/01\/1AMPI.jpg 500w, https:\/\/dimensionturistica.com\/es\/wp-content\/uploads\/2026\/01\/1AMPI-225x300.jpg 225w\" sizes=\"(max-width: 500px) 100vw, 500px\" \/><figcaption class=\"wp-element-caption\">ai<\/figcaption><\/figure>\n<\/figure>\n\n\n\n<p>La asociaci\u00f3n subray\u00f3 que la profesionalizaci\u00f3n inmobiliaria en M\u00e9xico ya es una realidad, y que este avance es resultado de d\u00e9cadas de trabajo institucional. A lo largo de 70 a\u00f1os, AMPI ha acompa\u00f1ado la evoluci\u00f3n del sector, ayudando a generar est\u00e1ndares, ordenar pr\u00e1cticas y construir una base de conocimiento que hoy permite tomar mejores decisiones patrimoniales.<\/p>\n\n\n\n<figure class=\"wp-block-gallery has-nested-images columns-default is-cropped wp-block-gallery-4 is-layout-flex wp-block-gallery-is-layout-flex\">\n<figure class=\"wp-block-image size-large\"><img decoding=\"async\" width=\"378\" height=\"535\" data-id=\"1101098\" src=\"https:\/\/dimensionturistica.com\/es\/wp-content\/uploads\/2026\/01\/2AMPI.jpg\" alt=\"\" class=\"wp-image-1101098\" srcset=\"https:\/\/dimensionturistica.com\/es\/wp-content\/uploads\/2026\/01\/2AMPI.jpg 378w, https:\/\/dimensionturistica.com\/es\/wp-content\/uploads\/2026\/01\/2AMPI-212x300.jpg 212w\" sizes=\"(max-width: 378px) 100vw, 378px\" \/><figcaption class=\"wp-element-caption\">ai<\/figcaption><\/figure>\n<\/figure>\n\n\n\n<p>\u201cDurante muchos a\u00f1os, el sector inmobiliario creci\u00f3 de forma dispersa. AMPI acompa\u00f1\u00f3 ese proceso, ayud\u00f3 a poner orden, a generar est\u00e1ndares y a construir una base de conocimiento que hoy da mayor certeza a las operaciones inmobiliarias\u201d, a\u00f1adi\u00f3 la presidenta.<\/p>\n\n\n\n<p>AMPI record\u00f3 que la vivienda no es \u00fanicamente un producto financiero, sino una herramienta de bienestar social, estabilidad familiar y desarrollo urbano. Por ello, su agenda institucional se basa en una visi\u00f3n integral del sector, orientada a fortalecer la confianza de los usuarios y a elevar los est\u00e1ndares de la actividad inmobiliaria.<\/p>\n\n\n\n<p>Entre las principales l\u00edneas de acci\u00f3n que impulsa la asociaci\u00f3n destacan:<\/p>\n\n\n\n<figure class=\"wp-block-gallery has-nested-images columns-default is-cropped wp-block-gallery-5 is-layout-flex wp-block-gallery-is-layout-flex\">\n<figure class=\"wp-block-image size-large\"><img decoding=\"async\" width=\"500\" height=\"275\" data-id=\"1101099\" src=\"https:\/\/dimensionturistica.com\/es\/wp-content\/uploads\/2026\/01\/147AMPI.jpg\" alt=\"\" class=\"wp-image-1101099\" srcset=\"https:\/\/dimensionturistica.com\/es\/wp-content\/uploads\/2026\/01\/147AMPI.jpg 500w, https:\/\/dimensionturistica.com\/es\/wp-content\/uploads\/2026\/01\/147AMPI-300x165.jpg 300w\" sizes=\"(max-width: 500px) 100vw, 500px\" \/><figcaption class=\"wp-element-caption\">ai<\/figcaption><\/figure>\n<\/figure>\n\n\n\n<p>\u2022 La promoci\u00f3n de informaci\u00f3n clara y publicidad responsable, as\u00ed como su participaci\u00f3n en el proceso de creaci\u00f3n de la NOM-247, hoy un referente en la protecci\u00f3n al consumidor inmobiliario.<\/p>\n\n\n\n<p>\u2022 El fortalecimiento de la formalidad y la profesionalizaci\u00f3n del gremio, mediante capacitaci\u00f3n continua y certificaciones reconocidas.<\/p>\n\n\n\n<p>\u2022 La consolidaci\u00f3n de una cultura de legalidad, cumplimiento y prevenci\u00f3n de riesgos.<\/p>\n\n\n\n<p>\u2022 El uso responsable de tecnolog\u00eda e inteligencia artificial para mejorar la transparencia y la toma de decisiones.<\/p>\n\n\n\n<p>\u2022 La generaci\u00f3n de informaci\u00f3n y estad\u00edstica inmobiliaria para decisiones m\u00e1s informadas.<\/p>\n\n\n\n<p>AMPI destac\u00f3 tambi\u00e9n su papel como voz institucional del sector a nivel nacional. Desde 2024, AMPI M\u00e9xico encabeza la Vicepresidencia de Desarrollos Inmobiliarios en CONCANACO SERVYTUR, y participa en las Comisiones Consultivas Regionales del INFONAVIT, incidiendo directamente en la agenda econ\u00f3mica, regulatoria y de vivienda del pa\u00eds.<\/p>\n\n\n\n<p>En el \u00e1mbito internacional, AMPI se consolida como un actor clave del sector inmobiliario global, al ser la \u00fanica asociaci\u00f3n inmobiliaria en M\u00e9xico con alianzas estrat\u00e9gicas con la National Association of Realtors, la Canadian Real Estate Association, la Confederaci\u00f3n Inmobiliaria Latinoamericana (CILA) y la FIABCI, lo que permite al pa\u00eds acceder a mejores pr\u00e1cticas, elevar est\u00e1ndares \u00e9ticos y abrir oportunidades reales de inversi\u00f3n y negocio.<\/p>\n\n\n\n<p>\u201cLa confianza no se exige, se gana. Se construye con informaci\u00f3n clara, con profesionales mejor preparados y con instituciones que entienden su responsabilidad frente a la sociedad\u201d, concluy\u00f3 Jenny Althair Rivas Padilla.<\/p>\n\n\n\n<figure class=\"wp-block-gallery has-nested-images columns-default is-cropped wp-block-gallery-6 is-layout-flex wp-block-gallery-is-layout-flex\">\n<figure class=\"wp-block-image size-large\"><img decoding=\"async\" width=\"420\" height=\"559\" data-id=\"1101100\" src=\"https:\/\/dimensionturistica.com\/es\/wp-content\/uploads\/2026\/01\/3AMPI.jpg\" alt=\"\" class=\"wp-image-1101100\" srcset=\"https:\/\/dimensionturistica.com\/es\/wp-content\/uploads\/2026\/01\/3AMPI.jpg 420w, https:\/\/dimensionturistica.com\/es\/wp-content\/uploads\/2026\/01\/3AMPI-225x300.jpg 225w\" sizes=\"(max-width: 420px) 100vw, 420px\" \/><figcaption class=\"wp-element-caption\">ai<\/figcaption><\/figure>\n<\/figure>\n\n\n\n<p>AMPI inform\u00f3 que el acto de toma de protesta del nuevo Consejo Nacional de Directores se llevar\u00e1 a cabo el viernes 23, a las 9:00 horas, en el Hotel Presidente InterContinental, en la Ciudad de M\u00e9xico.<\/p>\n","protected":false},"excerpt":{"rendered":"<p>AMPI, la Asociaci\u00f3n Mexicana de Profesionales Inmobiliarios A.C. en el marco de sus 70 a\u00f1os de su fundaci\u00f3n ofreci\u00f3 una conferencia de prensa y present\u00f3 ante los medios de comunicaci\u00f3n a Jenny Althair Rivas Padilla, como presidenta nacional y vocera de la asociaci\u00f3n, as\u00ed como al nuevo Consejo Nacional de Directores, reafirmando su compromiso con [&hellip;]<\/p>\n","protected":false},"author":1,"featured_media":0,"comment_status":"open","ping_status":"closed","sticky":false,"template":"","format":"standard","meta":{"om_disable_all_campaigns":false,"jnews-multi-image_gallery":[],"jnews_single_post":[],"jnews_primary_category":[],"jnews_social_meta":[],"footnotes":""},"categories":[40],"tags":[],"class_list":["post-1101092","post","type-post","status-publish","format-standard","hentry","category-industria"],"_links":{"self":[{"href":"https:\/\/dimensionturistica.com\/es\/wp-json\/wp\/v2\/posts\/1101092","targetHints":{"allow":["GET"]}}],"collection":[{"href":"https:\/\/dimensionturistica.com\/es\/wp-json\/wp\/v2\/posts"}],"about":[{"href":"https:\/\/dimensionturistica.com\/es\/wp-json\/wp\/v2\/types\/post"}],"author":[{"embeddable":true,"href":"https:\/\/dimensionturistica.com\/es\/wp-json\/wp\/v2\/users\/1"}],"replies":[{"embeddable":true,"href":"https:\/\/dimensionturistica.com\/es\/wp-json\/wp\/v2\/comments?post=1101092"}],"version-history":[{"count":1,"href":"https:\/\/dimensionturistica.com\/es\/wp-json\/wp\/v2\/posts\/1101092\/revisions"}],"predecessor-version":[{"id":1101101,"href":"https:\/\/dimensionturistica.com\/es\/wp-json\/wp\/v2\/posts\/1101092\/revisions\/1101101"}],"wp:attachment":[{"href":"https:\/\/dimensionturistica.com\/es\/wp-json\/wp\/v2\/media?parent=1101092"}],"wp:term":[{"taxonomy":"category","embeddable":true,"href":"https:\/\/dimensionturistica.com\/es\/wp-json\/wp\/v2\/categories?post=1101092"},{"taxonomy":"post_tag","embeddable":true,"href":"https:\/\/dimensionturistica.com\/es\/wp-json\/wp\/v2\/tags?post=1101092"}],"curies":[{"name":"wp","href":"https:\/\/api.w.org\/{rel}","templated":true}]}}