{"id":1101088,"date":"2026-01-21T19:00:50","date_gmt":"2026-01-21T19:00:50","guid":{"rendered":"https:\/\/dimensionturistica.com\/es\/?p=1101088"},"modified":"2026-01-21T19:00:50","modified_gmt":"2026-01-21T19:00:50","slug":"luis-valdez-resalta-posibilidades-comerciales-y-fomento-del-turismo-en-fitur-2026","status":"publish","type":"post","link":"https:\/\/dimensionturistica.com\/es\/luis-valdez-resalta-posibilidades-comerciales-y-fomento-del-turismo-en-fitur-2026\/","title":{"rendered":"Luis Valdez resalta posibilidades comerciales y fomento del turismo en Fitur 2026"},"content":{"rendered":"<h3>Oportunidades de Negocio y Promoci\u00f3n Tur\u00edstica en FITUR 2026<\/h3>\n<p>El panorama tur\u00edstico global est\u00e1 en constante evoluci\u00f3n y, en este contexto, la Feria Internacional de Turismo (FITUR) se erige como un faro de oportunidades para pa\u00edses, empresas y emprendedores del sector. Este evento, que se celebra anualmente en Madrid, se ha convertido en el epicentro de la innovaci\u00f3n y el intercambio de ideas en el \u00e1mbito tur\u00edstico. La pr\u00f3xima edici\u00f3n, programada para 2026, promete ser un escaparate a\u00fan m\u00e1s atractivo para la promoci\u00f3n de destinos, la creaci\u00f3n de alianzas y el desarrollo de nuevos productos.<\/p>\n<p>Uno de los aspectos m\u00e1s destacados de FITUR es su capacidad para reunir a un diverso grupo de participantes: desde compa\u00f1\u00edas a\u00e9reas y hoteles hasta gobiernos y emprendedores. Este formato multidimensional no solo facilita el networking entre los actores del sector, sino que tambi\u00e9n fomenta la colaboraci\u00f3n entre pa\u00edses, permitiendo que distintas culturas y propuestas de valor se integren en un solo espacio. Para aquellos que buscan ampliar sus horizontes en el \u00e1mbito tur\u00edstico, FITUR es una plataforma ideal para establecer contactos y desarrollar sinergias.<\/p>\n<h3>La Innovaci\u00f3n como Pilar Fundamental<\/h3>\n<p>La innovaci\u00f3n ser\u00e1 uno de los ejes centrales de la pr\u00f3xima edici\u00f3n. Los cambios en las preferencias de los viajeros, especialmente influenciados por la pandemia, han llevado a una revalorizaci\u00f3n de las experiencias. Los turistas buscan autenticidad y sostenibilidad, lo que representa un desaf\u00edo y, al mismo tiempo, una oportunidad invaluable para los destinos que deseen destacarse. Tecnolog\u00edas emergentes, como la inteligencia artificial y el big data, jugar\u00e1n un papel crucial en la personalizaci\u00f3n de las experiencias tur\u00edsticas, haciendo que la oferta sea a\u00fan m\u00e1s atractiva y adaptada a las necesidades del consumidor moderno.<\/p>\n<h3>Sostenibilidad y Turismo Responsable<\/h3>\n<p>La sostenibilidad ha dejado de ser una opci\u00f3n y se ha convertido en una necesidad dentro del sector tur\u00edstico. En FITUR 2026, se espera un enfoque renovado en el turismo responsable, donde se priorice el respeto por el medio ambiente y las comunidades locales. Las iniciativas que aborden el turismo sostenible y la conservaci\u00f3n de recursos naturales no solo atraer\u00e1n a viajeros conscientes, sino que tambi\u00e9n generar\u00e1n confianza y reputaci\u00f3n positiva para los destinos involucrados.<\/p>\n<h3>Crecimiento del Turismo Regional<\/h3>\n<p>Los diversos paneles y charlas programados para FITUR ofrecer\u00e1n una plataforma para explorar el potencial del turismo regional. Pa\u00edses de Am\u00e9rica Latina y el Caribe, por ejemplo, tienen mucho que ofrecer: paisajes naturales impresionantes, rica historia cultural y una gastronom\u00eda que deslumbra. Atraer inversi\u00f3n y promover la oferta de estas regiones no solo beneficiar\u00e1 a las econom\u00edas locales, sino que tambi\u00e9n enriquecer\u00e1 la experiencia de los viajeros.<\/p>\n<h3>Un Llamado a la Acci\u00f3n<\/h3>\n<p>FITUR 2026 no solo es una oportunidad para presentar ofertas tur\u00edsticas; es un llamado a la acci\u00f3n para todos los actores del sector. Desde destinos emergentes hasta grandes corporaciones, todos tienen algo que aportar y aprender en este encuentro. La colaboraci\u00f3n mutua y el compartir conocimientos se convertir\u00e1n en herramientas esenciales para enfrentar los desaf\u00edos que plantea el turismo actual.<\/p>\n<p>En resumen, la pr\u00f3xima Feria Internacional de Turismo promete ser un espacio vibrante y enriquecedor, lleno de oportunidades para aquellos que est\u00e9n dispuestos a innovar y adaptarse. La transformaci\u00f3n del sector tur\u00edstico est\u00e1 en camino y, con ella, la posibilidad de experimentar un futuro lleno de promesas y riquezas para todas las partes involucradas. \u00a1No te pierdas la oportunidad de ser parte de este emocionante viaje!<\/p>\n<p><em> &#8221; Sources elnuevodiario.com.do &#8221; <\/em><\/p>\n","protected":false},"excerpt":{"rendered":"<p>Oportunidades de Negocio y Promoci\u00f3n Tur\u00edstica en FITUR 2026 El panorama tur\u00edstico global est\u00e1 en constante evoluci\u00f3n y, en este contexto, la Feria Internacional de Turismo (FITUR) se erige como un faro de oportunidades para pa\u00edses, empresas y emprendedores del sector. Este evento, que se celebra anualmente en Madrid, se ha convertido en el epicentro [&hellip;]<\/p>\n","protected":false},"author":4,"featured_media":1101089,"comment_status":"open","ping_status":"closed","sticky":false,"template":"","format":"standard","meta":{"om_disable_all_campaigns":false,"jnews-multi-image_gallery":[],"jnews_single_post":[],"jnews_primary_category":[],"jnews_social_meta":[],"footnotes":""},"categories":[40],"tags":[715,86659,32015,39411,223934,264602,56040,3067,1430,544],"class_list":["post-1101088","post","type-post","status-publish","format-standard","has-post-thumbnail","hentry","category-industria","tag-economia","tag-el-nuevo-diario","tag-eventos-internacionales","tag-feria-turistica","tag-fitur-2026","tag-luis-valdez","tag-oportunidades-de-negocio","tag-promocion-turistica","tag-republica-dominicana","tag-turismo"],"_links":{"self":[{"href":"https:\/\/dimensionturistica.com\/es\/wp-json\/wp\/v2\/posts\/1101088","targetHints":{"allow":["GET"]}}],"collection":[{"href":"https:\/\/dimensionturistica.com\/es\/wp-json\/wp\/v2\/posts"}],"about":[{"href":"https:\/\/dimensionturistica.com\/es\/wp-json\/wp\/v2\/types\/post"}],"author":[{"embeddable":true,"href":"https:\/\/dimensionturistica.com\/es\/wp-json\/wp\/v2\/users\/4"}],"replies":[{"embeddable":true,"href":"https:\/\/dimensionturistica.com\/es\/wp-json\/wp\/v2\/comments?post=1101088"}],"version-history":[{"count":1,"href":"https:\/\/dimensionturistica.com\/es\/wp-json\/wp\/v2\/posts\/1101088\/revisions"}],"predecessor-version":[{"id":1101090,"href":"https:\/\/dimensionturistica.com\/es\/wp-json\/wp\/v2\/posts\/1101088\/revisions\/1101090"}],"wp:featuredmedia":[{"embeddable":true,"href":"https:\/\/dimensionturistica.com\/es\/wp-json\/wp\/v2\/media\/1101089"}],"wp:attachment":[{"href":"https:\/\/dimensionturistica.com\/es\/wp-json\/wp\/v2\/media?parent=1101088"}],"wp:term":[{"taxonomy":"category","embeddable":true,"href":"https:\/\/dimensionturistica.com\/es\/wp-json\/wp\/v2\/categories?post=1101088"},{"taxonomy":"post_tag","embeddable":true,"href":"https:\/\/dimensionturistica.com\/es\/wp-json\/wp\/v2\/tags?post=1101088"}],"curies":[{"name":"wp","href":"https:\/\/api.w.org\/{rel}","templated":true}]}}