{"id":1100866,"date":"2026-01-21T10:19:11","date_gmt":"2026-01-21T10:19:11","guid":{"rendered":"https:\/\/dimensionturistica.com\/es\/?p=1100866"},"modified":"2026-01-21T10:19:11","modified_gmt":"2026-01-21T10:19:11","slug":"cinco-combinaciones-cromaticas-audaces-que-solo-las-mas-elegantes-luciran-en-2026","status":"publish","type":"post","link":"https:\/\/dimensionturistica.com\/es\/cinco-combinaciones-cromaticas-audaces-que-solo-las-mas-elegantes-luciran-en-2026\/","title":{"rendered":"Cinco combinaciones crom\u00e1ticas audaces que solo las m\u00e1s elegantes lucir\u00e1n en 2026."},"content":{"rendered":"<h3>Colores que Marcar\u00e1n Tendencia en 2026: \u00a1Prep\u00e1rate para Brillar!<\/h3>\n<p>El mundo de la moda siempre est\u00e1 en constante evoluci\u00f3n, y con el nuevo a\u00f1o a la vista, emergen combinaciones de colores que prometen ser protagonistas en las pasarelas y en las calles. Si quieres destacarte entre los mejor vestidos en 2026, aqu\u00ed te presentamos las paletas que captar\u00e1n miradas y establecer\u00e1n tendencias.<\/p>\n<h4>1. <strong>Tonos Tierra y Ne\u00f3n: Un Encuentro Sorprendente<\/strong><\/h4>\n<p>Los colores neutros, como los tonos tierra, se complementar\u00e1n de manera audaz con acentos en ne\u00f3n. Imagina un conjunto en beige o marr\u00f3n claro, realzado por accesorios en verde fosforescente o fucsia. Esta combinaci\u00f3n atraer\u00e1 la atenci\u00f3n sin esfuerzo, creando un equilibrio perfecto entre la sofisticaci\u00f3n y la audacia.<\/p>\n<h4>2. <strong>Pasteles En\u00e9rgicos: Un Regreso a lo Vintage<\/strong><\/h4>\n<p>Los pasteles nunca pasan de moda, pero en 2026 se reinventan con un giro en\u00e9rgico. Colores como el lavanda, el azul celeste y el amarillo p\u00e1lido se combinar\u00e1n para formar outfits frescos. Imagina un vestido en tonos pastel con complementos de un azul m\u00e1s intenso. Este enfoque no solo evoca nostalgia, sino que tambi\u00e9n introduce vibraciones modernas.<\/p>\n<h4>3. <strong>Blanco y Negro: Un Cl\u00e1sico que Evoluciona<\/strong><\/h4>\n<p>El eterno d\u00fao blanco y negro regresa, pero con un giro. Las combinaciones de texturas, como encaje y cuero, llevar\u00e1n esta cl\u00e1sica paleta a un nuevo nivel. La clave estar\u00e1 en jugar con las proporciones y los acabados, creando un look que sea tanto atemporal como innovador.<\/p>\n<h4>4. <strong>Rojos Intensos y Verdes Vibrantes: Un Dueto Poderoso<\/strong><\/h4>\n<p>La audacia se apodera de la paleta de 2026 con la fusi\u00f3n de rojos intensos y verdes vibrantes. Esta combinaci\u00f3n no solo destaca por su energ\u00eda, sino que representa una declaraci\u00f3n de intenciones. Un completo rojo acompa\u00f1ado de accesorios verdes puede transformar cualquier outfit en una pieza de arte mientras garantiza que ninguna mirada se pase por alto.<\/p>\n<h4>5. <strong>Colores Met\u00e1licos y Neutros: La Elegancia del Futuro<\/strong><\/h4>\n<p>Los tonos met\u00e1licos, como el plata y el oro, se estar\u00e1n viendo mezclados con la paleta de neutros. Piensa en un top met\u00e1lico combinado con pantalones gris humo. Este mix no solo aporta un aire futurista, sino que tambi\u00e9n permite a quienes lo lleven explorar su elegancia de formas nunca antes vistas.<\/p>\n<h3>Conclusi\u00f3n<\/h3>\n<p>A medida que nos acercamos a 2026, las combinaciones de colores prometen llevar la moda a un nuevo nivel. Desde contrastes inesperados hasta cl\u00e1sicos reinventados, estas paletas invitan a experimentar y a expresar individualidad. No temas jugar con estos colores y hacer que tu estilo hable por ti. \u00a1Prep\u00e1rate para ser la sensaci\u00f3n de la temporada!<\/p>\n<p><em> &#8221; Fuentes www.vogue.mx &#8221; <\/em><\/p>\n","protected":false},"excerpt":{"rendered":"<p>Colores que Marcar\u00e1n Tendencia en 2026: \u00a1Prep\u00e1rate para Brillar! El mundo de la moda siempre est\u00e1 en constante evoluci\u00f3n, y con el nuevo a\u00f1o a la vista, emergen combinaciones de colores que prometen ser protagonistas en las pasarelas y en las calles. Si quieres destacarte entre los mejor vestidos en 2026, aqu\u00ed te presentamos las [&hellip;]<\/p>\n","protected":false},"author":14,"featured_media":1100867,"comment_status":"open","ping_status":"closed","sticky":false,"template":"","format":"standard","meta":{"om_disable_all_campaigns":false,"jnews-multi-image_gallery":[],"jnews_single_post":[],"jnews_primary_category":[],"jnews_social_meta":[],"footnotes":""},"categories":[144872],"tags":[200839,185300,224923,219057,234011,251624,190539,264543,230504,2182],"class_list":["post-1100866","post","type-post","status-publish","format-standard","has-post-thumbnail","hentry","category-fashion","tag-colores-de-moda","tag-colores-vibrantes","tag-combinaciones-de-colores","tag-estilo-atrevido","tag-mejor-vestidas","tag-moda-2026","tag-moda-femenina","tag-outfits-audaces","tag-primavera-verano-2026","tag-tendencias"],"_links":{"self":[{"href":"https:\/\/dimensionturistica.com\/es\/wp-json\/wp\/v2\/posts\/1100866","targetHints":{"allow":["GET"]}}],"collection":[{"href":"https:\/\/dimensionturistica.com\/es\/wp-json\/wp\/v2\/posts"}],"about":[{"href":"https:\/\/dimensionturistica.com\/es\/wp-json\/wp\/v2\/types\/post"}],"author":[{"embeddable":true,"href":"https:\/\/dimensionturistica.com\/es\/wp-json\/wp\/v2\/users\/14"}],"replies":[{"embeddable":true,"href":"https:\/\/dimensionturistica.com\/es\/wp-json\/wp\/v2\/comments?post=1100866"}],"version-history":[{"count":1,"href":"https:\/\/dimensionturistica.com\/es\/wp-json\/wp\/v2\/posts\/1100866\/revisions"}],"predecessor-version":[{"id":1100868,"href":"https:\/\/dimensionturistica.com\/es\/wp-json\/wp\/v2\/posts\/1100866\/revisions\/1100868"}],"wp:featuredmedia":[{"embeddable":true,"href":"https:\/\/dimensionturistica.com\/es\/wp-json\/wp\/v2\/media\/1100867"}],"wp:attachment":[{"href":"https:\/\/dimensionturistica.com\/es\/wp-json\/wp\/v2\/media?parent=1100866"}],"wp:term":[{"taxonomy":"category","embeddable":true,"href":"https:\/\/dimensionturistica.com\/es\/wp-json\/wp\/v2\/categories?post=1100866"},{"taxonomy":"post_tag","embeddable":true,"href":"https:\/\/dimensionturistica.com\/es\/wp-json\/wp\/v2\/tags?post=1100866"}],"curies":[{"name":"wp","href":"https:\/\/api.w.org\/{rel}","templated":true}]}}