{"id":1100586,"date":"2026-01-20T22:58:58","date_gmt":"2026-01-20T22:58:58","guid":{"rendered":"https:\/\/dimensionturistica.com\/es\/?p=1100586"},"modified":"2026-01-20T22:58:58","modified_gmt":"2026-01-20T22:58:58","slug":"denver-una-ciudad-que-late-al-ritmo-de-la-musica-los-365-dias-del-ano","status":"publish","type":"post","link":"https:\/\/dimensionturistica.com\/es\/denver-una-ciudad-que-late-al-ritmo-de-la-musica-los-365-dias-del-ano\/","title":{"rendered":"Denver, una ciudad que late al ritmo de la m\u00fasica los 365 d\u00edas del a\u00f1o"},"content":{"rendered":"\n<figure class=\"wp-block-gallery has-nested-images columns-default is-cropped wp-block-gallery-1 is-layout-flex wp-block-gallery-is-layout-flex\">\n<figure class=\"wp-block-image size-large\"><img decoding=\"async\" width=\"500\" height=\"295\" data-id=\"1100587\" src=\"https:\/\/dimensionturistica.com\/es\/wp-content\/uploads\/2026\/01\/1SDENVER.jpg\" alt=\"\" class=\"wp-image-1100587\" srcset=\"https:\/\/dimensionturistica.com\/es\/wp-content\/uploads\/2026\/01\/1SDENVER.jpg 500w, https:\/\/dimensionturistica.com\/es\/wp-content\/uploads\/2026\/01\/1SDENVER-300x177.jpg 300w\" sizes=\"(max-width: 500px) 100vw, 500px\" \/><\/figure>\n<\/figure>\n\n\n\n<p>Denver se ha consolidado como uno de los destinos musicales m\u00e1s emocionantes de Estados Unidos. A lo largo del a\u00f1o, la capital de Colorado re\u00fane grandes giras internacionales, festivales \u00fanicos y una escena local vibrante que se vive en teatros hist\u00f3ricos, arenas modernas y recintos \u00edntimos donde los visitantes pueden descubrir nuevos talentos. Todo esto se combina con su oferta gastron\u00f3mica de clase mundial, restaurantes con Estrella Michelin, compras, arte urbano y deportes profesionales, creando una experiencia tur\u00edstica completa.<\/p>\n\n\n\n<figure class=\"wp-block-gallery has-nested-images columns-default is-cropped wp-block-gallery-2 is-layout-flex wp-block-gallery-is-layout-flex\">\n<figure class=\"wp-block-image size-large\"><img decoding=\"async\" width=\"500\" height=\"332\" data-id=\"1100588\" src=\"https:\/\/dimensionturistica.com\/es\/wp-content\/uploads\/2026\/01\/2DEMVER.jpg\" alt=\"\" class=\"wp-image-1100588\" srcset=\"https:\/\/dimensionturistica.com\/es\/wp-content\/uploads\/2026\/01\/2DEMVER.jpg 500w, https:\/\/dimensionturistica.com\/es\/wp-content\/uploads\/2026\/01\/2DEMVER-300x199.jpg 300w\" sizes=\"(max-width: 500px) 100vw, 500px\" \/><\/figure>\n<\/figure>\n\n\n\n<p>Hablar de m\u00fasica en Denver es hablar de Red Rocks Park &amp; Amphitheatre, uno de los recintos m\u00e1s emblem\u00e1ticos del mundo. Tallado de manera natural entre formaciones rocosas rojizas, es el \u00fanico anfiteatro considerado ac\u00fasticamente perfecto y escenario de conciertos hist\u00f3ricos que forman parte de la memoria colectiva de la m\u00fasica. Asistir a un concierto aqu\u00ed es, para muchos viajeros, una experiencia de \u201cbucket list\u201d.&nbsp;&nbsp;&nbsp;&nbsp;&nbsp;&nbsp;&nbsp;&nbsp;&nbsp;&nbsp;&nbsp;&nbsp;&nbsp;&nbsp;&nbsp;&nbsp;&nbsp;&nbsp;&nbsp;&nbsp;&nbsp;&nbsp;&nbsp;&nbsp;&nbsp;&nbsp;&nbsp;&nbsp;&nbsp;&nbsp;&nbsp;&nbsp;&nbsp;&nbsp;&nbsp;&nbsp;&nbsp;&nbsp;&nbsp;&nbsp;&nbsp;&nbsp;&nbsp;&nbsp;&nbsp;&nbsp;&nbsp;&nbsp;&nbsp;&nbsp;&nbsp;&nbsp;&nbsp;&nbsp;&nbsp;&nbsp;&nbsp;&nbsp;&nbsp;&nbsp;&nbsp;&nbsp;&nbsp;&nbsp;&nbsp;&nbsp;&nbsp;&nbsp;&nbsp;&nbsp;&nbsp;&nbsp;&nbsp;&nbsp;&nbsp;&nbsp;&nbsp;&nbsp;&nbsp;&nbsp;&nbsp;&nbsp;&nbsp;&nbsp;&nbsp;&nbsp;&nbsp;&nbsp;&nbsp;&nbsp;&nbsp;&nbsp;&nbsp;&nbsp;&nbsp;&nbsp;&nbsp;&nbsp;&nbsp;&nbsp;&nbsp;&nbsp;&nbsp;&nbsp;&nbsp;&nbsp;&nbsp;&nbsp;&nbsp;&nbsp;&nbsp;&nbsp;&nbsp;&nbsp;&nbsp;&nbsp;&nbsp;&nbsp;&nbsp;&nbsp;&nbsp;&nbsp;<\/p>\n\n\n\n<figure class=\"wp-block-gallery has-nested-images columns-default is-cropped wp-block-gallery-3 is-layout-flex wp-block-gallery-is-layout-flex\">\n<figure class=\"wp-block-image size-large\"><img decoding=\"async\" width=\"500\" height=\"333\" data-id=\"1100589\" src=\"https:\/\/dimensionturistica.com\/es\/wp-content\/uploads\/2026\/01\/4DENVER.jpg\" alt=\"\" class=\"wp-image-1100589\" srcset=\"https:\/\/dimensionturistica.com\/es\/wp-content\/uploads\/2026\/01\/4DENVER.jpg 500w, https:\/\/dimensionturistica.com\/es\/wp-content\/uploads\/2026\/01\/4DENVER-300x200.jpg 300w\" sizes=\"(max-width: 500px) 100vw, 500px\" \/><\/figure>\n<\/figure>\n\n\n\n<p>Otro de los grandes foros de la ciudad es Ball Arena, hogar de conciertos masivos y de equipos profesionales como los Denver Nuggets y Colorado Avalanche. Aqu\u00ed se presentan artistas de talla mundial con producciones de gran formato que hacen vibrar a miles de fan\u00e1ticos.<\/p>\n\n\n\n<figure class=\"wp-block-gallery has-nested-images columns-default is-cropped wp-block-gallery-4 is-layout-flex wp-block-gallery-is-layout-flex\">\n<figure class=\"wp-block-image size-large\"><img decoding=\"async\" width=\"500\" height=\"195\" data-id=\"1100590\" src=\"https:\/\/dimensionturistica.com\/es\/wp-content\/uploads\/2026\/01\/5DEMVER.jpg\" alt=\"\" class=\"wp-image-1100590\" srcset=\"https:\/\/dimensionturistica.com\/es\/wp-content\/uploads\/2026\/01\/5DEMVER.jpg 500w, https:\/\/dimensionturistica.com\/es\/wp-content\/uploads\/2026\/01\/5DEMVER-300x117.jpg 300w\" sizes=\"(max-width: 500px) 100vw, 500px\" \/><\/figure>\n<\/figure>\n\n\n\n<p>Por su parte, Empower Field at Mile High, estadio de los Denver Broncos, es el escenario perfecto para los megaconciertos en estadio, eventos de gran afluencia y celebraciones multitudinarias. Ver un concierto aqu\u00ed implica vivir la m\u00fasica a gran escala, rodeado del impresionante skyline de la ciudad.<\/p>\n\n\n\n<figure class=\"wp-block-gallery has-nested-images columns-default is-cropped wp-block-gallery-5 is-layout-flex wp-block-gallery-is-layout-flex\">\n<figure class=\"wp-block-image size-large\"><img decoding=\"async\" width=\"500\" height=\"333\" data-id=\"1100591\" src=\"https:\/\/dimensionturistica.com\/es\/wp-content\/uploads\/2026\/01\/6DENVER.jpg\" alt=\"\" class=\"wp-image-1100591\" srcset=\"https:\/\/dimensionturistica.com\/es\/wp-content\/uploads\/2026\/01\/6DENVER.jpg 500w, https:\/\/dimensionturistica.com\/es\/wp-content\/uploads\/2026\/01\/6DENVER-300x200.jpg 300w\" sizes=\"(max-width: 500px) 100vw, 500px\" \/><\/figure>\n<\/figure>\n\n\n\n<p>Denver tambi\u00e9n cuenta con espacios que conectan con p\u00fablicos diversos. Mission Ballroom, en el creativo distrito RiNo, es uno de los recintos m\u00e1s modernos, dise\u00f1ado para ofrecer gran calidad de sonido y visibilidad desde cualquier punto de la sala. Fiddler\u2019s Green Amphitheatre, al aire libre, es ideal para disfrutar de m\u00fasica en verano bajo el cielo de Colorado.<\/p>\n\n\n\n<p>A la escena se suman recintos de gran tradici\u00f3n y cercan\u00eda con el p\u00fablico como el Paramount Theatre, un teatro hist\u00f3rico que alberga conciertos, espect\u00e1culos especiales y presentaciones \u00fanicas; Summit Music Hall y Marquis Theater, ideales para disfrutar propuestas de rock alternativo, punk, metal y escenas emergentes en ambientes \u00edntimos y energ\u00e9ticos. Para los amantes del jazz, Nocturne se ha convertido en un referente imperdible, combinando m\u00fasica en vivo con una propuesta gastron\u00f3mica contempor\u00e1nea que redondea la experiencia sensorial.<\/p>\n\n\n\n<figure class=\"wp-block-gallery has-nested-images columns-default is-cropped wp-block-gallery-6 is-layout-flex wp-block-gallery-is-layout-flex\">\n<figure class=\"wp-block-image size-large\"><img decoding=\"async\" width=\"500\" height=\"334\" data-id=\"1100592\" src=\"https:\/\/dimensionturistica.com\/es\/wp-content\/uploads\/2026\/01\/7DENVER.jpg\" alt=\"\" class=\"wp-image-1100592\" srcset=\"https:\/\/dimensionturistica.com\/es\/wp-content\/uploads\/2026\/01\/7DENVER.jpg 500w, https:\/\/dimensionturistica.com\/es\/wp-content\/uploads\/2026\/01\/7DENVER-300x200.jpg 300w\" sizes=\"(max-width: 500px) 100vw, 500px\" \/><\/figure>\n<\/figure>\n\n\n\n<p>La escena tambi\u00e9n se vive en espacios hist\u00f3ricos y de proximidad, como Cervantes\u2019 Masterpiece Ballroom &amp; The Other Side en Five Points, barrio ligado al legado del jazz en Denver; Bluebird Theater y Ogden Theatre, \u00edconos de la arquitectura y del rock en vivo; as\u00ed como Dazzle, referencia imprescindible para los amantes del jazz. En conjunto, estos recintos permiten al visitante elegir desde shows \u00edntimos hasta experiencias \u00e9picas.<\/p>\n\n\n\n<p>Antes y despu\u00e9s del concierto, Denver invita a disfrutar de la ciudad. Aqu\u00ed encontrar\u00e1s restaurantes con Estrella Michelin y Bib Gourmand, propuestas gastron\u00f3micas creativas y chefs reconocidos que han colocado a la ciudad en el mapa culinario internacional. Barrios como LoDo, RiNo, Cherry Creek y Highlands combinan galer\u00edas, murales, rooftops, bares de cocteler\u00eda y cervecer\u00edas artesanales.<\/p>\n\n\n\n<figure class=\"wp-block-gallery has-nested-images columns-default is-cropped wp-block-gallery-7 is-layout-flex wp-block-gallery-is-layout-flex\">\n<figure class=\"wp-block-image size-large\"><img decoding=\"async\" width=\"500\" height=\"287\" data-id=\"1100594\" src=\"https:\/\/dimensionturistica.com\/es\/wp-content\/uploads\/2026\/01\/9DENVER.jpg\" alt=\"\" class=\"wp-image-1100594\" srcset=\"https:\/\/dimensionturistica.com\/es\/wp-content\/uploads\/2026\/01\/9DENVER.jpg 500w, https:\/\/dimensionturistica.com\/es\/wp-content\/uploads\/2026\/01\/9DENVER-300x172.jpg 300w\" sizes=\"(max-width: 500px) 100vw, 500px\" \/><\/figure>\n<\/figure>\n\n\n\n<p>Las compras tambi\u00e9n forman parte de la experiencia, con centros como Cherry Creek Shopping Center, boutiques en Larimer Square, propuestas locales en RiNo Art District y la peatonal 16th Street Mall. A ello se suma la emoci\u00f3n de los equipos profesionales de la ciudad en futbol americano, hockey, b\u00e1squetbol y b\u00e9isbol, que mantienen la agenda activa durante todo el a\u00f1o.<\/p>\n\n\n\n<p>El 2026 llega cargado de grandes nombres y experiencias \u00fanicas:<\/p>\n\n\n\n<p>Icelantic\u2019s Winter on the Rocks \u2013 7 de febrero de 2026 \u2013 Red Rocks Park &amp; Amphitheatre<\/p>\n\n\n\n<p>El \u00fanico concierto invernal realizado en Red Rocks, una experiencia donde la nieve, las rocas rojizas y la m\u00fasica crean un ambiente inolvidable.<\/p>\n\n\n\n<p>Cardi B \u2013 9 de marzo de 2026 \u2013 Ball Arena<\/p>\n\n\n\n<figure class=\"wp-block-gallery has-nested-images columns-default is-cropped wp-block-gallery-8 is-layout-flex wp-block-gallery-is-layout-flex\">\n<figure class=\"wp-block-image size-large\"><img decoding=\"async\" width=\"344\" height=\"180\" data-id=\"1100595\" src=\"https:\/\/dimensionturistica.com\/es\/wp-content\/uploads\/2026\/01\/OIP-1.jpeg\" alt=\"\" class=\"wp-image-1100595\" srcset=\"https:\/\/dimensionturistica.com\/es\/wp-content\/uploads\/2026\/01\/OIP-1.jpeg 344w, https:\/\/dimensionturistica.com\/es\/wp-content\/uploads\/2026\/01\/OIP-1-300x157.jpeg 300w\" sizes=\"(max-width: 344px) 100vw, 344px\" \/><\/figure>\n<\/figure>\n\n\n\n<p>La multipremiada rapera y figura ic\u00f3nica del pop urbano regresa con un show lleno de energ\u00eda y grandes \u00e9xitos que dominan las listas globales.<\/p>\n\n\n\n<p>Demi Lovato \u2013 5 de mayo de 2026 \u2013 Ball Arena<\/p>\n\n\n\n<p>Con una de las voces m\u00e1s potentes del pop actual, Demi Lovato ofrecer\u00e1 un concierto que combina emotividad, fuerza esc\u00e9nica y conexi\u00f3n con el p\u00fablico.<\/p>\n\n\n\n<p>Rod Stewart \u2013 15 de junio de 2026 \u2013 Red Rocks Park &amp; Amphitheatre<\/p>\n\n\n\n<p>El legendario cantante brit\u00e1nico presenta sus cl\u00e1sicos en uno de los escenarios m\u00e1s espectaculares del mundo, una cita imperdible para los amantes del rock.<\/p>\n\n\n\n<p>Ed Sheeran \u2013 4 de julio de 2026 \u2013 Empower Field at Mile High<\/p>\n\n\n\n<p>El c\u00e9lebre cantautor brit\u00e1nico celebrar\u00e1 el D\u00eda de la Independencia en Denver con un concierto multitudinario lleno de himnos globales.<\/p>\n\n\n\n<p>Megan Moroney \u2013 28 de julio de 2026 \u2013 Ball Arena<\/p>\n\n\n\n<figure class=\"wp-block-gallery has-nested-images columns-default is-cropped wp-block-gallery-9 is-layout-flex wp-block-gallery-is-layout-flex\">\n<figure class=\"wp-block-image size-large\"><img decoding=\"async\" width=\"500\" height=\"284\" data-id=\"1100593\" src=\"https:\/\/dimensionturistica.com\/es\/wp-content\/uploads\/2026\/01\/8DENVER.jpg\" alt=\"\" class=\"wp-image-1100593\" srcset=\"https:\/\/dimensionturistica.com\/es\/wp-content\/uploads\/2026\/01\/8DENVER.jpg 500w, https:\/\/dimensionturistica.com\/es\/wp-content\/uploads\/2026\/01\/8DENVER-300x170.jpg 300w\" sizes=\"(max-width: 500px) 100vw, 500px\" \/><\/figure>\n<\/figure>\n\n\n\n<p>Una de las nuevas voces m\u00e1s destacadas del country que conquista a p\u00fablicos j\u00f3venes con letras honestas y estilo contempor\u00e1neo.<\/p>\n\n\n\n<p>AC\/DC \u2013 28 de julio de 2026 \u2013 Empower Field at Mile High<\/p>\n\n\n\n<p>Los gigantes del hard rock encender\u00e1n Denver con su inconfundible sonido de estadio completo y guitarras electrizantes.<\/p>\n\n\n\n<p>En Denver, cada visita puede tener banda sonora propia. Con su combinaci\u00f3n de grandes conciertos, recintos legendarios y experiencias urbanas \u00fanicas, la ciudad invita a los viajeros a planear su pr\u00f3ximo viaje al ritmo de la m\u00fasica.<\/p>\n\n\n\n<p>Conoce m\u00e1s de los mejores lugares para ir a conciertos en vivo en Denver aqu\u00ed.<\/p>\n","protected":false},"excerpt":{"rendered":"<p>Denver se ha consolidado como uno de los destinos musicales m\u00e1s emocionantes de Estados Unidos. A lo largo del a\u00f1o, la capital de Colorado re\u00fane grandes giras internacionales, festivales \u00fanicos y una escena local vibrante que se vive en teatros hist\u00f3ricos, arenas modernas y recintos \u00edntimos donde los visitantes pueden descubrir nuevos talentos. Todo esto [&hellip;]<\/p>\n","protected":false},"author":1,"featured_media":0,"comment_status":"open","ping_status":"closed","sticky":false,"template":"","format":"standard","meta":{"om_disable_all_campaigns":false,"jnews-multi-image_gallery":[],"jnews_single_post":[],"jnews_primary_category":[],"jnews_social_meta":[],"footnotes":""},"categories":[39],"tags":[],"class_list":["post-1100586","post","type-post","status-publish","format-standard","hentry","category-viajes"],"_links":{"self":[{"href":"https:\/\/dimensionturistica.com\/es\/wp-json\/wp\/v2\/posts\/1100586","targetHints":{"allow":["GET"]}}],"collection":[{"href":"https:\/\/dimensionturistica.com\/es\/wp-json\/wp\/v2\/posts"}],"about":[{"href":"https:\/\/dimensionturistica.com\/es\/wp-json\/wp\/v2\/types\/post"}],"author":[{"embeddable":true,"href":"https:\/\/dimensionturistica.com\/es\/wp-json\/wp\/v2\/users\/1"}],"replies":[{"embeddable":true,"href":"https:\/\/dimensionturistica.com\/es\/wp-json\/wp\/v2\/comments?post=1100586"}],"version-history":[{"count":1,"href":"https:\/\/dimensionturistica.com\/es\/wp-json\/wp\/v2\/posts\/1100586\/revisions"}],"predecessor-version":[{"id":1100596,"href":"https:\/\/dimensionturistica.com\/es\/wp-json\/wp\/v2\/posts\/1100586\/revisions\/1100596"}],"wp:attachment":[{"href":"https:\/\/dimensionturistica.com\/es\/wp-json\/wp\/v2\/media?parent=1100586"}],"wp:term":[{"taxonomy":"category","embeddable":true,"href":"https:\/\/dimensionturistica.com\/es\/wp-json\/wp\/v2\/categories?post=1100586"},{"taxonomy":"post_tag","embeddable":true,"href":"https:\/\/dimensionturistica.com\/es\/wp-json\/wp\/v2\/tags?post=1100586"}],"curies":[{"name":"wp","href":"https:\/\/api.w.org\/{rel}","templated":true}]}}