{"id":1100563,"date":"2026-01-20T22:25:12","date_gmt":"2026-01-20T22:25:12","guid":{"rendered":"https:\/\/dimensionturistica.com\/es\/?p=1100563"},"modified":"2026-01-20T22:25:12","modified_gmt":"2026-01-20T22:25:12","slug":"punta-mita-el-destino-wellness-que-debes-visitar-en-2026","status":"publish","type":"post","link":"https:\/\/dimensionturistica.com\/es\/punta-mita-el-destino-wellness-que-debes-visitar-en-2026\/","title":{"rendered":"Punta Mita: El destino wellness que debes visitar en 2026"},"content":{"rendered":"\n<p><\/p>\n\n\n\n<figure class=\"wp-block-gallery has-nested-images columns-default is-cropped wp-block-gallery-1 is-layout-flex wp-block-gallery-is-layout-flex\">\n<figure class=\"wp-block-image size-large\"><img decoding=\"async\" width=\"715\" height=\"118\" data-id=\"1100564\" src=\"https:\/\/dimensionturistica.com\/es\/wp-content\/uploads\/2026\/01\/2PUNTA.jpg\" alt=\"\" class=\"wp-image-1100564\" srcset=\"https:\/\/dimensionturistica.com\/es\/wp-content\/uploads\/2026\/01\/2PUNTA.jpg 715w, https:\/\/dimensionturistica.com\/es\/wp-content\/uploads\/2026\/01\/2PUNTA-300x50.jpg 300w\" sizes=\"(max-width: 715px) 100vw, 715px\" \/><\/figure>\n<\/figure>\n\n\n\n<p>Por qu\u00e9 el futuro del viaje est\u00e1 en sentirse bien \u2014 y por qu\u00e9 Punta Mita lidera la conversaci\u00f3n<\/p>\n\n\n\n<p>El wellness travel est\u00e1 entrando en una nueva etapa. De cara a 2026, el bienestar deja de ser una experiencia aislada para convertirse en el eje sobre el que se construyen los destinos m\u00e1s deseados del mundo. El viajero contempor\u00e1neo ya no busca escapar de su rutina, sino regresar mejor. M\u00e1s descansado. M\u00e1s conectado. M\u00e1s presente. Y en este nuevo panorama, ciertos destinos est\u00e1n marcando el rumbo.<\/p>\n\n\n\n<figure class=\"wp-block-gallery has-nested-images columns-default is-cropped wp-block-gallery-2 is-layout-flex wp-block-gallery-is-layout-flex\">\n<figure class=\"wp-block-image size-large\"><img decoding=\"async\" width=\"500\" height=\"344\" data-id=\"1100565\" src=\"https:\/\/dimensionturistica.com\/es\/wp-content\/uploads\/2026\/01\/3PUNTA.jpg\" alt=\"\" class=\"wp-image-1100565\" srcset=\"https:\/\/dimensionturistica.com\/es\/wp-content\/uploads\/2026\/01\/3PUNTA.jpg 500w, https:\/\/dimensionturistica.com\/es\/wp-content\/uploads\/2026\/01\/3PUNTA-300x206.jpg 300w\" sizes=\"(max-width: 500px) 100vw, 500px\" \/><\/figure>\n<\/figure>\n\n\n\n<p>A diferencia de a\u00f1os anteriores, el wellness traveler de 2026:<\/p>\n\n\n\n<p>No busca programas r\u00edgidos ni transformaciones forzadas<\/p>\n\n\n\n<p>Prefiere rituales cotidianos a itinerarios intensos<\/p>\n\n\n\n<p>Valora el silencio, el tiempo y el espacio<\/p>\n\n\n\n<figure class=\"wp-block-gallery has-nested-images columns-default is-cropped wp-block-gallery-3 is-layout-flex wp-block-gallery-is-layout-flex\">\n<figure class=\"wp-block-image size-large\"><img decoding=\"async\" width=\"500\" height=\"342\" data-id=\"1100566\" src=\"https:\/\/dimensionturistica.com\/es\/wp-content\/uploads\/2026\/01\/1MITA.JPF_.jpg\" alt=\"\" class=\"wp-image-1100566\" srcset=\"https:\/\/dimensionturistica.com\/es\/wp-content\/uploads\/2026\/01\/1MITA.JPF_.jpg 500w, https:\/\/dimensionturistica.com\/es\/wp-content\/uploads\/2026\/01\/1MITA.JPF_-300x205.jpg 300w\" sizes=\"(max-width: 500px) 100vw, 500px\" \/><\/figure>\n<\/figure>\n\n\n\n<p>Entiende el lujo como bienestar sostenido, no como exceso<\/p>\n\n\n\n<p>El foco ya no est\u00e1 en \u201chacer\u201d, sino en sentir.<\/p>\n\n\n\n<p>En Punta Mita, el wellness no se anuncia. Se experimenta.<\/p>\n\n\n\n<p>Dentro de este nuevo mapa global del wellness travel, el destino emerge como una de las opciones clave a observar en 2026.<\/p>\n\n\n\n<figure class=\"wp-block-gallery has-nested-images columns-default is-cropped wp-block-gallery-4 is-layout-flex wp-block-gallery-is-layout-flex\">\n<figure class=\"wp-block-image size-large\"><img decoding=\"async\" width=\"500\" height=\"495\" data-id=\"1100567\" src=\"https:\/\/dimensionturistica.com\/es\/wp-content\/uploads\/2026\/01\/6MITA.jpg\" alt=\"\" class=\"wp-image-1100567\" srcset=\"https:\/\/dimensionturistica.com\/es\/wp-content\/uploads\/2026\/01\/6MITA.jpg 500w, https:\/\/dimensionturistica.com\/es\/wp-content\/uploads\/2026\/01\/6MITA-300x297.jpg 300w, https:\/\/dimensionturistica.com\/es\/wp-content\/uploads\/2026\/01\/6MITA-150x150.jpg 150w, https:\/\/dimensionturistica.com\/es\/wp-content\/uploads\/2026\/01\/6MITA-75x75.jpg 75w\" sizes=\"(max-width: 500px) 100vw, 500px\" \/><\/figure>\n<\/figure>\n\n\n\n<p>M\u00e1s que un destino con experiencias de bienestar se propone algo m\u00e1s sofisticado: una forma de vivir el viaje.<\/p>\n\n\n\n<p>Las ma\u00f1anas comienzan con calma \u2014 yoga, meditaci\u00f3n, caminatas frente al mar. Las tardes fluyen entre largas comidas, spa y pausas que invitan a bajar el ritmo. Los espacios est\u00e1n dise\u00f1ados para respirar, conectar y permanecer. Aqu\u00ed, el bienestar sucede sin esfuerzo.<\/p>\n\n\n\n<p>Arquitectura, naturaleza y ritmo<\/p>\n\n\n\n<p>Parte del atractivo de Punta Mita reside en c\u00f3mo el entorno acompa\u00f1a el bienestar: \u200b<\/p>\n\n\n\n<figure class=\"wp-block-gallery has-nested-images columns-default is-cropped wp-block-gallery-5 is-layout-flex wp-block-gallery-is-layout-flex\">\n<figure class=\"wp-block-image size-large\"><img decoding=\"async\" width=\"500\" height=\"526\" data-id=\"1100568\" src=\"https:\/\/dimensionturistica.com\/es\/wp-content\/uploads\/2026\/01\/9MITA.jpg\" alt=\"\" class=\"wp-image-1100568\" srcset=\"https:\/\/dimensionturistica.com\/es\/wp-content\/uploads\/2026\/01\/9MITA.jpg 500w, https:\/\/dimensionturistica.com\/es\/wp-content\/uploads\/2026\/01\/9MITA-285x300.jpg 285w\" sizes=\"(max-width: 500px) 100vw, 500px\" \/><\/figure>\n<\/figure>\n\n\n\n<p>Arquitectura abierta que dialoga con el paisaje<\/p>\n\n\n\n<p>Espacios que invitan al silencio y la contemplaci\u00f3n<\/p>\n\n\n\n<p>Un servicio que entiende cu\u00e1ndo estar presente y cu\u00e1ndo desaparecer<\/p>\n\n\n\n<p>Hoy, el wellness ya no es una tendencia, es una nueva forma de viajar, y destinos como Punta Mita no solo entienden esta evoluci\u00f3n: la est\u00e1n definiendo. \u200b<\/p>\n","protected":false},"excerpt":{"rendered":"<p>Por qu\u00e9 el futuro del viaje est\u00e1 en sentirse bien \u2014 y por qu\u00e9 Punta Mita lidera la conversaci\u00f3n El wellness travel est\u00e1 entrando en una nueva etapa. De cara a 2026, el bienestar deja de ser una experiencia aislada para convertirse en el eje sobre el que se construyen los destinos m\u00e1s deseados del [&hellip;]<\/p>\n","protected":false},"author":1,"featured_media":0,"comment_status":"open","ping_status":"closed","sticky":false,"template":"","format":"standard","meta":{"om_disable_all_campaigns":false,"jnews-multi-image_gallery":[],"jnews_single_post":[],"jnews_primary_category":[],"jnews_social_meta":[],"footnotes":""},"categories":[39],"tags":[],"class_list":["post-1100563","post","type-post","status-publish","format-standard","hentry","category-viajes"],"_links":{"self":[{"href":"https:\/\/dimensionturistica.com\/es\/wp-json\/wp\/v2\/posts\/1100563","targetHints":{"allow":["GET"]}}],"collection":[{"href":"https:\/\/dimensionturistica.com\/es\/wp-json\/wp\/v2\/posts"}],"about":[{"href":"https:\/\/dimensionturistica.com\/es\/wp-json\/wp\/v2\/types\/post"}],"author":[{"embeddable":true,"href":"https:\/\/dimensionturistica.com\/es\/wp-json\/wp\/v2\/users\/1"}],"replies":[{"embeddable":true,"href":"https:\/\/dimensionturistica.com\/es\/wp-json\/wp\/v2\/comments?post=1100563"}],"version-history":[{"count":1,"href":"https:\/\/dimensionturistica.com\/es\/wp-json\/wp\/v2\/posts\/1100563\/revisions"}],"predecessor-version":[{"id":1100569,"href":"https:\/\/dimensionturistica.com\/es\/wp-json\/wp\/v2\/posts\/1100563\/revisions\/1100569"}],"wp:attachment":[{"href":"https:\/\/dimensionturistica.com\/es\/wp-json\/wp\/v2\/media?parent=1100563"}],"wp:term":[{"taxonomy":"category","embeddable":true,"href":"https:\/\/dimensionturistica.com\/es\/wp-json\/wp\/v2\/categories?post=1100563"},{"taxonomy":"post_tag","embeddable":true,"href":"https:\/\/dimensionturistica.com\/es\/wp-json\/wp\/v2\/tags?post=1100563"}],"curies":[{"name":"wp","href":"https:\/\/api.w.org\/{rel}","templated":true}]}}