{"id":1100448,"date":"2026-01-20T18:26:24","date_gmt":"2026-01-20T18:26:24","guid":{"rendered":"https:\/\/dimensionturistica.com\/es\/?p=1100448"},"modified":"2026-01-20T18:26:24","modified_gmt":"2026-01-20T18:26:24","slug":"bella-hadid-combina-el-estilo-urbano-gorpcore-con-el-glamour-vintage-incluyendo-patines-y-todo-lo-demas","status":"publish","type":"post","link":"https:\/\/dimensionturistica.com\/es\/bella-hadid-combina-el-estilo-urbano-gorpcore-con-el-glamour-vintage-incluyendo-patines-y-todo-lo-demas\/","title":{"rendered":"Bella Hadid Combina el Estilo Urbano Gorpcore con el Glamour Vintage\u2014Incluyendo Patines y Todo lo Dem\u00e1s."},"content":{"rendered":"<p><strong>Reviviendo el Estilo: La Fusi\u00f3n de Elegancia y Est\u00e9tica Urbana<\/strong><\/p>\n<p>En el din\u00e1mico mundo de la moda, las tendencias no solo emergen, sino que tambi\u00e9n convergen de formas inesperadas. El \u00faltimo fen\u00f3meno que est\u00e1 capturando la atenci\u00f3n se produce en las calles, donde la supermodelo ha introducido un estilo \u00fanico que fusiona la sofisticaci\u00f3n y la est\u00e9tica utilitaria.<\/p>\n<p><strong>La Dualidad del Glamour y el Gorp<\/strong><\/p>\n<p>Es fascinante observar c\u00f3mo elementos tradicionales de glamour se entrelazan con el esp\u00edritu pr\u00e1ctico del &#8220;gorp,&#8221; una abreviatura que evoca el equipamiento de senderismo moderno. Este estilo, que sol\u00eda pertenecer a los entornos m\u00e1s r\u00fasticos, se transforma al ser reinterpretado con toques de alta costura. Im\u00e1genes de la pasarela se encuentran con la est\u00e9tica de las calles, creando un nuevo est\u00e1ndar en la moda urbana.<\/p>\n<p><strong>Rodillos y Accesorios: La Nueva Sensaci\u00f3n Retro<\/strong><\/p>\n<p>Los rodillos, ese elemento que nos remite a memorias de \u00e9pocas anteriores, resurgieron como un s\u00edmbolo de diversi\u00f3n y despreocupaci\u00f3n. Cuando se combinan con siluetas contempor\u00e1neas y paletas de colores audaces, el resultado es un look que no solo es llamativo, sino tambi\u00e9n lleno de energ\u00eda. La versatilidad de estos accesorios permite que cada persona pueda adaptar la tendencia a su propio estilo personal, haciendo de cada outfit una declaraci\u00f3n \u00fanica.<\/p>\n<p><strong>Paleta de Colores y Texturas: Un Juego de Contrastes<\/strong><\/p>\n<p>Una parte fundamental de esta tendencia es el ingenioso uso de texturas contrastantes. La mezcla de tejidos de alta gama con materiales m\u00e1s cotidianos crea un equilibrio intrigante. Siluetas fluidas complementadas por piezas utilitarias ofrecen un enfoque renovado: la funcionalidad no est\u00e1 re\u00f1ida con la est\u00e9tica. Cada conjunto, pensado al detalle, resalta la audacia de la moda contempor\u00e1nea.<\/p>\n<p><strong>Un Nuevo Enfoque a la Sostenibilidad<\/strong><\/p>\n<p>Adentr\u00e1ndose en el panorama del consumo consciente, el estilo modernizado tambi\u00e9n explora la sostenibilidad. Las marcas que adoptan un enfoque eco-amigable en la creaci\u00f3n de estas prendas est\u00e1n ganando protagonismo. No se trata solo de lucir bien, sino de adoptar un estilo de vida que respete al planeta.<\/p>\n<p><strong>La Influencia en el Mercado<\/strong><\/p>\n<p>La repercusi\u00f3n de esta tendencia est\u00e1 llevando a los dise\u00f1adores a repensar su enfoque. La demanda por ropa que combine funcionalidad y estilo est\u00e1 en alza. Las tiendas de moda ya comienzan a recibir estas influencias, convirti\u00e9ndose en espacios donde los estilos se funden de manera armoniosa.<\/p>\n<p><strong>Conclusi\u00f3n Ef\u00edmera, Estilo Perpetuo<\/strong><\/p>\n<p>El retorno de las tendencias retro mezcladas con el enfoque contempor\u00e1neo es un recordatorio de que la moda siempre est\u00e1 en evoluci\u00f3n. La capacidad de reinventar estilos del pasado en un contexto actual es lo que mantiene viva la chispa de la creatividad. Este nuevo cap\u00edtulo en el mundo de la moda promete ser tan apasionante como ef\u00edmero, mientras los amantes del estilo contin\u00faan buscando la pr\u00f3xima gran inspiraci\u00f3n en las calles.<\/p>\n<p><em> &#8221; Fuentes www.vogue.com &#8221; <\/em><\/p>\n","protected":false},"excerpt":{"rendered":"<p>Reviviendo el Estilo: La Fusi\u00f3n de Elegancia y Est\u00e9tica Urbana En el din\u00e1mico mundo de la moda, las tendencias no solo emergen, sino que tambi\u00e9n convergen de formas inesperadas. El \u00faltimo fen\u00f3meno que est\u00e1 capturando la atenci\u00f3n se produce en las calles, donde la supermodelo ha introducido un estilo \u00fanico que fusiona la sofisticaci\u00f3n y [&hellip;]<\/p>\n","protected":false},"author":14,"featured_media":1100449,"comment_status":"open","ping_status":"closed","sticky":false,"template":"","format":"standard","meta":{"om_disable_all_campaigns":false,"jnews-multi-image_gallery":[],"jnews_single_post":[],"jnews_primary_category":[],"jnews_social_meta":[],"footnotes":""},"categories":[144872],"tags":[69624,200685,166,258065,264430,264431,46066,264432,6194,202808],"class_list":["post-1100448","post","type-post","status-publish","format-standard","has-post-thumbnail","hentry","category-fashion","tag-accessories","tag-bella-hadid","tag-fashion","tag-gorpcore","tag-grandma-glamour","tag-rollers","tag-street-style","tag-style-mix","tag-trends","tag-urban-fashion"],"_links":{"self":[{"href":"https:\/\/dimensionturistica.com\/es\/wp-json\/wp\/v2\/posts\/1100448","targetHints":{"allow":["GET"]}}],"collection":[{"href":"https:\/\/dimensionturistica.com\/es\/wp-json\/wp\/v2\/posts"}],"about":[{"href":"https:\/\/dimensionturistica.com\/es\/wp-json\/wp\/v2\/types\/post"}],"author":[{"embeddable":true,"href":"https:\/\/dimensionturistica.com\/es\/wp-json\/wp\/v2\/users\/14"}],"replies":[{"embeddable":true,"href":"https:\/\/dimensionturistica.com\/es\/wp-json\/wp\/v2\/comments?post=1100448"}],"version-history":[{"count":1,"href":"https:\/\/dimensionturistica.com\/es\/wp-json\/wp\/v2\/posts\/1100448\/revisions"}],"predecessor-version":[{"id":1100450,"href":"https:\/\/dimensionturistica.com\/es\/wp-json\/wp\/v2\/posts\/1100448\/revisions\/1100450"}],"wp:featuredmedia":[{"embeddable":true,"href":"https:\/\/dimensionturistica.com\/es\/wp-json\/wp\/v2\/media\/1100449"}],"wp:attachment":[{"href":"https:\/\/dimensionturistica.com\/es\/wp-json\/wp\/v2\/media?parent=1100448"}],"wp:term":[{"taxonomy":"category","embeddable":true,"href":"https:\/\/dimensionturistica.com\/es\/wp-json\/wp\/v2\/categories?post=1100448"},{"taxonomy":"post_tag","embeddable":true,"href":"https:\/\/dimensionturistica.com\/es\/wp-json\/wp\/v2\/tags?post=1100448"}],"curies":[{"name":"wp","href":"https:\/\/api.w.org\/{rel}","templated":true}]}}