{"id":1100262,"date":"2026-01-20T14:25:15","date_gmt":"2026-01-20T14:25:15","guid":{"rendered":"https:\/\/dimensionturistica.com\/es\/?p=1100262"},"modified":"2026-01-20T14:25:15","modified_gmt":"2026-01-20T14:25:15","slug":"nanoparticulas-bioinspiradas-desarrollo-cientifico-desde-mexico-para-enfrentar-bacterias-resistentes-a-antibioticos","status":"publish","type":"post","link":"https:\/\/dimensionturistica.com\/es\/nanoparticulas-bioinspiradas-desarrollo-cientifico-desde-mexico-para-enfrentar-bacterias-resistentes-a-antibioticos\/","title":{"rendered":"Nanopart\u00edculas bioinspiradas: desarrollo cient\u00edfico desde M\u00e9xico para enfrentar bacterias resistentes a antibi\u00f3ticos"},"content":{"rendered":"\n<p><\/p>\n\n\n\n<figure class=\"wp-block-gallery has-nested-images columns-default is-cropped wp-block-gallery-1 is-layout-flex wp-block-gallery-is-layout-flex\">\n<figure class=\"wp-block-image size-large\"><img decoding=\"async\" width=\"500\" height=\"106\" data-id=\"1100263\" src=\"https:\/\/dimensionturistica.com\/es\/wp-content\/uploads\/2026\/01\/5TEC.jpg\" alt=\"\" class=\"wp-image-1100263\" srcset=\"https:\/\/dimensionturistica.com\/es\/wp-content\/uploads\/2026\/01\/5TEC.jpg 500w, https:\/\/dimensionturistica.com\/es\/wp-content\/uploads\/2026\/01\/5TEC-300x64.jpg 300w\" sizes=\"(max-width: 500px) 100vw, 500px\" \/><\/figure>\n<\/figure>\n\n\n\n<p>Las bacterias resistentes a los antibi\u00f3ticos podr\u00edan convertirse en el futuro cercano en uno de los retos m\u00e1s urgentes para la salud p\u00fablica a nivel global. Organismos internacionales como la Organizaci\u00f3n Mundial de la Salud (OMS), la ONU y la FAO advierten que, de no modificarse las tendencias actuales, este fen\u00f3meno podr\u00eda convertirse en la principal causa de muerte en el mundo hacia 2050, con hasta 10 millones de fallecimientos anuales. El problema se ve agravado por la automedicaci\u00f3n, la mala praxis m\u00e9dica, el uso indiscriminado de antibi\u00f3ticos y la capacidad de las bacterias para compartir genes de resistencia entre ellas.<\/p>\n\n\n\n<figure class=\"wp-block-gallery has-nested-images columns-default is-cropped wp-block-gallery-2 is-layout-flex wp-block-gallery-is-layout-flex\">\n<figure class=\"wp-block-image size-large\"><img decoding=\"async\" width=\"500\" height=\"500\" data-id=\"1100309\" src=\"https:\/\/dimensionturistica.com\/es\/wp-content\/uploads\/2026\/01\/TEC.jpg\" alt=\"\" class=\"wp-image-1100309\" srcset=\"https:\/\/dimensionturistica.com\/es\/wp-content\/uploads\/2026\/01\/TEC.jpg 500w, https:\/\/dimensionturistica.com\/es\/wp-content\/uploads\/2026\/01\/TEC-300x300.jpg 300w, https:\/\/dimensionturistica.com\/es\/wp-content\/uploads\/2026\/01\/TEC-150x150.jpg 150w, https:\/\/dimensionturistica.com\/es\/wp-content\/uploads\/2026\/01\/TEC-75x75.jpg 75w, https:\/\/dimensionturistica.com\/es\/wp-content\/uploads\/2026\/01\/TEC-350x350.jpg 350w\" sizes=\"(max-width: 500px) 100vw, 500px\" \/><\/figure>\n<\/figure>\n\n\n\n<p>En este contexto, un proyecto de investigaci\u00f3n desarrollado en el Tecnol\u00f3gico de Monterrey, liderado por las doctoras Mar\u00eda Luisa Del Prado Audelo y Alejandra Romero Montero, profesoras investigadoras de la Escuela de Ingenier\u00eda y Ciencias (EIC) en el Campus Ciudad de M\u00e9xico, explora una alternativa no antibi\u00f3tica para enfrentar infecciones bacterianas persistentes: el uso de nanopart\u00edculas polim\u00e9ricas biodegradables capaces de liberar compuestos naturales con actividad antimicrobiana de forma controlada.<\/p>\n\n\n\n<p>Uno de los principales retos para el tratamiento de infecciones resistentes es la formaci\u00f3n de biopel\u00edculas bacterianas, estructuras microsc\u00f3picas que permiten a las bacterias adherirse a superficies como heridas, cat\u00e9teres o implantes m\u00e9dicos. Estas biopel\u00edculas funcionan como una barrera protectora que limita la acci\u00f3n de los antibi\u00f3ticos y puede hacer que las bacterias sean hasta mil veces m\u00e1s resistentes que en su forma libre,<\/p>\n\n\n\n<figure class=\"wp-block-gallery has-nested-images columns-default is-cropped wp-block-gallery-3 is-layout-flex wp-block-gallery-is-layout-flex\">\n<figure class=\"wp-block-image size-large\"><img decoding=\"async\" width=\"500\" height=\"333\" data-id=\"1100310\" src=\"https:\/\/dimensionturistica.com\/es\/wp-content\/uploads\/2026\/01\/8TEC.jpg\" alt=\"\" class=\"wp-image-1100310\" srcset=\"https:\/\/dimensionturistica.com\/es\/wp-content\/uploads\/2026\/01\/8TEC.jpg 500w, https:\/\/dimensionturistica.com\/es\/wp-content\/uploads\/2026\/01\/8TEC-300x200.jpg 300w\" sizes=\"(max-width: 500px) 100vw, 500px\" \/><\/figure>\n<\/figure>\n\n\n\n<p>favoreciendo infecciones cr\u00f3nicas y dif\u00edciles de erradicar, especialmente en entornos<\/p>\n\n\n\n<p>hospitalarios.<\/p>\n\n\n\n<p>La investigaci\u00f3n encabezada por la Dra. Del Prado Audelo se enfoca precisamente en<\/p>\n\n\n\n<p>romper esta barrera, atacando uno de los mecanismos m\u00e1s complejos de la resistencia antimicrobiana, combinando c\u00e1psulas de nanotecnolog\u00eda e inspiraci\u00f3n en la medicina ancestral mexicana.<\/p>\n\n\n\n<p>El proyecto desarrolla nanopart\u00edculas polim\u00e9ricas biodegradables que encapsulan itoqu\u00edmicos presentes en aceites esenciales, como los derivados del or\u00e9gano, el tomillo y el comino, ingredientes conocidos desde la medicina tradicional por sus propiedades antimicrobianas.<\/p>\n\n\n\n<p>A diferencia de los antibi\u00f3ticos convencionales, que suelen actuar sobre objetivos moleculares espec\u00edficos, estos compuestos naturales presentan un mecanismo de acci\u00f3n multifactorial, lo que dificulta que las bacterias desarrollen resistencia. No obstante, su aplicaci\u00f3n directa presenta limitaciones como baja solubilidad, volatilidad y sensibilidad a factores ambientales.<\/p>\n\n\n\n<p>La nanotecnolog\u00eda que se est\u00e1 desarrollando en el Tecnol\u00f3gico de Monterrey permite<\/p>\n\n\n\n<p>superar estas barreras, al encapsular los compuestos en nanopart\u00edculas de entre 150 y 200 nan\u00f3metros, que protegen las mol\u00e9culas y permiten su liberaci\u00f3n controlada<\/p>\n\n\n\n<p>directamente en el sitio de infecci\u00f3n.<\/p>\n\n\n\n<p>La Dra. Mar\u00eda Luisa Del Prado Audelo, puntualiza que gracias a su tama\u00f1o nanom\u00e9trico, las part\u00edculas pueden penetrar la biopel\u00edcula bacteriana y liberar los compuestos bioactivos desde el interior, en una estrategia que la investigadora describe como un enfoque tipo Caballo de Troya, \u201cde esta forma, es posible desestabilizar la estructura protectora de la biopel\u00edcula y atacar a las bacterias sin recurrir a antibi\u00f3ticos tradicionales\u201d, se\u00f1ala.<\/p>\n\n\n\n<p>Las nanopart\u00edculas est\u00e1n fabricadas con PLGA (\u00e1cido polil\u00e1ctico-co-glic\u00f3lico), un pol\u00edmero biocompatible y biodegradable aprobado por la FDA, ampliamente utilizado en aplicaciones m\u00e9dicas. Tras cumplir su funci\u00f3n, el material se degrada en subproductos que el organismo puede metabolizar sin generar residuos t\u00f3xicos ni impactos ambientales negativos.<\/p>\n\n\n\n<figure class=\"wp-block-gallery has-nested-images columns-default is-cropped wp-block-gallery-4 is-layout-flex wp-block-gallery-is-layout-flex\">\n<figure class=\"wp-block-image size-large\"><img decoding=\"async\" width=\"500\" height=\"333\" data-id=\"1100350\" src=\"https:\/\/dimensionturistica.com\/es\/wp-content\/uploads\/2026\/01\/2TEC-2.jpg\" alt=\"\" class=\"wp-image-1100350\" srcset=\"https:\/\/dimensionturistica.com\/es\/wp-content\/uploads\/2026\/01\/2TEC-2.jpg 500w, https:\/\/dimensionturistica.com\/es\/wp-content\/uploads\/2026\/01\/2TEC-2-300x200.jpg 300w\" sizes=\"(max-width: 500px) 100vw, 500px\" \/><\/figure>\n<\/figure>\n\n\n\n<p>El proyecto surgi\u00f3 inicialmente con un enfoque en dispositivos m\u00e9dicos, donde la colonizaci\u00f3n bacteriana representa un riesgo constante. Posteriormente, la investigaci\u00f3n se ampli\u00f3 hacia el tratamiento de heridas cr\u00f3nicas, un problema de salud p\u00fablica relevante en M\u00e9xico y otros pa\u00edses, particularmente en pacientes con enfermedades metab\u00f3licas como diabetes u obesidad.<\/p>\n\n\n\n<p>A mediano y largo plazo, la plataforma nanotecnol\u00f3gica podr\u00eda tener aplicaciones en<\/p>\n\n\n\n<p>superficies hospitalarias, sistemas de desinfecci\u00f3n, tratamiento de agua, industria alimentaria y otros entornos donde el control microbiano es cr\u00edtico, abriendo la puerta a soluciones preventivas adem\u00e1s de terap\u00e9uticas.<\/p>\n\n\n\n<p>La filosof\u00eda del proyecto: ciencia colaborativa con impacto social. La investigaci\u00f3n se<\/p>\n\n\n\n<p>desarrolla en el laboratorio Inbiotech, adscrito a la Escuela de Ingenier\u00eda y Ciencias del Tecnol\u00f3gico de Monterrey, y cuenta con la colaboraci\u00f3n de instituciones nacionales como la Universidad Nacional Aut\u00f3noma de M\u00e9xico (UNAM), a trav\u00e9s del Instituto de Investigaciones en Materiales, y la Universidad Aut\u00f3noma Metropolitana (UAM), Unidad Iztapalapa. Estas alianzas fortalecen el an\u00e1lisis te\u00f3rico, computacional y experimental del comportamiento de los materiales a escala nanom\u00e9trica.<\/p>\n\n\n\n<figure class=\"wp-block-gallery has-nested-images columns-default is-cropped wp-block-gallery-5 is-layout-flex wp-block-gallery-is-layout-flex\">\n<figure class=\"wp-block-image size-large\"><img decoding=\"async\" width=\"500\" height=\"678\" data-id=\"1100351\" src=\"https:\/\/dimensionturistica.com\/es\/wp-content\/uploads\/2026\/01\/3TEC.jpg\" alt=\"\" class=\"wp-image-1100351\" srcset=\"https:\/\/dimensionturistica.com\/es\/wp-content\/uploads\/2026\/01\/3TEC.jpg 500w, https:\/\/dimensionturistica.com\/es\/wp-content\/uploads\/2026\/01\/3TEC-221x300.jpg 221w\" sizes=\"(max-width: 500px) 100vw, 500px\" \/><\/figure>\n<\/figure>\n\n\n\n<p>Actualmente, el proyecto se encuentra en una etapa avanzada de validaci\u00f3n experimental, mientras se analizan mecanismos de protecci\u00f3n intelectual que permitan avanzar hacia su transferencia tecnol\u00f3gica. Si bien las aplicaciones cl\u00ednicas requieren procesos rigurosos de evaluaci\u00f3n precl\u00ednica y cl\u00ednica, otras implementaciones podr\u00edan avanzar en plazos m\u00e1s cortos.<\/p>\n\n\n\n<p>Este proyecto se alinea con el enfoque de investigaci\u00f3n de la Escuela de Ingenier\u00eda y<\/p>\n\n\n\n<p>Ciencias, que impulsa soluciones cient\u00edficas orientadas a salud, sostenibilidad, envejecimiento e industria, bajo una visi\u00f3n de impacto social, econ\u00f3mico y ambiental.<\/p>\n\n\n\n<p>La Dra. Del Prado Audelo, propone un cambio de paradigma frente a la resistencia antimicrobiana: reducir la dependencia exclusiva de antibi\u00f3ticos y avanzar hacia estrategias que limiten la capacidad adaptativa de las bacterias, conectando el conocimiento cient\u00edfico con las necesidades reales de la sociedad.<\/p>\n","protected":false},"excerpt":{"rendered":"<p>Las bacterias resistentes a los antibi\u00f3ticos podr\u00edan convertirse en el futuro cercano en uno de los retos m\u00e1s urgentes para la salud p\u00fablica a nivel global. Organismos internacionales como la Organizaci\u00f3n Mundial de la Salud (OMS), la ONU y la FAO advierten que, de no modificarse las tendencias actuales, este fen\u00f3meno podr\u00eda convertirse en la [&hellip;]<\/p>\n","protected":false},"author":1,"featured_media":0,"comment_status":"open","ping_status":"closed","sticky":false,"template":"","format":"standard","meta":{"om_disable_all_campaigns":false,"jnews-multi-image_gallery":[],"jnews_single_post":[],"jnews_primary_category":[],"jnews_social_meta":[],"footnotes":""},"categories":[40],"tags":[],"class_list":["post-1100262","post","type-post","status-publish","format-standard","hentry","category-industria"],"_links":{"self":[{"href":"https:\/\/dimensionturistica.com\/es\/wp-json\/wp\/v2\/posts\/1100262","targetHints":{"allow":["GET"]}}],"collection":[{"href":"https:\/\/dimensionturistica.com\/es\/wp-json\/wp\/v2\/posts"}],"about":[{"href":"https:\/\/dimensionturistica.com\/es\/wp-json\/wp\/v2\/types\/post"}],"author":[{"embeddable":true,"href":"https:\/\/dimensionturistica.com\/es\/wp-json\/wp\/v2\/users\/1"}],"replies":[{"embeddable":true,"href":"https:\/\/dimensionturistica.com\/es\/wp-json\/wp\/v2\/comments?post=1100262"}],"version-history":[{"count":1,"href":"https:\/\/dimensionturistica.com\/es\/wp-json\/wp\/v2\/posts\/1100262\/revisions"}],"predecessor-version":[{"id":1100352,"href":"https:\/\/dimensionturistica.com\/es\/wp-json\/wp\/v2\/posts\/1100262\/revisions\/1100352"}],"wp:attachment":[{"href":"https:\/\/dimensionturistica.com\/es\/wp-json\/wp\/v2\/media?parent=1100262"}],"wp:term":[{"taxonomy":"category","embeddable":true,"href":"https:\/\/dimensionturistica.com\/es\/wp-json\/wp\/v2\/categories?post=1100262"},{"taxonomy":"post_tag","embeddable":true,"href":"https:\/\/dimensionturistica.com\/es\/wp-json\/wp\/v2\/tags?post=1100262"}],"curies":[{"name":"wp","href":"https:\/\/api.w.org\/{rel}","templated":true}]}}