{"id":1099905,"date":"2026-01-20T01:30:50","date_gmt":"2026-01-20T01:30:50","guid":{"rendered":"https:\/\/dimensionturistica.com\/es\/?p=1099905"},"modified":"2026-01-20T01:30:50","modified_gmt":"2026-01-20T01:30:50","slug":"el-recorrido-de-la-alpaca-de-los-andes-al-escenario-global","status":"publish","type":"post","link":"https:\/\/dimensionturistica.com\/es\/el-recorrido-de-la-alpaca-de-los-andes-al-escenario-global\/","title":{"rendered":"El recorrido de la alpaca: de los Andes al escenario global"},"content":{"rendered":"<h3>La Ruta de la Alpaca: Un Viaje a Trav\u00e9s de la Moda Sostenible<\/h3>\n<p>La alpaca, ese noble animal andino conocido por su suave lana, no solo representa una tradici\u00f3n milenaria, sino que tambi\u00e9n se ha convertido en el s\u00edmbolo de una nueva era en la moda: la sostenibilidad. En el coraz\u00f3n de los Andes, un movimiento est\u00e1 floreciendo, integrando t\u00e9cnicas ancestrales de tejido con dise\u00f1os contempor\u00e1neos que capturan la esencia del estilo global.<\/p>\n<h4>Or\u00edgenes Ancestrales<\/h4>\n<p>La alpaca ha sido parte fundamental de la cultura latinoamericana durante miles de a\u00f1os. Las comunidades ind\u00edgenas de Per\u00fa, Bolivia y Ecuador han utilizado su lana tanto para vestimenta como para elementos de la vida diaria, manteniendo vivas sus tradiciones a trav\u00e9s de generaciones. Este legado cultural se destaca hoy en d\u00eda, revitalizado por una nueva generaci\u00f3n de dise\u00f1adores que buscan llevar la riqueza de la tradici\u00f3n alpaca al escenario internacional.<\/p>\n<h4>Un Proceso Artesanal<\/h4>\n<p>Detr\u00e1s de cada prenda hecha de alpaca hay un proceso artesanal que merece ser conocido. Desde la crianza del animal hasta el hilado de la lana, cada paso es realizado con un profundo respeto por la naturaleza y las tradiciones. Los artesanos combinan t\u00e9cnicas ancestrales con innovaciones modernas, asegurando no solo la calidad del producto, sino tambi\u00e9n la sostenibilidad del sistema.<\/p>\n<h4>Moda Consciente<\/h4>\n<p>La moda est\u00e1 en constante transformaci\u00f3n, y la ruta de la alpaca se perfila como un ejemplo clave de c\u00f3mo se puede abordar la industria desde una perspectiva \u00e9tica y responsable. Marcas emergentes est\u00e1n tomando la delantera en este movimiento, utilizando la alpaca como su materia prima estrella. Adoptar un enfoque consciente va m\u00e1s all\u00e1 de tendencias: es una declaraci\u00f3n de intenciones que resuena con consumidores comprometidos con el entorno.<\/p>\n<h4>Impacto Social<\/h4>\n<p>El comercio de alpaca no solo fomenta la sostenibilidad ecol\u00f3gica, sino que tambi\u00e9n tiene un impacto social significativo. Las comunidades que dependen de la crianza y el procesamiento de la lana de alpaca est\u00e1n siendo empoderadas, creando oportunidades econ\u00f3micas y preservando sus tradiciones. Comprar moda que utiliza esta fibra no es solo una elecci\u00f3n estil\u00edstica; es un apoyo a la cultura y a la econom\u00eda local.<\/p>\n<h4>Una Tendencia Global<\/h4>\n<p>A medida que la conciencia sobre el impacto ambiental de la moda sigue creciendo, el inter\u00e9s por materiales sostenibles como la lana de alpaca alcanza nuevos niveles. Celebridades, influencers y dise\u00f1adores de renombre est\u00e1n incorporando esta fibra en sus colecciones, llevando la alpaca a pasarelas de todo el mundo. Esto no es solo una tendencia pasajera; es el comienzo de una transformaci\u00f3n en c\u00f3mo concebimos la moda.<\/p>\n<h4>Conclusi\u00f3n<\/h4>\n<p>La ruta de la alpaca es m\u00e1s que un trayecto geogr\u00e1fico; es un camino hacia un futuro en el que la moda no solo se vista, sino que se viva con prop\u00f3sito y responsabilidad. Integrar la alpaca en nuestro guardarropa significa abrazar la herencia de un legado que trasciende fronteras, a la vez que se asegura un futuro m\u00e1s sostenible. La moda tiene el poder de inspirar y cambiar realidades, y la alpaca es el hilo que teje esta nueva narrativa. \u00a1\u00danete a esta revoluci\u00f3n textil y lleva contigo la historia de cada prenda!<\/p>\n<p><em> &#8221; Fuentes www.vogue.mx &#8221; <\/em><\/p>\n","protected":false},"excerpt":{"rendered":"<p>La Ruta de la Alpaca: Un Viaje a Trav\u00e9s de la Moda Sostenible La alpaca, ese noble animal andino conocido por su suave lana, no solo representa una tradici\u00f3n milenaria, sino que tambi\u00e9n se ha convertido en el s\u00edmbolo de una nueva era en la moda: la sostenibilidad. En el coraz\u00f3n de los Andes, un [&hellip;]<\/p>\n","protected":false},"author":14,"featured_media":1099906,"comment_status":"open","ping_status":"closed","sticky":false,"template":"","format":"standard","meta":{"om_disable_all_campaigns":false,"jnews-multi-image_gallery":[],"jnews_single_post":[],"jnews_primary_category":[],"jnews_social_meta":[],"footnotes":""},"categories":[144872],"tags":[84416,40493,662,17801,6643,797,1605,600,15436,544,681],"class_list":["post-1099905","post","type-post","status-publish","format-standard","has-post-thumbnail","hentry","category-fashion","tag-alpaca","tag-andes","tag-cultura","tag-fauna","tag-historia","tag-mundo","tag-ruta","tag-sostenibilidad","tag-sustentabilidad","tag-turismo","tag-viaje"],"_links":{"self":[{"href":"https:\/\/dimensionturistica.com\/es\/wp-json\/wp\/v2\/posts\/1099905","targetHints":{"allow":["GET"]}}],"collection":[{"href":"https:\/\/dimensionturistica.com\/es\/wp-json\/wp\/v2\/posts"}],"about":[{"href":"https:\/\/dimensionturistica.com\/es\/wp-json\/wp\/v2\/types\/post"}],"author":[{"embeddable":true,"href":"https:\/\/dimensionturistica.com\/es\/wp-json\/wp\/v2\/users\/14"}],"replies":[{"embeddable":true,"href":"https:\/\/dimensionturistica.com\/es\/wp-json\/wp\/v2\/comments?post=1099905"}],"version-history":[{"count":1,"href":"https:\/\/dimensionturistica.com\/es\/wp-json\/wp\/v2\/posts\/1099905\/revisions"}],"predecessor-version":[{"id":1099907,"href":"https:\/\/dimensionturistica.com\/es\/wp-json\/wp\/v2\/posts\/1099905\/revisions\/1099907"}],"wp:featuredmedia":[{"embeddable":true,"href":"https:\/\/dimensionturistica.com\/es\/wp-json\/wp\/v2\/media\/1099906"}],"wp:attachment":[{"href":"https:\/\/dimensionturistica.com\/es\/wp-json\/wp\/v2\/media?parent=1099905"}],"wp:term":[{"taxonomy":"category","embeddable":true,"href":"https:\/\/dimensionturistica.com\/es\/wp-json\/wp\/v2\/categories?post=1099905"},{"taxonomy":"post_tag","embeddable":true,"href":"https:\/\/dimensionturistica.com\/es\/wp-json\/wp\/v2\/tags?post=1099905"}],"curies":[{"name":"wp","href":"https:\/\/api.w.org\/{rel}","templated":true}]}}