{"id":1099894,"date":"2026-01-20T00:59:36","date_gmt":"2026-01-20T00:59:36","guid":{"rendered":"https:\/\/dimensionturistica.com\/es\/?p=1099894"},"modified":"2026-01-20T00:59:36","modified_gmt":"2026-01-20T00:59:36","slug":"las-3-tendencias-de-peinados-mas-buscadas-en-londres-actualmente","status":"publish","type":"post","link":"https:\/\/dimensionturistica.com\/es\/las-3-tendencias-de-peinados-mas-buscadas-en-londres-actualmente\/","title":{"rendered":"Las 3 Tendencias de Peinados M\u00e1s Buscadas en Londres Actualmente."},"content":{"rendered":"<h3>Tendencias de Cortes de Cabello para Invierno 2026: Innovaci\u00f3n y Estilo en Cada Hebra<\/h3>\n<p>El invierno de 2026 promete ser una temporada vibrante en el \u00e1mbito de la moda, y el cabello no es la excepci\u00f3n. Con nuevas tendencias que fusionan modernidad y nostalgia, los cortes de cabello se convierten en una declaraci\u00f3n de intenciones. Aqu\u00ed exploramos las propuestas m\u00e1s destacadas que est\u00e1n listas para conquistar las calles y las pasarelas.<\/p>\n<h4>1. <strong>La Nueva Cortina: Capas Suaves y Estructuradas<\/strong><\/h4>\n<p>Este invierno, el corte de cortina se reinventa. Las capas suaves y elegantes, que caen en cascada, ofrecen una forma vers\u00e1til y din\u00e1mica. Este estilo crea un marco perfecto para el rostro, permitiendo jugar con diferentes texturas y acabados. Ideal para aquellos que buscan un look definido pero adaptable, este corte promete ser el favorito de la temporada.<\/p>\n<h4>2. <strong>El Bob Desestructurado: Elegancia sin Esfuerzo<\/strong><\/h4>\n<p>El bob sigue siendo un cl\u00e1sico, pero en esta temporada se adopta un enfoque m\u00e1s desestructurado. Las puntas irregulares y un acabado ligeramente despeinado aportan un aire fresco y desenfadado. Perfecto para aquellas personas que eligen la comodidad sin sacrificar la elegancia, este corte se adapta f\u00e1cilmente a cualquier evento, desde una reuni\u00f3n casual hasta una noche de gala.<\/p>\n<h4>3. <strong>Pixie Moderno: Cortes Cortos Con Personalidad<\/strong><\/h4>\n<p>El pixie regresa con fuerza, ofreciendo versatilidad y un sentido de audacia. Este corte extremadamente corto puede ser estilizado en formas innovadoras, permitiendo a cada persona expresar su individualidad. Con tintes vivos y dise\u00f1os asim\u00e9tricos, los pixies se convierten en una opci\u00f3n audaz y digna de las miradas.<\/p>\n<h4>4. <strong>Curtain Bangs con Toque Retro<\/strong><\/h4>\n<p>Las cortinas de flequillo o &#8220;curtain bangs&#8221; contin\u00faan en auge, pero su evoluci\u00f3n este invierno se centra en un estilo m\u00e1s retro. Con un acabado suave que enmarca el rostro, ofrecen un juego de luces y sombras que resalta la naturalidad del cabello. Este corte se puede combinar f\u00e1cilmente con diferentes estilos, desde ondas sueltas hasta looks m\u00e1s pulidos.<\/p>\n<h4>5. <strong>Cortes Geom\u00e9tricos: Precisi\u00f3n y Modernidad<\/strong><\/h4>\n<p>La geometr\u00eda se apodera de los estilos de cabello, con cortes que presentan l\u00edneas definidas y simetr\u00edas impactantes. Estos cortes, que van desde la mand\u00edbula hasta la nuca, son ideales para quienes buscan un estilo audaz que mantenga un balance entre lo formal y lo moderno. Combinados con colores atrevidos y acabados brillantes, estos looks prometen atraer todas las miradas.<\/p>\n<h4>6. <strong>Long Bob Asim\u00e9trico: La Versatilidad en su M\u00e1xima Expresi\u00f3n<\/strong><\/h4>\n<p>El long bob asim\u00e9trico es perfecto para quienes no quieren comprometerse con un corte extremadamente corto. Este estilo ofrece longitud en la parte posterior y una ca\u00edda m\u00e1s corta en el frente. Su naturaleza adaptable permite experimentar con diferentes texturas, desde lisos sedosos hasta ondas deshechas, convirti\u00e9ndolo en una opci\u00f3n ideal para cualquier ocasi\u00f3n.<\/p>\n<h3>La Paleta de Colores del Invierno<\/h3>\n<p>El cabello no solo se trata del corte, sino tambi\u00e9n del color. Para esta temporada, los tonos c\u00e1lidos y terrosos dominar\u00e1n, aportando un toque de calidez incluso en los d\u00edas m\u00e1s fr\u00edos. Los reflejos sutiles y las balayages en tonos casta\u00f1os, miel y caoba se convertir\u00e1n en el complemento perfecto para cada uno de estos estilos.<\/p>\n<h3>Conclusi\u00f3n<\/h3>\n<p>El invierno de 2026 marca un punto de inflexi\u00f3n en la manera en que se perciben los cortes de cabello. Desde la elegancia del bob desestructurado hasta la audacia del pixie moderno, cada estilo ofrece una oportunidad para expresarse y destacar. Con estas tendencias, este invierno se abrir\u00e1n nuevas posibilidades est\u00e9ticas que prometen redefinir lo que entendemos por moda capilar. \u00a1Es el momento de jugar, experimentar y, sobre todo, lucir espectacular!<\/p>\n<p><em> &#8221; Fuentes www.vogue.com &#8221; <\/em><\/p>\n","protected":false},"excerpt":{"rendered":"<p>Tendencias de Cortes de Cabello para Invierno 2026: Innovaci\u00f3n y Estilo en Cada Hebra El invierno de 2026 promete ser una temporada vibrante en el \u00e1mbito de la moda, y el cabello no es la excepci\u00f3n. Con nuevas tendencias que fusionan modernidad y nostalgia, los cortes de cabello se convierten en una declaraci\u00f3n de intenciones. [&hellip;]<\/p>\n","protected":false},"author":14,"featured_media":1099895,"comment_status":"open","ping_status":"closed","sticky":false,"template":"","format":"standard","meta":{"om_disable_all_campaigns":false,"jnews-multi-image_gallery":[],"jnews_single_post":[],"jnews_primary_category":[],"jnews_social_meta":[],"footnotes":""},"categories":[144872],"tags":[72867,204903,166,104106,89127,204906,264292,56455,139972,204905,204902,6194,201510],"class_list":["post-1099894","post","type-post","status-publish","format-standard","has-post-thumbnail","hentry","category-fashion","tag-beauty","tag-bobs","tag-fashion","tag-grooming","tag-haircuts","tag-hairstyle-trends","tag-in-demand","tag-london","tag-long-hair","tag-short-hair","tag-short-haircuts","tag-trends","tag-winter-beauty"],"_links":{"self":[{"href":"https:\/\/dimensionturistica.com\/es\/wp-json\/wp\/v2\/posts\/1099894","targetHints":{"allow":["GET"]}}],"collection":[{"href":"https:\/\/dimensionturistica.com\/es\/wp-json\/wp\/v2\/posts"}],"about":[{"href":"https:\/\/dimensionturistica.com\/es\/wp-json\/wp\/v2\/types\/post"}],"author":[{"embeddable":true,"href":"https:\/\/dimensionturistica.com\/es\/wp-json\/wp\/v2\/users\/14"}],"replies":[{"embeddable":true,"href":"https:\/\/dimensionturistica.com\/es\/wp-json\/wp\/v2\/comments?post=1099894"}],"version-history":[{"count":1,"href":"https:\/\/dimensionturistica.com\/es\/wp-json\/wp\/v2\/posts\/1099894\/revisions"}],"predecessor-version":[{"id":1099896,"href":"https:\/\/dimensionturistica.com\/es\/wp-json\/wp\/v2\/posts\/1099894\/revisions\/1099896"}],"wp:featuredmedia":[{"embeddable":true,"href":"https:\/\/dimensionturistica.com\/es\/wp-json\/wp\/v2\/media\/1099895"}],"wp:attachment":[{"href":"https:\/\/dimensionturistica.com\/es\/wp-json\/wp\/v2\/media?parent=1099894"}],"wp:term":[{"taxonomy":"category","embeddable":true,"href":"https:\/\/dimensionturistica.com\/es\/wp-json\/wp\/v2\/categories?post=1099894"},{"taxonomy":"post_tag","embeddable":true,"href":"https:\/\/dimensionturistica.com\/es\/wp-json\/wp\/v2\/tags?post=1099894"}],"curies":[{"name":"wp","href":"https:\/\/api.w.org\/{rel}","templated":true}]}}