{"id":1099839,"date":"2026-01-19T22:19:41","date_gmt":"2026-01-19T22:19:41","guid":{"rendered":"https:\/\/dimensionturistica.com\/es\/?p=1099839"},"modified":"2026-01-19T22:19:41","modified_gmt":"2026-01-19T22:19:41","slug":"fallece-a-los-93-anos-valentino-garavani-renombrado-disenador-de-moda","status":"publish","type":"post","link":"https:\/\/dimensionturistica.com\/es\/fallece-a-los-93-anos-valentino-garavani-renombrado-disenador-de-moda\/","title":{"rendered":"Fallece a los 93 a\u00f1os Valentino Garavani, renombrado dise\u00f1ador de moda."},"content":{"rendered":"<p><strong>Un Legado Inigualable: La Huella de Valentino Garavani en el Mundo de la Moda<\/strong><\/p>\n<p>La industria de la moda ha perdido a un verdadero gigante. Valentino Garavani, uno de los dise\u00f1adores m\u00e1s emblem\u00e1ticos y venerados del siglo XX y XXI, ha fallecido a los 93 a\u00f1os, dejando tras de s\u00ed un legado que transform\u00f3 el panorama del vestuario y de la alta costura.<\/p>\n<p>Nacido en Italia, Valentino mostr\u00f3 desde joven su inclinaci\u00f3n por el arte y la moda. Su carrera despeg\u00f3 en la d\u00e9cada de 1960, cuando comenz\u00f3 a fusionar elegancia y modernidad, creando piezas que se convirtieron en sin\u00f3nimo de sofisticaci\u00f3n. Su estilo caracter\u00edstico, cargado de glamur, se identificaba por el uso atrevido del color rojo y por siluetas que realzaban la figura femenina. Este distintivo tono, conocido como &#8220;Rojo Valentino&#8221;, se convirti\u00f3 en un s\u00edmbolo de poder y sensualidad, llev\u00e1ndolo a convertirse en la elecci\u00f3n de numerosas celebridades.<\/p>\n<p>La llegada de Valentino a la alta costura marc\u00f3 un antes y un despu\u00e9s. Con una destreza inigualable en el arte del drapeado y la confecci\u00f3n, sus dise\u00f1os lograron capturar la atenci\u00f3n de la \u00e9lite social y art\u00edstica. Desde las alfombras rojas hasta los eventos m\u00e1s exclusivos, sus creaciones eran el ep\u00edtome del estilo audaz y la perfecci\u00f3n artesanal.<\/p>\n<p>Entre los momentos m\u00e1s memorables de su carrera, se puede destacar el famoso desfile de 1989 en el que las modelos se pintaron de rojo ante una multitud at\u00f3nita. Este audaz giro no solo celebr\u00f3 su color ic\u00f3nico, sino que consolid\u00f3 su lugar en la historia de la moda. En cada desfile, Valentino logr\u00f3 contar una historia, llevando a los espectadores a un mundo donde la fantas\u00eda y la realidad se entrelazaban.<\/p>\n<p>A lo largo de su trayectoria, Valentino colabor\u00f3 con numerosas figuras influyentes, desde actrices hasta m\u00fasicos, consolidando su estatus como el dise\u00f1ador favorito de muchos. Iconos como Jacqueline Kennedy y Elizabeth Taylor lucieron sus vestidos, convirti\u00e9ndose en musas que inmortalizaron su talento.<\/p>\n<p>Con la evoluci\u00f3n de la moda y la llegada de nuevas generaciones de dise\u00f1adores, Valentino supo adaptarse sin perder su esencia. Su legado perdura no solo a trav\u00e9s de sus creaciones emblem\u00e1ticas, sino tambi\u00e9n mediante la influencia que ha ejercido en la pr\u00f3xima ola de talentos. Las nuevas generaciones de dise\u00f1adores siguen encontrando inspiraci\u00f3n en su valent\u00eda, su pasi\u00f3n y su dedicaci\u00f3n a un arte que va m\u00e1s all\u00e1 de lo est\u00e9tico.<\/p>\n<p>La partida de Valentino Garavani deja un vac\u00edo significativo en el coraz\u00f3n de la moda. Sin embargo, su visi\u00f3n audaz y su dedicaci\u00f3n a la belleza continuar\u00e1n guiando a la industria hacia el futuro. A trav\u00e9s de sus dise\u00f1os, su esp\u00edritu vivir\u00e1 eternamente, record\u00e1ndonos que la moda es una forma de arte que trasciende el tiempo, emocionando y conectando a personas de todo el mundo. <\/p>\n<p>As\u00ed, la historia de Valentino no es solo la de un dise\u00f1ador; es la de un creador que elev\u00f3 la moda a un nivel casi celestial, un legado que perdurar\u00e1 por generaciones. \u00a1Un verdadero \u00edcono que ha dejado una huella imborrable!<\/p>\n<p><em> &#8221; Fuentes www.vogue.mx &#8221; <\/em><\/p>\n","protected":false},"excerpt":{"rendered":"<p>Un Legado Inigualable: La Huella de Valentino Garavani en el Mundo de la Moda La industria de la moda ha perdido a un verdadero gigante. Valentino Garavani, uno de los dise\u00f1adores m\u00e1s emblem\u00e1ticos y venerados del siglo XX y XXI, ha fallecido a los 93 a\u00f1os, dejando tras de s\u00ed un legado que transform\u00f3 el [&hellip;]<\/p>\n","protected":false},"author":14,"featured_media":1099840,"comment_status":"open","ping_status":"closed","sticky":false,"template":"","format":"standard","meta":{"om_disable_all_campaigns":false,"jnews-multi-image_gallery":[],"jnews_single_post":[],"jnews_primary_category":[],"jnews_social_meta":[],"footnotes":""},"categories":[144872],"tags":[132697,12340,264272,7758,14906,202402,17473,659,66001,206267,225516],"class_list":["post-1099839","post","type-post","status-publish","format-standard","has-post-thumbnail","hentry","category-fashion","tag-93-anos","tag-carrera","tag-disenador-de-moda","tag-estilo","tag-fallecimiento","tag-icono-de-la-moda","tag-legado","tag-moda","tag-tributo","tag-valentino","tag-valentino-garavani"],"_links":{"self":[{"href":"https:\/\/dimensionturistica.com\/es\/wp-json\/wp\/v2\/posts\/1099839","targetHints":{"allow":["GET"]}}],"collection":[{"href":"https:\/\/dimensionturistica.com\/es\/wp-json\/wp\/v2\/posts"}],"about":[{"href":"https:\/\/dimensionturistica.com\/es\/wp-json\/wp\/v2\/types\/post"}],"author":[{"embeddable":true,"href":"https:\/\/dimensionturistica.com\/es\/wp-json\/wp\/v2\/users\/14"}],"replies":[{"embeddable":true,"href":"https:\/\/dimensionturistica.com\/es\/wp-json\/wp\/v2\/comments?post=1099839"}],"version-history":[{"count":1,"href":"https:\/\/dimensionturistica.com\/es\/wp-json\/wp\/v2\/posts\/1099839\/revisions"}],"predecessor-version":[{"id":1099841,"href":"https:\/\/dimensionturistica.com\/es\/wp-json\/wp\/v2\/posts\/1099839\/revisions\/1099841"}],"wp:featuredmedia":[{"embeddable":true,"href":"https:\/\/dimensionturistica.com\/es\/wp-json\/wp\/v2\/media\/1099840"}],"wp:attachment":[{"href":"https:\/\/dimensionturistica.com\/es\/wp-json\/wp\/v2\/media?parent=1099839"}],"wp:term":[{"taxonomy":"category","embeddable":true,"href":"https:\/\/dimensionturistica.com\/es\/wp-json\/wp\/v2\/categories?post=1099839"},{"taxonomy":"post_tag","embeddable":true,"href":"https:\/\/dimensionturistica.com\/es\/wp-json\/wp\/v2\/tags?post=1099839"}],"curies":[{"name":"wp","href":"https:\/\/api.w.org\/{rel}","templated":true}]}}