{"id":1099816,"date":"2026-01-19T21:13:59","date_gmt":"2026-01-19T21:13:59","guid":{"rendered":"https:\/\/dimensionturistica.com\/es\/?p=1099816"},"modified":"2026-01-19T21:13:59","modified_gmt":"2026-01-19T21:13:59","slug":"presentara-morelos-ante-el-mundo-su-riqueza-cultural-gastronomica-y-destinos-en-fitur-2026","status":"publish","type":"post","link":"https:\/\/dimensionturistica.com\/es\/presentara-morelos-ante-el-mundo-su-riqueza-cultural-gastronomica-y-destinos-en-fitur-2026\/","title":{"rendered":"Presentar\u00e1 Morelos ante el mundo su riqueza cultural, gastron\u00f3mica y destinos en Fitur 2026"},"content":{"rendered":"\n<p><\/p>\n\n\n\n<figure class=\"wp-block-gallery has-nested-images columns-default is-cropped wp-block-gallery-1 is-layout-flex wp-block-gallery-is-layout-flex\">\n<figure class=\"wp-block-image size-large\"><img decoding=\"async\" width=\"500\" height=\"139\" data-id=\"1099817\" src=\"https:\/\/dimensionturistica.com\/es\/wp-content\/uploads\/2026\/01\/1MORE.jpg\" alt=\"\" class=\"wp-image-1099817\" srcset=\"https:\/\/dimensionturistica.com\/es\/wp-content\/uploads\/2026\/01\/1MORE.jpg 500w, https:\/\/dimensionturistica.com\/es\/wp-content\/uploads\/2026\/01\/1MORE-300x83.jpg 300w\" sizes=\"(max-width: 500px) 100vw, 500px\" \/><\/figure>\n<\/figure>\n\n\n\n<p>La gobernadora Margarita Gonz\u00e1lez Saravia anunci\u00f3 que Morelos presentar\u00e1 su riqueza natural, cultural, gastron\u00f3mica, as\u00ed como sus destinos y servicios tur\u00edsticos en la Feria Internacional de Turismo (FITUR) Espa\u00f1a 2026, que se celebrar\u00e1 del 21 al 25 de enero en Madrid.<\/p>\n\n\n\n<p>En rueda de prensa, la mandataria estatal subray\u00f3 que el prop\u00f3sito central es posicionar a nivel internacional a \u201cLa tierra que nos une\u201d y consolidar al turismo como motor de bienestar social, empleo local y fortalecimiento territorial, mediante la participaci\u00f3n de autoridades estatales, municipios, empresarios y especialistas del sector.<\/p>\n\n\n\n<p>Explic\u00f3 que la visita forma parte de la invitaci\u00f3n extendida a M\u00e9xico como pa\u00eds socio del evento, lo que permitir\u00e1 que las 32 entidades presenten su oferta tur\u00edstica ante m\u00e1s de 100 mil profesionales del ramo, nueve mil empresas expositoras y delegaciones de 150 pa\u00edses.<\/p>\n\n\n\n<figure class=\"wp-block-gallery has-nested-images columns-default is-cropped wp-block-gallery-2 is-layout-flex wp-block-gallery-is-layout-flex\">\n<figure class=\"wp-block-image size-large\"><img decoding=\"async\" width=\"500\" height=\"334\" data-id=\"1099818\" src=\"https:\/\/dimensionturistica.com\/es\/wp-content\/uploads\/2026\/01\/5MORE.jpg\" alt=\"\" class=\"wp-image-1099818\" srcset=\"https:\/\/dimensionturistica.com\/es\/wp-content\/uploads\/2026\/01\/5MORE.jpg 500w, https:\/\/dimensionturistica.com\/es\/wp-content\/uploads\/2026\/01\/5MORE-300x200.jpg 300w\" sizes=\"(max-width: 500px) 100vw, 500px\" \/><\/figure>\n<\/figure>\n\n\n\n<p>En el caso de Morelos, se dise\u00f1\u00f3 una agenda estrat\u00e9gica para proyectar los 18 segmentos tur\u00edsticos, adem\u00e1s de sus cuatro Pueblos M\u00e1gicos, zonas arqueol\u00f3gicas, gastronom\u00eda, y experiencias de turismo comunitario, especialmente atractivas para el mercado europeo.<\/p>\n\n\n\n<p>\u201cPara nosotros es fundamental que Morelos aproveche esta oportunidad, hemos desarrollado nuevos productos tur\u00edsticos que atraer\u00e1n visitantes internacionales. Por ello se conform\u00f3 una comitiva s\u00f3lida que dar\u00e1 al estado el posicionamiento que merece; participar\u00e1n empresarios y presidentes municipales -quienes cubrir\u00e1n sus propios gastos-, adem\u00e1s de una representaci\u00f3n del Gobierno del Estado\u201d, afirm\u00f3 Margarita Gonz\u00e1lez Saravia.<\/p>\n\n\n\n<p>Por su parte, el secretario de Turismo, Daniel Altafi Valladares, destac\u00f3 que, tras siete a\u00f1os sin participaci\u00f3n, Morelos regresa a FITUR, un desaf\u00edo que permitir\u00e1 reconstruir relaciones con tour operadores internacionales, generar alianzas estrat\u00e9gicas e impulsar inversi\u00f3n tur\u00edstica.<\/p>\n\n\n\n<figure class=\"wp-block-gallery has-nested-images columns-default is-cropped wp-block-gallery-3 is-layout-flex wp-block-gallery-is-layout-flex\">\n<figure class=\"wp-block-image size-large\"><img decoding=\"async\" width=\"500\" height=\"758\" data-id=\"1099820\" src=\"https:\/\/dimensionturistica.com\/es\/wp-content\/uploads\/2026\/01\/9MORE.jpg\" alt=\"\" class=\"wp-image-1099820\" srcset=\"https:\/\/dimensionturistica.com\/es\/wp-content\/uploads\/2026\/01\/9MORE.jpg 500w, https:\/\/dimensionturistica.com\/es\/wp-content\/uploads\/2026\/01\/9MORE-198x300.jpg 198w\" sizes=\"(max-width: 500px) 100vw, 500px\" \/><\/figure>\n<\/figure>\n\n\n\n<p>Entre las actividades que se desarrollar\u00e1n en el Centro de Convenciones de Ifema, destacan: \u201cLa gran mesa de M\u00e9xico\u201d, muestra gastron\u00f3mica en la que participar\u00e1 la reconocida cocinera tradicional Sof\u00eda Cruz, de Tetelcingo; la firma de un convenio para atraer al estado la carrera ciclista \u201cDesaf\u00edo Morelos by La Vuelta a Espa\u00f1a\u201d; un encuentro con ONU Turismo para presentar el Observatorio Tur\u00edstico; reuniones y acuerdos en foros estrat\u00e9gicos con actores internacionales.<\/p>\n\n\n\n<p>Daniel Altafi agreg\u00f3 que la participaci\u00f3n de Morelos se alinea al objetivo planteado por la presidenta de M\u00e9xico, Claudia Sheinbaum Pardo, y respaldado por la secretaria federal de Turismo, Josefina Rodr\u00edguez Zamora, de colocar a M\u00e9xico entre los cinco pa\u00edses m\u00e1s visitados del mundo; \u201crepresentaremos con orgullo a nuestro estado y reafirmaremos que Morelos es, sin duda, la primavera de M\u00e9xico\u201d, concluy\u00f3.<\/p>\n","protected":false},"excerpt":{"rendered":"<p>La gobernadora Margarita Gonz\u00e1lez Saravia anunci\u00f3 que Morelos presentar\u00e1 su riqueza natural, cultural, gastron\u00f3mica, as\u00ed como sus destinos y servicios tur\u00edsticos en la Feria Internacional de Turismo (FITUR) Espa\u00f1a 2026, que se celebrar\u00e1 del 21 al 25 de enero en Madrid. En rueda de prensa, la mandataria estatal subray\u00f3 que el prop\u00f3sito central es posicionar [&hellip;]<\/p>\n","protected":false},"author":1,"featured_media":0,"comment_status":"open","ping_status":"closed","sticky":false,"template":"","format":"standard","meta":{"om_disable_all_campaigns":false,"jnews-multi-image_gallery":[],"jnews_single_post":[],"jnews_primary_category":[],"jnews_social_meta":[],"footnotes":""},"categories":[39],"tags":[],"class_list":["post-1099816","post","type-post","status-publish","format-standard","hentry","category-viajes"],"_links":{"self":[{"href":"https:\/\/dimensionturistica.com\/es\/wp-json\/wp\/v2\/posts\/1099816","targetHints":{"allow":["GET"]}}],"collection":[{"href":"https:\/\/dimensionturistica.com\/es\/wp-json\/wp\/v2\/posts"}],"about":[{"href":"https:\/\/dimensionturistica.com\/es\/wp-json\/wp\/v2\/types\/post"}],"author":[{"embeddable":true,"href":"https:\/\/dimensionturistica.com\/es\/wp-json\/wp\/v2\/users\/1"}],"replies":[{"embeddable":true,"href":"https:\/\/dimensionturistica.com\/es\/wp-json\/wp\/v2\/comments?post=1099816"}],"version-history":[{"count":1,"href":"https:\/\/dimensionturistica.com\/es\/wp-json\/wp\/v2\/posts\/1099816\/revisions"}],"predecessor-version":[{"id":1099821,"href":"https:\/\/dimensionturistica.com\/es\/wp-json\/wp\/v2\/posts\/1099816\/revisions\/1099821"}],"wp:attachment":[{"href":"https:\/\/dimensionturistica.com\/es\/wp-json\/wp\/v2\/media?parent=1099816"}],"wp:term":[{"taxonomy":"category","embeddable":true,"href":"https:\/\/dimensionturistica.com\/es\/wp-json\/wp\/v2\/categories?post=1099816"},{"taxonomy":"post_tag","embeddable":true,"href":"https:\/\/dimensionturistica.com\/es\/wp-json\/wp\/v2\/tags?post=1099816"}],"curies":[{"name":"wp","href":"https:\/\/api.w.org\/{rel}","templated":true}]}}