{"id":1099799,"date":"2026-01-19T20:45:29","date_gmt":"2026-01-19T20:45:29","guid":{"rendered":"https:\/\/dimensionturistica.com\/es\/?p=1099799"},"modified":"2026-01-19T20:45:29","modified_gmt":"2026-01-19T20:45:29","slug":"gloria-guevara-es-nombrada-presidenta-y-ceo-del-wttc-para-liderar-una-nueva-etapa-del-turismo-global","status":"publish","type":"post","link":"https:\/\/dimensionturistica.com\/es\/gloria-guevara-es-nombrada-presidenta-y-ceo-del-wttc-para-liderar-una-nueva-etapa-del-turismo-global\/","title":{"rendered":"Gloria Guevara es nombrada Presidenta y CEO del WTTC para liderar una nueva etapa del turismo global"},"content":{"rendered":"\n<p><\/p>\n\n\n\n<figure class=\"wp-block-gallery has-nested-images columns-default is-cropped wp-block-gallery-1 is-layout-flex wp-block-gallery-is-layout-flex\">\n<figure class=\"wp-block-image size-large\"><img decoding=\"async\" width=\"500\" height=\"492\" data-id=\"1099800\" src=\"https:\/\/dimensionturistica.com\/es\/wp-content\/uploads\/2026\/01\/1GLORIA.jpg\" alt=\"\" class=\"wp-image-1099800\" srcset=\"https:\/\/dimensionturistica.com\/es\/wp-content\/uploads\/2026\/01\/1GLORIA.jpg 500w, https:\/\/dimensionturistica.com\/es\/wp-content\/uploads\/2026\/01\/1GLORIA-300x295.jpg 300w, https:\/\/dimensionturistica.com\/es\/wp-content\/uploads\/2026\/01\/1GLORIA-75x75.jpg 75w\" sizes=\"(max-width: 500px) 100vw, 500px\" \/><\/figure>\n<\/figure>\n\n\n\n<p>El Consejo Mundial de Viajes y Turismo (WTTC, por sus siglas en ingl\u00e9s), organismo l\u00edder del sector privado de la industria tur\u00edstica a nivel global, anunci\u00f3 hoy el nombramiento de Gloria Guevara como su nueva Presidenta y CEO.<\/p>\n\n\n\n<p>Guevara regresa al cargo que desempe\u00f1\u00f3 exitosamente entre 2017 y 2021, con m\u00e1s de tres d\u00e9cadas de experiencia en los m\u00e1s altos niveles del sector p\u00fablico y privado. Su liderazgo se ha distinguido por una visi\u00f3n estrat\u00e9gica, una capacidad probada para generar consensos y un enfoque colaborativo que ha sido clave para enfrentar los grandes retos de la industria a nivel internacional.<\/p>\n\n\n\n<p>A lo largo de su trayectoria ha ocupado posiciones de alto nivel, entre ellas Secretaria de Turismo de M\u00e9xico, Asesora Especial del Ministro de Turismo de Arabia Saudita, Asesora Especial en Asuntos Gubernamentales en la Escuela de Salud P\u00fablica Harvard TH Chan, y consejera en empresas globales como AMEX Global Business Travel, HSBC M\u00e9xico, Playa Hotels &amp; Resorts y Palace Company. Ha sido reconocida por diversos medios internacionales como una de las figuras m\u00e1s influyentes del turismo global y ha sido ampliamente valorada por su liderazgo en la gesti\u00f3n de crisis, particularmente durante la recuperaci\u00f3n del sector tras la pandemia de Covid-19.<\/p>\n\n\n\n<figure class=\"wp-block-gallery has-nested-images columns-default is-cropped wp-block-gallery-2 is-layout-flex wp-block-gallery-is-layout-flex\">\n<figure class=\"wp-block-image size-large\"><img decoding=\"async\" width=\"500\" height=\"707\" data-id=\"1099801\" src=\"https:\/\/dimensionturistica.com\/es\/wp-content\/uploads\/2026\/01\/3GLORIA.jpg\" alt=\"\" class=\"wp-image-1099801\" srcset=\"https:\/\/dimensionturistica.com\/es\/wp-content\/uploads\/2026\/01\/3GLORIA.jpg 500w, https:\/\/dimensionturistica.com\/es\/wp-content\/uploads\/2026\/01\/3GLORIA-212x300.jpg 212w\" sizes=\"(max-width: 500px) 100vw, 500px\" \/><\/figure>\n<\/figure>\n\n\n\n<p>Su nombramiento marca una nueva etapa para el WTTC, enfocada en fortalecer su relevancia global, ampliar los servicios a sus miembros y reforzar su papel como principal organismo de representaci\u00f3n del sector privado de viajes y turismo. El Consejo agrupa a m\u00e1s de 200 l\u00edderes empresariales de la industria a nivel mundial, con presencia en todos los segmentos clave, desde hoteler\u00eda y aviaci\u00f3n hasta cruceros, salud y tecnolog\u00eda.<\/p>\n\n\n\n<p>\u201cMe siento honrada de regresar al WTTC en un momento clave para el sector. Mi prioridad ser\u00e1 impulsar la inversi\u00f3n, el crecimiento y la creaci\u00f3n de empleo; fortalecer un WTTC m\u00e1s representativo a nivel global; profundizar el v\u00ednculo con nuestros miembros; y continuar ofreciendo estudios de investigaci\u00f3n, representaci\u00f3n y servicios de clase mundial para la industria de viajes y turismo\u201d, se\u00f1al\u00f3 Gloria Guevara.<\/p>\n\n\n\n<p>Por su parte, Manfredi Lefebvre, Presidente del Consejo de Administraci\u00f3n del WTTC indic\u00f3 que: \u201cEl liderazgo y la experiencia de Gloria son exactamente lo que el WTTC necesita para esta nueva etapa. Su regreso nos permitir\u00e1 fortalecer nuestro equipo, ampliar nuestra membres\u00eda y reforzar nuestra labor de representaci\u00f3n global con una energ\u00eda renovada\u201d.<\/p>\n\n\n\n<p>Bajo su liderazgo, el WTTC continuar\u00e1 impulsando una agenda global enfocada en el crecimiento sostenible del turismo, la atracci\u00f3n de inversi\u00f3n, el desarrollo del talento y la colaboraci\u00f3n entre los sectores p\u00fablico y privado, consolidando su papel como una de las voces m\u00e1s influyentes de la industria a nivel mundial.<\/p>\n","protected":false},"excerpt":{"rendered":"<p>El Consejo Mundial de Viajes y Turismo (WTTC, por sus siglas en ingl\u00e9s), organismo l\u00edder del sector privado de la industria tur\u00edstica a nivel global, anunci\u00f3 hoy el nombramiento de Gloria Guevara como su nueva Presidenta y CEO. Guevara regresa al cargo que desempe\u00f1\u00f3 exitosamente entre 2017 y 2021, con m\u00e1s de tres d\u00e9cadas de [&hellip;]<\/p>\n","protected":false},"author":1,"featured_media":0,"comment_status":"open","ping_status":"closed","sticky":false,"template":"","format":"standard","meta":{"om_disable_all_campaigns":false,"jnews-multi-image_gallery":[],"jnews_single_post":[],"jnews_primary_category":[],"jnews_social_meta":[],"footnotes":""},"categories":[39],"tags":[],"class_list":["post-1099799","post","type-post","status-publish","format-standard","hentry","category-viajes"],"_links":{"self":[{"href":"https:\/\/dimensionturistica.com\/es\/wp-json\/wp\/v2\/posts\/1099799","targetHints":{"allow":["GET"]}}],"collection":[{"href":"https:\/\/dimensionturistica.com\/es\/wp-json\/wp\/v2\/posts"}],"about":[{"href":"https:\/\/dimensionturistica.com\/es\/wp-json\/wp\/v2\/types\/post"}],"author":[{"embeddable":true,"href":"https:\/\/dimensionturistica.com\/es\/wp-json\/wp\/v2\/users\/1"}],"replies":[{"embeddable":true,"href":"https:\/\/dimensionturistica.com\/es\/wp-json\/wp\/v2\/comments?post=1099799"}],"version-history":[{"count":1,"href":"https:\/\/dimensionturistica.com\/es\/wp-json\/wp\/v2\/posts\/1099799\/revisions"}],"predecessor-version":[{"id":1099802,"href":"https:\/\/dimensionturistica.com\/es\/wp-json\/wp\/v2\/posts\/1099799\/revisions\/1099802"}],"wp:attachment":[{"href":"https:\/\/dimensionturistica.com\/es\/wp-json\/wp\/v2\/media?parent=1099799"}],"wp:term":[{"taxonomy":"category","embeddable":true,"href":"https:\/\/dimensionturistica.com\/es\/wp-json\/wp\/v2\/categories?post=1099799"},{"taxonomy":"post_tag","embeddable":true,"href":"https:\/\/dimensionturistica.com\/es\/wp-json\/wp\/v2\/tags?post=1099799"}],"curies":[{"name":"wp","href":"https:\/\/api.w.org\/{rel}","templated":true}]}}