{"id":1099690,"date":"2026-01-19T17:57:40","date_gmt":"2026-01-19T17:57:40","guid":{"rendered":"https:\/\/dimensionturistica.com\/es\/?p=1099690"},"modified":"2026-01-19T17:57:40","modified_gmt":"2026-01-19T17:57:40","slug":"asetur-fortalece-la-agenda-nacional-de-turismo-desde-fitur-2026","status":"publish","type":"post","link":"https:\/\/dimensionturistica.com\/es\/asetur-fortalece-la-agenda-nacional-de-turismo-desde-fitur-2026\/","title":{"rendered":"ASETUR fortalece la agenda nacional de turismo desde FITUR 2026"},"content":{"rendered":"\n<figure class=\"wp-block-gallery has-nested-images columns-default is-cropped wp-block-gallery-1 is-layout-flex wp-block-gallery-is-layout-flex\">\n<figure class=\"wp-block-image size-large\"><img decoding=\"async\" width=\"500\" height=\"105\" data-id=\"1099692\" src=\"https:\/\/dimensionturistica.com\/es\/wp-content\/uploads\/2026\/01\/1ASETUR.jpg\" alt=\"\" class=\"wp-image-1099692\" srcset=\"https:\/\/dimensionturistica.com\/es\/wp-content\/uploads\/2026\/01\/1ASETUR.jpg 500w, https:\/\/dimensionturistica.com\/es\/wp-content\/uploads\/2026\/01\/1ASETUR-300x63.jpg 300w\" sizes=\"(max-width: 500px) 100vw, 500px\" \/><\/figure>\n<\/figure>\n\n\n\n<p>En el marco de la Feria Internacional de Turismo (FITUR) 2026, las Secretarias y los Secretarios de Turismo de M\u00e9xico celebraron una reuni\u00f3n de trabajo con el objetivo de fortalecer la coordinaci\u00f3n nacional del sector, alinear estrategias de promoci\u00f3n, sostenibilidad y financiamiento, y consolidar al turismo como una prioridad estrat\u00e9gica para el desarrollo econ\u00f3mico y social del pa\u00eds, bajo el lema de ASETUR: Hagamos del turismo una prioridad para M\u00e9xico.<\/p>\n\n\n\n<p>La reuni\u00f3n fue encabezada por Bernardo Cueto Riestra, secretario de Turismo de Quintana Roo y presidente de ASETUR, quien dio la bienvenida a las y los titulares estatales, destacando la importancia de construir una agenda com\u00fan que permita potenciar la competitividad de los destinos tur\u00edsticos de M\u00e9xico en los mercados internacionales, con una visi\u00f3n de largo plazo, colaboraci\u00f3n y corresponsabilidad.<\/p>\n\n\n\n<figure class=\"wp-block-gallery has-nested-images columns-default is-cropped wp-block-gallery-2 is-layout-flex wp-block-gallery-is-layout-flex\">\n<figure class=\"wp-block-image size-large\"><img decoding=\"async\" width=\"500\" height=\"333\" data-id=\"1099695\" src=\"https:\/\/dimensionturistica.com\/es\/wp-content\/uploads\/2026\/01\/22ASETUR.jpg\" alt=\"\" class=\"wp-image-1099695\" srcset=\"https:\/\/dimensionturistica.com\/es\/wp-content\/uploads\/2026\/01\/22ASETUR.jpg 500w, https:\/\/dimensionturistica.com\/es\/wp-content\/uploads\/2026\/01\/22ASETUR-300x200.jpg 300w\" sizes=\"(max-width: 500px) 100vw, 500px\" \/><\/figure>\n<\/figure>\n\n\n\n<p>Durante la sesi\u00f3n, se cont\u00f3 con la participaci\u00f3n de Gloria Guevara Manzo, presidenta y directora ejecutiva del Consejo Mundial de Viajes y Turismo (WTTC, por sus siglas en ingl\u00e9s), quien comparti\u00f3 una visi\u00f3n global sobre los retos y oportunidades del turismo a nivel internacional, as\u00ed como la relevancia de M\u00e9xico como una de las principales potencias tur\u00edsticas del mundo.<\/p>\n\n\n\n<figure class=\"wp-block-gallery has-nested-images columns-default is-cropped wp-block-gallery-3 is-layout-flex wp-block-gallery-is-layout-flex\">\n<figure class=\"wp-block-image size-large\"><img decoding=\"async\" width=\"500\" height=\"333\" data-id=\"1099697\" src=\"https:\/\/dimensionturistica.com\/es\/wp-content\/uploads\/2026\/01\/3ASETUR.jpg\" alt=\"\" class=\"wp-image-1099697\" srcset=\"https:\/\/dimensionturistica.com\/es\/wp-content\/uploads\/2026\/01\/3ASETUR.jpg 500w, https:\/\/dimensionturistica.com\/es\/wp-content\/uploads\/2026\/01\/3ASETUR-300x200.jpg 300w\" sizes=\"(max-width: 500px) 100vw, 500px\" \/><\/figure>\n<\/figure>\n\n\n\n<p>Asimismo, representantes del sector empresarial nacional presentaron propuestas orientadas al fortalecimiento de la industria tur\u00edstica, entre ellos Antonio Cos\u00edo Pando, presidente del Consejo Nacional Empresarial Tur\u00edstico (CNET), y Jorge Paoli D\u00edaz, presidente de la Asociaci\u00f3n Nacional de Cadenas Hoteleras (ANCH), quienes coincidieron en la necesidad de mantener una estrecha colaboraci\u00f3n p\u00fablico-privada para impulsar la inversi\u00f3n, la conectividad y la competitividad de los destinos.<\/p>\n\n\n\n<p>En materia de financiamiento, BBVA M\u00e9xico y Banco Santander M\u00e9xico presentaron iniciativas estrat\u00e9gicas para el impulso al sector tur\u00edstico, enfocadas en el desarrollo de proyectos, el acompa\u00f1amiento a empresas del sector y el fortalecimiento de las econom\u00edas locales, reconociendo al turismo como un eje clave para el crecimiento del pa\u00eds.<\/p>\n\n\n\n<figure class=\"wp-block-gallery has-nested-images columns-default is-cropped wp-block-gallery-4 is-layout-flex wp-block-gallery-is-layout-flex\">\n<figure class=\"wp-block-image size-large\"><img decoding=\"async\" width=\"500\" height=\"333\" data-id=\"1099699\" src=\"https:\/\/dimensionturistica.com\/es\/wp-content\/uploads\/2026\/01\/2ASETUR.jpg\" alt=\"\" class=\"wp-image-1099699\" srcset=\"https:\/\/dimensionturistica.com\/es\/wp-content\/uploads\/2026\/01\/2ASETUR.jpg 500w, https:\/\/dimensionturistica.com\/es\/wp-content\/uploads\/2026\/01\/2ASETUR-300x200.jpg 300w\" sizes=\"(max-width: 500px) 100vw, 500px\" \/><\/figure>\n<\/figure>\n\n\n\n<p>Uno de los momentos centrales de la reuni\u00f3n fue la presentaci\u00f3n de la Gu\u00eda de Buenas Pr\u00e1cticas de las 32 entidades federativas, a cargo de la Comisi\u00f3n de Sustentabilidad de ASETUR, coordinada por Maricarmen Mart\u00ednez Villarreal, secretaria de Turismo de Nuevo Le\u00f3n, con el objetivo de homologar criterios y promover un turismo m\u00e1s sostenible, responsable e incluyente en todo el territorio nacional.<\/p>\n\n\n\n<figure class=\"wp-block-gallery has-nested-images columns-default is-cropped wp-block-gallery-5 is-layout-flex wp-block-gallery-is-layout-flex\">\n<figure class=\"wp-block-image size-large\"><img decoding=\"async\" width=\"500\" height=\"333\" data-id=\"1099701\" src=\"https:\/\/dimensionturistica.com\/es\/wp-content\/uploads\/2026\/01\/7SETUR.jpg\" alt=\"\" class=\"wp-image-1099701\" srcset=\"https:\/\/dimensionturistica.com\/es\/wp-content\/uploads\/2026\/01\/7SETUR.jpg 500w, https:\/\/dimensionturistica.com\/es\/wp-content\/uploads\/2026\/01\/7SETUR-300x200.jpg 300w\" sizes=\"(max-width: 500px) 100vw, 500px\" \/><\/figure>\n<\/figure>\n\n\n\n<p>El encuentro incluy\u00f3 un di\u00e1logo un interactivo entre las Secretarias y los Secretarios de Turismo de M\u00e9xico, touroperadores, inversionistas e invitados especiales, orientado a generar alianzas, compartir experiencias y fortalecer la presencia de los destinos mexicanos en los mercados internacionales.<\/p>\n\n\n\n<figure class=\"wp-block-gallery has-nested-images columns-default is-cropped wp-block-gallery-6 is-layout-flex wp-block-gallery-is-layout-flex\">\n<figure class=\"wp-block-image size-large\"><img decoding=\"async\" width=\"500\" height=\"333\" data-id=\"1099702\" src=\"https:\/\/dimensionturistica.com\/es\/wp-content\/uploads\/2026\/01\/8ASETUR.jpg\" alt=\"\" class=\"wp-image-1099702\" srcset=\"https:\/\/dimensionturistica.com\/es\/wp-content\/uploads\/2026\/01\/8ASETUR.jpg 500w, https:\/\/dimensionturistica.com\/es\/wp-content\/uploads\/2026\/01\/8ASETUR-300x200.jpg 300w\" sizes=\"(max-width: 500px) 100vw, 500px\" \/><\/figure>\n<\/figure>\n\n\n\n<p>La reuni\u00f3n fue clausurada por la gobernadora de Quintana Roo, Mara Lezama Espinosa, presidenta de la Comisi\u00f3n de Turismo de la CONAGO, quien reafirm\u00f3 el compromiso de los gobiernos estatales de seguir trabajando de manera coordinada para que el turismo contin\u00fae siendo una herramienta de bienestar social, prosperidad compartida y desarrollo sostenible para las comunidades.<\/p>\n\n\n\n<figure class=\"wp-block-gallery has-nested-images columns-default is-cropped wp-block-gallery-7 is-layout-flex wp-block-gallery-is-layout-flex\">\n<figure class=\"wp-block-image size-large\"><img decoding=\"async\" width=\"500\" height=\"333\" data-id=\"1099703\" src=\"https:\/\/dimensionturistica.com\/es\/wp-content\/uploads\/2026\/01\/4ASETUR.jpg\" alt=\"\" class=\"wp-image-1099703\" srcset=\"https:\/\/dimensionturistica.com\/es\/wp-content\/uploads\/2026\/01\/4ASETUR.jpg 500w, https:\/\/dimensionturistica.com\/es\/wp-content\/uploads\/2026\/01\/4ASETUR-300x200.jpg 300w\" sizes=\"(max-width: 500px) 100vw, 500px\" \/><\/figure>\n<\/figure>\n\n\n\n<p>Con este encuentro, ASETUR refrenda su papel como espacio de coordinaci\u00f3n estrat\u00e9gica nacional y su compromiso de seguir impulsando acciones concretas para hacer del turismo una prioridad para M\u00e9xico.<\/p>\n","protected":false},"excerpt":{"rendered":"<p>En el marco de la Feria Internacional de Turismo (FITUR) 2026, las Secretarias y los Secretarios de Turismo de M\u00e9xico celebraron una reuni\u00f3n de trabajo con el objetivo de fortalecer la coordinaci\u00f3n nacional del sector, alinear estrategias de promoci\u00f3n, sostenibilidad y financiamiento, y consolidar al turismo como una prioridad estrat\u00e9gica para el desarrollo econ\u00f3mico y [&hellip;]<\/p>\n","protected":false},"author":1,"featured_media":0,"comment_status":"open","ping_status":"closed","sticky":false,"template":"","format":"standard","meta":{"om_disable_all_campaigns":false,"jnews-multi-image_gallery":[],"jnews_single_post":{"format":"standard"},"jnews_primary_category":[],"jnews_social_meta":[],"footnotes":""},"categories":[39],"tags":[],"class_list":["post-1099690","post","type-post","status-publish","format-standard","hentry","category-viajes"],"_links":{"self":[{"href":"https:\/\/dimensionturistica.com\/es\/wp-json\/wp\/v2\/posts\/1099690","targetHints":{"allow":["GET"]}}],"collection":[{"href":"https:\/\/dimensionturistica.com\/es\/wp-json\/wp\/v2\/posts"}],"about":[{"href":"https:\/\/dimensionturistica.com\/es\/wp-json\/wp\/v2\/types\/post"}],"author":[{"embeddable":true,"href":"https:\/\/dimensionturistica.com\/es\/wp-json\/wp\/v2\/users\/1"}],"replies":[{"embeddable":true,"href":"https:\/\/dimensionturistica.com\/es\/wp-json\/wp\/v2\/comments?post=1099690"}],"version-history":[{"count":1,"href":"https:\/\/dimensionturistica.com\/es\/wp-json\/wp\/v2\/posts\/1099690\/revisions"}],"predecessor-version":[{"id":1099704,"href":"https:\/\/dimensionturistica.com\/es\/wp-json\/wp\/v2\/posts\/1099690\/revisions\/1099704"}],"wp:attachment":[{"href":"https:\/\/dimensionturistica.com\/es\/wp-json\/wp\/v2\/media?parent=1099690"}],"wp:term":[{"taxonomy":"category","embeddable":true,"href":"https:\/\/dimensionturistica.com\/es\/wp-json\/wp\/v2\/categories?post=1099690"},{"taxonomy":"post_tag","embeddable":true,"href":"https:\/\/dimensionturistica.com\/es\/wp-json\/wp\/v2\/tags?post=1099690"}],"curies":[{"name":"wp","href":"https:\/\/api.w.org\/{rel}","templated":true}]}}