{"id":1099686,"date":"2026-01-19T17:34:24","date_gmt":"2026-01-19T17:34:24","guid":{"rendered":"https:\/\/dimensionturistica.com\/es\/?p=1099686"},"modified":"2026-01-19T17:34:24","modified_gmt":"2026-01-19T17:34:24","slug":"una-celebracion-en-rojo-homenaje-a-la-elegancia-de-valentino-garavani","status":"publish","type":"post","link":"https:\/\/dimensionturistica.com\/es\/una-celebracion-en-rojo-homenaje-a-la-elegancia-de-valentino-garavani\/","title":{"rendered":"Una Celebraci\u00f3n en Rojo: Homenaje a la Elegancia de Valentino Garavani"},"content":{"rendered":"<h3>La Celebraci\u00f3n de un Legado: El Vestido Rojo que Conquist\u00f3 Corazones<\/h3>\n<p>La moda tiene una forma \u00fanica de conjugar expresiones art\u00edsticas y emociones profundas. En este sentido, un reciente evento ha reavivado no solo el amor por la alta costura, sino tambi\u00e9n la memoria de un \u00edcono: Valentino Garavani. La exc\u00e9ntrica celebraci\u00f3n en torno a un majestuoso vestido rojo se convierte en un homenaje vibrante que, sin duda, resonar\u00e1 en el coraz\u00f3n de los entusiastas de la moda.<\/p>\n<p>Imaginemos por un momento el dramatismo de un vestido rojo, evocador y seductor, que captura la esencia de una \u00e9poca. Este evento fue m\u00e1s que una simple exhibici\u00f3n de moda; fue un viaje por la trayectoria de un dise\u00f1ador que redefini\u00f3 el glamour y la elegancia. Valentino, conocido por su inigualable habilidad para trabajar con teluricidades, ha dejado un legado que sigue inspirando a generaciones de creativos.<\/p>\n<p>La selecci\u00f3n del dress code fue un gui\u00f1o a la obra maestra de Valentino, donde los asistentes se vistieron de rojo, creando una atm\u00f3sfera envolvente que parec\u00eda rendir tributo al mismo coraz\u00f3n del dise\u00f1ador. En cada pliegue y cada corte, el rojo simbolizaba no solo amor, sino tambi\u00e9n una historia de pasi\u00f3n, dedicaci\u00f3n y arte. <\/p>\n<p>Las im\u00e1genes del evento han comenzado a circular r\u00e1pidamente por las redes sociales, atrapando la atenci\u00f3n de fashionistas y curiosos por igual. La capacidad del rojo para captar la luz y las miradas convierte cada fotograf\u00eda en una obra de arte. Los participantes no solo llevaban puesto un color; estaban portando una declaraci\u00f3n, un s\u00edmbolo de comunidad y admiraci\u00f3n por un talento que logr\u00f3 transformar simples telas en emociones palpables.<\/p>\n<p>Cada conversaci\u00f3n en las mesas y pasillos del evento giraba alrededor de c\u00f3mo Valentino logr\u00f3, a lo largo de su carrera, tocar las fibras m\u00e1s sensibles de quienes portan su arte. Su estilo inconfundible, representado magistralmente en el vestido rojo, evoca recuerdos de pasarelas e historias que han hecho historia. En un mundo en constante evoluci\u00f3n, este tributo destaca la importancia de recordar y celebrar la herencia que ha influenciado a la moda contempor\u00e1nea.<\/p>\n<p>La interacci\u00f3n en redes sociales, donde hashtags relacionados con el evento comenzaban a multiplicarse, promovi\u00f3 un di\u00e1logo din\u00e1mico entre lo cl\u00e1sico y lo moderno. La imagen del vestido rojo, en su esplendor, no solo ocupaba el centro del evento, sino que se convirti\u00f3 en el emblema de una comunidad que no olvida a sus \u00edconos.<\/p>\n<p>En este mundo pulsante donde la velocidad de la moda puede hacer que las tendencias surjan y desaparezcan en un abrir y cerrar de ojos, el homenaje a Valentino Garavani y su vestido rojo representa una pausa significativa. Es un recordatorio de que algunas cosas, como el buen gusto y la dedicaci\u00f3n al arte, son atemporales. Cada vez que alguien se vista de rojo, esa chispa de Valentino perseverar\u00e1, resonando en el lienzo vibrante de la moda.<\/p>\n<p>La celebraci\u00f3n de este vestido rojo es un recordatorio imperecedero de que en el universo de la alta costura, cada creaci\u00f3n lleva consigo una historia digna de contar. As\u00ed, este homenaje no solo retiene la esencia de un pasado glorioso, sino que invita a todos los amantes de la moda a seguir explorando y redescubriendo el poder de la elegancia y la creatividad. \u00a1Porque en la moda, cada color cuenta una historia y cada vestido tiene el poder de cautivar!<\/p>\n<p><em> &#8221; Fuentes www.vogue.com &#8221; <\/em><\/p>\n","protected":false},"excerpt":{"rendered":"<p>La Celebraci\u00f3n de un Legado: El Vestido Rojo que Conquist\u00f3 Corazones La moda tiene una forma \u00fanica de conjugar expresiones art\u00edsticas y emociones profundas. En este sentido, un reciente evento ha reavivado no solo el amor por la alta costura, sino tambi\u00e9n la memoria de un \u00edcono: Valentino Garavani. La exc\u00e9ntrica celebraci\u00f3n en torno a [&hellip;]<\/p>\n","protected":false},"author":14,"featured_media":1099687,"comment_status":"open","ping_status":"closed","sticky":false,"template":"","format":"standard","meta":{"om_disable_all_campaigns":false,"jnews-multi-image_gallery":[],"jnews_single_post":[],"jnews_primary_category":[],"jnews_social_meta":[],"footnotes":""},"categories":[144872],"tags":[69359,89166,198691,166,25759,264253,264252,372,72687,206267,225516],"class_list":["post-1099686","post","type-post","status-publish","format-standard","has-post-thumbnail","hentry","category-fashion","tag-celebration","tag-designer","tag-elegance","tag-fashion","tag-gala","tag-in-memoriam","tag-red-dress","tag-style","tag-tribute","tag-valentino","tag-valentino-garavani"],"_links":{"self":[{"href":"https:\/\/dimensionturistica.com\/es\/wp-json\/wp\/v2\/posts\/1099686","targetHints":{"allow":["GET"]}}],"collection":[{"href":"https:\/\/dimensionturistica.com\/es\/wp-json\/wp\/v2\/posts"}],"about":[{"href":"https:\/\/dimensionturistica.com\/es\/wp-json\/wp\/v2\/types\/post"}],"author":[{"embeddable":true,"href":"https:\/\/dimensionturistica.com\/es\/wp-json\/wp\/v2\/users\/14"}],"replies":[{"embeddable":true,"href":"https:\/\/dimensionturistica.com\/es\/wp-json\/wp\/v2\/comments?post=1099686"}],"version-history":[{"count":1,"href":"https:\/\/dimensionturistica.com\/es\/wp-json\/wp\/v2\/posts\/1099686\/revisions"}],"predecessor-version":[{"id":1099688,"href":"https:\/\/dimensionturistica.com\/es\/wp-json\/wp\/v2\/posts\/1099686\/revisions\/1099688"}],"wp:featuredmedia":[{"embeddable":true,"href":"https:\/\/dimensionturistica.com\/es\/wp-json\/wp\/v2\/media\/1099687"}],"wp:attachment":[{"href":"https:\/\/dimensionturistica.com\/es\/wp-json\/wp\/v2\/media?parent=1099686"}],"wp:term":[{"taxonomy":"category","embeddable":true,"href":"https:\/\/dimensionturistica.com\/es\/wp-json\/wp\/v2\/categories?post=1099686"},{"taxonomy":"post_tag","embeddable":true,"href":"https:\/\/dimensionturistica.com\/es\/wp-json\/wp\/v2\/tags?post=1099686"}],"curies":[{"name":"wp","href":"https:\/\/api.w.org\/{rel}","templated":true}]}}